{"id":1002,"date":"2020-11-26T23:00:44","date_gmt":"2020-11-26T22:00:44","guid":{"rendered":"http:\/\/erim.ief.hr\/?p=1002"},"modified":"2021-01-19T11:29:41","modified_gmt":"2021-01-19T10:29:41","slug":"cant-relax-auf-der-balkanroute","status":"publish","type":"post","link":"https:\/\/erim.ief.hr\/en\/predavanja-i-tribine\/cant-relax-auf-der-balkanroute\/","title":{"rendered":"Can\u00b4t Relax auf der Balkanroute"},"content":{"rendered":"<p>Dr. sc. Marijana Hamer\u0161ak sudjelovala je 26. studenog 2020. u raspravi o tzv. balkanskoj ruti odr\u017eanoj u organizaciji<strong> <\/strong> Bellevue di Monaco i Bayerischer Fl\u00fcchtlingsrat. <\/p>\n\n\n\n<figure class=\"wp-block-embed-youtube wp-block-embed is-type-video is-provider-youtube wp-embed-aspect-16-9 wp-has-aspect-ratio\"><div class=\"wp-block-embed__wrapper\">\n<iframe loading=\"lazy\" title=\"Can\u00b4t Relax auf der Balkanroute\" width=\"840\" height=\"473\" src=\"https:\/\/www.youtube.com\/embed\/BjoT82KCEZ0?feature=oembed\" frameborder=\"0\" allow=\"accelerometer; autoplay; clipboard-write; encrypted-media; gyroscope; picture-in-picture\" allowfullscreen><\/iframe>\n<\/div><\/figure>","protected":false},"excerpt":{"rendered":"<p>Dr. sc. Marijana Hamer\u0161ak sudjelovala je 26. studenog 2020. u raspravi o tzv. balkanskoj ruti odr\u017eanoj u organizaciji Bellevue di Monaco i Bayerischer Fl\u00fcchtlingsrat.<\/p>","protected":false},"author":2,"featured_media":938,"comment_status":"closed","ping_status":"closed","sticky":false,"template":"","format":"standard","meta":{"_monsterinsights_skip_tracking":false,"_monsterinsights_sitenote_active":false,"_monsterinsights_sitenote_note":"","_monsterinsights_sitenote_category":0,"kk_blocks_editor_width":"","_kiokenblocks_attr":"","_kiokenblocks_dimensions":""},"categories":[28,4],"tags":[],"aioseo_notices":[],"featured_image_src":"https:\/\/erim.ief.hr\/wp-content\/uploads\/2020\/09\/20181026_152933-scaled.jpg","featured_image_src_square":"https:\/\/erim.ief.hr\/wp-content\/uploads\/2020\/09\/20181026_152933-scaled.jpg","author_info":{"display_name":"Marijana Hamersak","author_link":"https:\/\/erim.ief.hr\/en\/author\/marijana\/"},"category_info":"<a href=\"https:\/\/erim.ief.hr\/en\/category\/predavanja-i-tribine\/predavanja-tribine\/\" rel=\"category tag\">predavanja i tribine<\/a>, <a href=\"https:\/\/erim.ief.hr\/en\/category\/predavanja-i-tribine\/\" rel=\"category tag\">znanstvene konferencije, predavanja i tribine<\/a>","tags_info":"","social_share_info":"<a data-share=\"facebook\" href=\"https:\/\/www.facebook.com\/sharer.php?u=https:\/\/erim.ief.hr\/en\/predavanja-i-tribine\/cant-relax-auf-der-balkanroute\/\" class=\"tb-facebook-share social-share-default tb-social-share\" target=\"_blank\"><i class=\"fab fa-facebook-f\" aria-hidden=\"true\"><\/i><\/a><a data-share=\"twitter\" href=\"https:\/\/twitter.com\/share?url=https:\/\/erim.ief.hr\/en\/predavanja-i-tribine\/cant-relax-auf-der-balkanroute\/\" class=\"tb-twiiter-share social-share-default tb-social-share\" target=\"_blank\"><i class=\"fab fa-twitter\" aria-hidden=\"true\"><\/i><\/a><a data-share=\"linkedin\" href=\"https:\/\/www.linkedin.com\/shareArticle?url=https:\/\/erim.ief.hr\/en\/predavanja-i-tribine\/cant-relax-auf-der-balkanroute\/\" class=\"tb-linkedin-share social-share-default tb-social-share\" target=\"_blank\"><i class=\"fab fa-linkedin-in\" aria-hidden=\"true\"><\/i><\/a>","wordExcerpt_info":"<p><!-- wp:paragraph {\"kioblocks\":[]} --><\/p>\n<p>Dr. sc. Marijana Hamer\u0161ak sudjelovala je 26. studenog 2020. u raspravi o tzv. balkanskoj ruti odr\u017eanoj u organizaciji<strong> <\/strong> Bellevue di Monaco i Bayerischer Fl\u00fcchtlingsrat. <\/p>\n<p><!-- \/wp:paragraph --><\/p>\n<p><!-- wp:core-embed\/youtube {\"url\":\"https:\\\/\\\/www.youtube.com\\\/watch?v=BjoT82KCEZ0\",\"type\":\"video\",\"providerNameSlug\":\"youtube\",\"className\":\"wp-embed-aspect-16-9 wp-has-aspect-ratio\",\"kioblocks\":[]} --><\/p>\n<figure class=\"wp-block-embed-youtube wp-block-embed is-type-video is-provider-youtube wp-embed-aspect-16-9 wp-has-aspect-ratio\">\n<div class=\"wp-block-embed__wrapper\">\nhttps:\/\/www.youtube.com\/watch?v=BjoT82KCEZ0\n<\/div>\n<\/figure>\n<p><!-- \/wp:core-embed\/youtube --><\/p>\n","comment_info":"0","_links":{"self":[{"href":"https:\/\/erim.ief.hr\/en\/wp-json\/wp\/v2\/posts\/1002"}],"collection":[{"href":"https:\/\/erim.ief.hr\/en\/wp-json\/wp\/v2\/posts"}],"about":[{"href":"https:\/\/erim.ief.hr\/en\/wp-json\/wp\/v2\/types\/post"}],"author":[{"embeddable":true,"href":"https:\/\/erim.ief.hr\/en\/wp-json\/wp\/v2\/users\/2"}],"replies":[{"embeddable":true,"href":"https:\/\/erim.ief.hr\/en\/wp-json\/wp\/v2\/comments?post=1002"}],"version-history":[{"count":2,"href":"https:\/\/erim.ief.hr\/en\/wp-json\/wp\/v2\/posts\/1002\/revisions"}],"predecessor-version":[{"id":1383,"href":"https:\/\/erim.ief.hr\/en\/wp-json\/wp\/v2\/posts\/1002\/revisions\/1383"}],"wp:featuredmedia":[{"embeddable":true,"href":"https:\/\/erim.ief.hr\/en\/wp-json\/wp\/v2\/media\/938"}],"wp:attachment":[{"href":"https:\/\/erim.ief.hr\/en\/wp-json\/wp\/v2\/media?parent=1002"}],"wp:term":[{"taxonomy":"category","embeddable":true,"href":"https:\/\/erim.ief.hr\/en\/wp-json\/wp\/v2\/categories?post=1002"},{"taxonomy":"post_tag","embeddable":true,"href":"https:\/\/erim.ief.hr\/en\/wp-json\/wp\/v2\/tags?post=1002"}],"curies":[{"name":"wp","href":"https:\/\/api.w.org\/{rel}","templated":true}]}}