{"id":1485,"date":"2020-12-18T21:08:22","date_gmt":"2020-12-18T20:08:22","guid":{"rendered":"http:\/\/erim.ief.hr\/?p=1485"},"modified":"2022-08-20T12:35:36","modified_gmt":"2022-08-20T10:35:36","slug":"odrzana-istrazivacka-radionica","status":"publish","type":"post","link":"https:\/\/erim.ief.hr\/en\/radionice-i-sastanci\/radionice\/odrzana-istrazivacka-radionica\/","title":{"rendered":"Odr\u017eana istra\u017eiva\u010dka projektna radionica"},"content":{"rendered":"<p>Online projektna istra\u017eiva\u010dka radionica o \u017eanrovski i koncepcijskim zna\u010dajkama dru\u0161tvenohumanisti\u010dkih pojmovnika odr\u017eana je 18. prosinca 2020. godine. Suradnici projekta na radionici su predstavili izabrane pojmovnike i raspravljali o mogu\u0107im koncepcijama pojmovnika europskog re\u017eima iregulariziranih migracija na periferiji EU.<\/p>\n\n\n\n<figure class=\"wp-block-image size-large is-style-default\"><img src=\"http:\/\/erim.ief.hr\/wp-content\/uploads\/2020\/12\/ERIM-radionica-1024x576.png\" alt=\"\" class=\"wp-image-1483\"\/><figcaption>ERIM radionica, 18. 12. 2020.<\/figcaption><\/figure>","protected":false},"excerpt":{"rendered":"<p>Online projektna istra\u017eiva\u010dka radionica o \u017eanrovski i koncepcijskim zna\u010dajkama dru\u0161tvenohumanisti\u010dkih pojmovnika odr\u017eana je 18. prosinca 2020. godine. Suradnici projekta na radionici su predstavili izabrane pojmovnike i raspravljali o mogu\u0107im &hellip;<\/p>","protected":false},"author":2,"featured_media":1483,"comment_status":"closed","ping_status":"closed","sticky":false,"template":"","format":"standard","meta":{"_monsterinsights_skip_tracking":false,"_monsterinsights_sitenote_active":false,"_monsterinsights_sitenote_note":"","_monsterinsights_sitenote_category":0,"kk_blocks_editor_width":"","_kiokenblocks_attr":"","_kiokenblocks_dimensions":""},"categories":[30,7,29],"tags":[],"aioseo_notices":[],"featured_image_src":"https:\/\/erim.ief.hr\/wp-content\/uploads\/2020\/12\/ERIM-radionica.png","featured_image_src_square":"https:\/\/erim.ief.hr\/wp-content\/uploads\/2020\/12\/ERIM-radionica.png","author_info":{"display_name":"Marijana Hamersak","author_link":"https:\/\/erim.ief.hr\/en\/author\/marijana\/"},"category_info":"<a href=\"https:\/\/erim.ief.hr\/en\/category\/radionice-i-sastanci\/radionice\/projektne-radionice\/\" rel=\"category tag\">projektne radionice<\/a>, <a href=\"https:\/\/erim.ief.hr\/en\/category\/radionice-i-sastanci\/radionice\/\" rel=\"category tag\">radionice<\/a>, <a href=\"https:\/\/erim.ief.hr\/en\/category\/radionice-i-sastanci\/\" rel=\"category tag\">sastanci, radionice i seminari<\/a>","tags_info":"","social_share_info":"<a data-share=\"facebook\" href=\"https:\/\/www.facebook.com\/sharer.php?u=https:\/\/erim.ief.hr\/en\/radionice-i-sastanci\/radionice\/odrzana-istrazivacka-radionica\/\" class=\"tb-facebook-share social-share-default tb-social-share\" target=\"_blank\"><i class=\"fab fa-facebook-f\" aria-hidden=\"true\"><\/i><\/a><a data-share=\"twitter\" href=\"https:\/\/twitter.com\/share?url=https:\/\/erim.ief.hr\/en\/radionice-i-sastanci\/radionice\/odrzana-istrazivacka-radionica\/\" class=\"tb-twiiter-share social-share-default tb-social-share\" target=\"_blank\"><i class=\"fab fa-twitter\" aria-hidden=\"true\"><\/i><\/a><a data-share=\"linkedin\" href=\"https:\/\/www.linkedin.com\/shareArticle?url=https:\/\/erim.ief.hr\/en\/radionice-i-sastanci\/radionice\/odrzana-istrazivacka-radionica\/\" class=\"tb-linkedin-share social-share-default tb-social-share\" target=\"_blank\"><i class=\"fab fa-linkedin-in\" aria-hidden=\"true\"><\/i><\/a>","wordExcerpt_info":"<p><!-- wp:paragraph {\"kioblocks\":[]} --><\/p>\n<p>Online projektna istra\u017eiva\u010dka radionica o \u017eanrovski i koncepcijskim zna\u010dajkama dru\u0161tvenohumanisti\u010dkih pojmovnika odr\u017eana je 18. prosinca 2020. godine. Suradnici projekta na radionici su predstavili izabrane pojmovnike i raspravljali o mogu\u0107im koncepcijama pojmovnika europskog re\u017eima iregulariziranih migracija na periferiji EU.<\/p>\n<p><!-- \/wp:paragraph --><\/p>\n<p><!-- wp:image {\"id\":1483,\"sizeSlug\":\"large\",\"className\":\"is-style-default\",\"kioblocks\":[]} --><\/p>\n<figure class=\"wp-block-image size-large is-style-default\"><img src=\"http:\/\/erim.ief.hr\/wp-content\/uploads\/2020\/12\/ERIM-radionica-1024x576.png\" alt=\"\" class=\"wp-image-1483\" \/><figcaption>ERIM radionica, 18. 12. 2020.<\/figcaption><\/figure>\n<p><!-- \/wp:image --><\/p>\n","comment_info":"0","_links":{"self":[{"href":"https:\/\/erim.ief.hr\/en\/wp-json\/wp\/v2\/posts\/1485"}],"collection":[{"href":"https:\/\/erim.ief.hr\/en\/wp-json\/wp\/v2\/posts"}],"about":[{"href":"https:\/\/erim.ief.hr\/en\/wp-json\/wp\/v2\/types\/post"}],"author":[{"embeddable":true,"href":"https:\/\/erim.ief.hr\/en\/wp-json\/wp\/v2\/users\/2"}],"replies":[{"embeddable":true,"href":"https:\/\/erim.ief.hr\/en\/wp-json\/wp\/v2\/comments?post=1485"}],"version-history":[{"count":3,"href":"https:\/\/erim.ief.hr\/en\/wp-json\/wp\/v2\/posts\/1485\/revisions"}],"predecessor-version":[{"id":1570,"href":"https:\/\/erim.ief.hr\/en\/wp-json\/wp\/v2\/posts\/1485\/revisions\/1570"}],"wp:featuredmedia":[{"embeddable":true,"href":"https:\/\/erim.ief.hr\/en\/wp-json\/wp\/v2\/media\/1483"}],"wp:attachment":[{"href":"https:\/\/erim.ief.hr\/en\/wp-json\/wp\/v2\/media?parent=1485"}],"wp:term":[{"taxonomy":"category","embeddable":true,"href":"https:\/\/erim.ief.hr\/en\/wp-json\/wp\/v2\/categories?post=1485"},{"taxonomy":"post_tag","embeddable":true,"href":"https:\/\/erim.ief.hr\/en\/wp-json\/wp\/v2\/tags?post=1485"}],"curies":[{"name":"wp","href":"https:\/\/api.w.org\/{rel}","templated":true}]}}