{"id":1493,"date":"2020-12-20T20:38:17","date_gmt":"2020-12-20T19:38:17","guid":{"rendered":"http:\/\/erim.ief.hr\/?p=1493"},"modified":"2022-08-01T15:50:32","modified_gmt":"2022-08-01T13:50:32","slug":"ciklus-umjetnicko-istrazivackih-radionica","status":"publish","type":"post","link":"https:\/\/erim.ief.hr\/en\/publikacije\/ciklus-umjetnicko-istrazivackih-radionica\/","title":{"rendered":"Ciklus umjetni\u010dko-istra\u017eiva\u010dkih radionica: The Passage"},"content":{"rendered":"<div class=\"wp-block-group\"><div class=\"wp-block-group__inner-container\">\n<p class=\"has-text-align-left\">U nastavku na ovogodi\u0161nje aktivnosti transmigrantskog kolektiva \u017dene \u017eenama, prije svega &nbsp; ru\u010dnu izradu sedam metara dugog transparenta \u201e<a rel=\"noreferrer noopener\" href=\"https:\/\/selmabanich.org\/index#\/osmi-mart\/\" target=\"_blank\">Ne mogu nas sve pobiti: love and rage<\/a>\u201c te ERIM-ova  etnografska terenska istra\u017eivanja u Karlova\u010dkoj \u017eupaniji u ljeto i jesen 2020. godine, u studenom i prosincu 2020. godina u prostorijama <a rel=\"noreferrer noopener\" href=\"https:\/\/ziviatelje.dk\/\" target=\"_blank\">\u017divog ateljea DK <\/a>u Zagrebu odr\u017ean je ciklus umjetni\u010dko-istra\u017eiva\u010dkih radionica posve\u0107enih smrtima na granicama. Radionice je osmislila i vodila umjetnica <a rel=\"noreferrer noopener\" href=\"https:\/\/selmabanich.org\/\" target=\"_blank\">Selma Banich<\/a>, &nbsp;a na njima su sudjelovale umjetnice, istra\u017eiva\u010dice, prevoditeljice i druge \u010dlanice ili podr\u017eavateljice kolektiva \u017dene \u017eenama. Kolektiv \u017dene \u017eenama  okuplja \u017eene kojima je Zagreb dom i one koje su iz svog doma morale izbje\u0107i i potra\u017eiti ga drugdje, a na radionicama  je u  procesu dijeljenja, stvaranja i u\u010denja iznalazio vizualne i verbalne izraze po\u0161tovanja i \u017ealovanja za umrlima, ali i  glasne osude smrti na granici i u ime granica. <\/p>\n\n\n\n<p class=\"has-text-align-left\">Radionice je podr\u017eao i <a href=\"http:\/\/www.cms.hr\">Centar za mirovne studije <\/a>kroz projekt <em>Bridges<\/em>.<\/p>\n\n\n\n<div class=\"wp-block-group\"><div class=\"wp-block-group__inner-container\">\n<figure class=\"wp-block-gallery columns-3\"><ul class=\"blocks-gallery-grid\"><li class=\"blocks-gallery-item\"><figure><img src=\"http:\/\/erim.ief.hr\/wp-content\/uploads\/2020\/12\/Popovic-Brdo-MH-17.-11.-2020-10-2-768x1024.jpg\" alt=\"\" data-id=\"1507\" data-full-url=\"http:\/\/erim.ief.hr\/wp-content\/uploads\/2020\/12\/Popovic-Brdo-MH-17.-11.-2020-10-2-scaled.jpg\" data-link=\"http:\/\/erim.ief.hr\/radionice\/ciklus-umjetnicko-istrazivackih-radionica\/attachment\/popovic-brdo-mh-17-11-2020-10-2\/\" class=\"wp-image-1507\"\/><figcaption class=\"blocks-gallery-item__caption\">Grob nepoznatog mu\u0161karca \u010dije je tijelo prona\u0111eno u Kupi 31. 1. 2018. Groblje na Popovi\u0107 Brdu,  17. 11. 2020. Foto: Marijana Hamer\u0161ak<\/figcaption><\/figure><\/li><li class=\"blocks-gallery-item\"><figure><img loading=\"lazy\" width=\"655\" height=\"873\" src=\"http:\/\/erim.ief.hr\/wp-content\/uploads\/2020\/12\/Selma-Banich-Workshop.The-passage-22.-11.-2020.-II.jpg\" alt=\"\" data-id=\"1496\" data-full-url=\"http:\/\/erim.ief.hr\/wp-content\/uploads\/2020\/12\/Selma-Banich-Workshop.The-passage-22.-11.-2020.-II.jpg\" data-link=\"http:\/\/erim.ief.hr\/radionice\/ciklus-umjetnicko-istrazivackih-radionica\/attachment\/selma-banich-workshop-the-passage-22-11-2020-ii\/\" class=\"wp-image-1496\" srcset=\"https:\/\/erim.ief.hr\/wp-content\/uploads\/2020\/12\/Selma-Banich-Workshop.The-passage-22.-11.-2020.-II.jpg 655w, https:\/\/erim.ief.hr\/wp-content\/uploads\/2020\/12\/Selma-Banich-Workshop.The-passage-22.-11.-2020.-II-225x300.jpg 225w, https:\/\/erim.ief.hr\/wp-content\/uploads\/2020\/12\/Selma-Banich-Workshop.The-passage-22.-11.-2020.-II-9x12.jpg 9w, https:\/\/erim.ief.hr\/wp-content\/uploads\/2020\/12\/Selma-Banich-Workshop.The-passage-22.-11.-2020.-II-105x140.jpg 105w, https:\/\/erim.ief.hr\/wp-content\/uploads\/2020\/12\/Selma-Banich-Workshop.The-passage-22.-11.-2020.-II-450x600.jpg 450w, https:\/\/erim.ief.hr\/wp-content\/uploads\/2020\/12\/Selma-Banich-Workshop.The-passage-22.-11.-2020.-II-158x210.jpg 158w\" sizes=\"(max-width: 655px) 100vw, 655px\" \/><figcaption class=\"blocks-gallery-item__caption\">Prva radionica, 22. 11. 2020. Foto: Selma Banich<\/figcaption><\/figure><\/li><li class=\"blocks-gallery-item\"><figure><img loading=\"lazy\" width=\"633\" height=\"869\" src=\"http:\/\/erim.ief.hr\/wp-content\/uploads\/2020\/12\/Radionica-III-19.-12.-2020.-Selma-Banich-1-1.jpg\" alt=\"\" data-id=\"1532\" data-full-url=\"http:\/\/erim.ief.hr\/wp-content\/uploads\/2020\/12\/Radionica-III-19.-12.-2020.-Selma-Banich-1-1.jpg\" data-link=\"http:\/\/erim.ief.hr\/radionice\/ciklus-umjetnicko-istrazivackih-radionica\/attachment\/radionica-iii-19-12-2020-selma-banich-1-1\/\" class=\"wp-image-1532\" srcset=\"https:\/\/erim.ief.hr\/wp-content\/uploads\/2020\/12\/Radionica-III-19.-12.-2020.-Selma-Banich-1-1.jpg 633w, https:\/\/erim.ief.hr\/wp-content\/uploads\/2020\/12\/Radionica-III-19.-12.-2020.-Selma-Banich-1-1-219x300.jpg 219w, https:\/\/erim.ief.hr\/wp-content\/uploads\/2020\/12\/Radionica-III-19.-12.-2020.-Selma-Banich-1-1-9x12.jpg 9w\" sizes=\"(max-width: 633px) 100vw, 633px\" \/><figcaption class=\"blocks-gallery-item__caption\">Tre\u0107a radionica, 19. 12. 2020. Foto: Selma Banich<\/figcaption><\/figure><\/li><li class=\"blocks-gallery-item\"><figure><img loading=\"lazy\" width=\"655\" height=\"873\" src=\"http:\/\/erim.ief.hr\/wp-content\/uploads\/2020\/12\/Radionica-III-19.-12.-2020.-Selma-Banich-2.jpg\" alt=\"\" data-id=\"1528\" data-full-url=\"http:\/\/erim.ief.hr\/wp-content\/uploads\/2020\/12\/Radionica-III-19.-12.-2020.-Selma-Banich-2.jpg\" data-link=\"http:\/\/erim.ief.hr\/radionice\/ciklus-umjetnicko-istrazivackih-radionica\/attachment\/radionica-iii-19-12-2020-selma-banich-2\/\" class=\"wp-image-1528\" srcset=\"https:\/\/erim.ief.hr\/wp-content\/uploads\/2020\/12\/Radionica-III-19.-12.-2020.-Selma-Banich-2.jpg 655w, https:\/\/erim.ief.hr\/wp-content\/uploads\/2020\/12\/Radionica-III-19.-12.-2020.-Selma-Banich-2-225x300.jpg 225w, https:\/\/erim.ief.hr\/wp-content\/uploads\/2020\/12\/Radionica-III-19.-12.-2020.-Selma-Banich-2-9x12.jpg 9w\" sizes=\"(max-width: 655px) 100vw, 655px\" \/><figcaption class=\"blocks-gallery-item__caption\">Tre\u0107a radionica, 19. 12. 2020. Foto: Selma Banich<\/figcaption><\/figure><\/li><li class=\"blocks-gallery-item\"><figure><img loading=\"lazy\" width=\"1024\" height=\"1024\" src=\"http:\/\/erim.ief.hr\/wp-content\/uploads\/2020\/12\/Selma-Banich-Workshop.The-passage-12.-12.-2020.-1-1024x1024.jpg\" alt=\"\" data-id=\"1506\" data-full-url=\"http:\/\/erim.ief.hr\/wp-content\/uploads\/2020\/12\/Selma-Banich-Workshop.The-passage-12.-12.-2020.-1.jpg\" data-link=\"http:\/\/erim.ief.hr\/radionice\/ciklus-umjetnicko-istrazivackih-radionica\/attachment\/selma-banich-workshop-the-passage-12-12-2020-1\/\" class=\"wp-image-1506\" srcset=\"https:\/\/erim.ief.hr\/wp-content\/uploads\/2020\/12\/Selma-Banich-Workshop.The-passage-12.-12.-2020.-1-1024x1024.jpg 1024w, https:\/\/erim.ief.hr\/wp-content\/uploads\/2020\/12\/Selma-Banich-Workshop.The-passage-12.-12.-2020.-1-300x300.jpg 300w, https:\/\/erim.ief.hr\/wp-content\/uploads\/2020\/12\/Selma-Banich-Workshop.The-passage-12.-12.-2020.-1-150x150.jpg 150w, https:\/\/erim.ief.hr\/wp-content\/uploads\/2020\/12\/Selma-Banich-Workshop.The-passage-12.-12.-2020.-1-768x768.jpg 768w, https:\/\/erim.ief.hr\/wp-content\/uploads\/2020\/12\/Selma-Banich-Workshop.The-passage-12.-12.-2020.-1-12x12.jpg 12w, https:\/\/erim.ief.hr\/wp-content\/uploads\/2020\/12\/Selma-Banich-Workshop.The-passage-12.-12.-2020.-1-600x600.jpg 600w, https:\/\/erim.ief.hr\/wp-content\/uploads\/2020\/12\/Selma-Banich-Workshop.The-passage-12.-12.-2020.-1.jpg 1200w\" sizes=\"(max-width: 1024px) 100vw, 1024px\" \/><figcaption class=\"blocks-gallery-item__caption\">Selma Banich The passage, 7. 12. 2020. Foto: Selma Banich<\/figcaption><\/figure><\/li><\/ul><\/figure>\n\n\n\n<p><\/p>\n<\/div><\/div>\n\n\n\n<p><\/p>\n<\/div><\/div>\n\n\n\n<div class=\"wp-block-group\"><div class=\"wp-block-group__inner-container\">\n<p><\/p>\n<\/div><\/div>\n\n\n\n<p><\/p>","protected":false},"excerpt":{"rendered":"","protected":false},"author":2,"featured_media":1495,"comment_status":"closed","ping_status":"closed","sticky":false,"template":"","format":"standard","meta":{"_monsterinsights_skip_tracking":false,"_monsterinsights_sitenote_active":false,"_monsterinsights_sitenote_note":"","_monsterinsights_sitenote_category":0,"kk_blocks_editor_width":"","_kiokenblocks_attr":"","_kiokenblocks_dimensions":""},"categories":[25,26,50],"tags":[],"aioseo_notices":[],"featured_image_src":"https:\/\/erim.ief.hr\/wp-content\/uploads\/2020\/12\/Selma-Banich-Workshop.The-passage-22.-11.-2020..jpg","featured_image_src_square":"https:\/\/erim.ief.hr\/wp-content\/uploads\/2020\/12\/Selma-Banich-Workshop.The-passage-22.-11.-2020..jpg","author_info":{"display_name":"Marijana Hamersak","author_link":"https:\/\/erim.ief.hr\/en\/author\/marijana\/"},"category_info":"<a href=\"https:\/\/erim.ief.hr\/en\/category\/publikacije\/\" rel=\"category tag\">publikacije<\/a>, <a href=\"https:\/\/erim.ief.hr\/en\/category\/publikacije\/video\/\" rel=\"category tag\">vizualni radovi<\/a>, <a href=\"https:\/\/erim.ief.hr\/en\/category\/publikacije\/video\/vizualni-radovi-ii\/\" rel=\"category tag\">vizualni radovi II<\/a>","tags_info":"","social_share_info":"<a data-share=\"facebook\" href=\"https:\/\/www.facebook.com\/sharer.php?u=https:\/\/erim.ief.hr\/en\/publikacije\/ciklus-umjetnicko-istrazivackih-radionica\/\" class=\"tb-facebook-share social-share-default tb-social-share\" target=\"_blank\"><i class=\"fab fa-facebook-f\" aria-hidden=\"true\"><\/i><\/a><a data-share=\"twitter\" href=\"https:\/\/twitter.com\/share?url=https:\/\/erim.ief.hr\/en\/publikacije\/ciklus-umjetnicko-istrazivackih-radionica\/\" class=\"tb-twiiter-share social-share-default tb-social-share\" target=\"_blank\"><i class=\"fab fa-twitter\" aria-hidden=\"true\"><\/i><\/a><a data-share=\"linkedin\" href=\"https:\/\/www.linkedin.com\/shareArticle?url=https:\/\/erim.ief.hr\/en\/publikacije\/ciklus-umjetnicko-istrazivackih-radionica\/\" class=\"tb-linkedin-share social-share-default tb-social-share\" target=\"_blank\"><i class=\"fab fa-linkedin-in\" aria-hidden=\"true\"><\/i><\/a>","wordExcerpt_info":"<p><!-- wp:group {\"kioblocks\":[]} --><\/p>\n<div class=\"wp-block-group\">\n<div class=\"wp-block-group__inner-container\"><!-- wp:paragraph {\"align\":\"left\",\"kioblocks\":[]} --><\/p>\n<p class=\"has-text-align-left\">U nastavku na ovogodi\u0161nje aktivnosti transmigrantskog kolektiva \u017dene \u017eenama, prije svega &nbsp; ru\u010dnu izradu sedam metara dugog transparenta \u201e<a rel=\"noreferrer noopener\" href=\"https:\/\/selmabanich.org\/index#\/osmi-mart\/\" target=\"_blank\">Ne mogu nas sve pobiti: love and rage<\/a>\u201c te ERIM-ova  etnografska terenska istra\u017eivanja u Karlova\u010dkoj \u017eupaniji u ljeto i jesen 2020. godine, u studenom i prosincu 2020. godina u prostorijama <a rel=\"noreferrer noopener\" href=\"https:\/\/ziviatelje.dk\/\" target=\"_blank\">\u017divog ateljea DK <\/a>u Zagrebu odr\u017ean je ciklus umjetni\u010dko-istra\u017eiva\u010dkih radionica posve\u0107enih smrtima na granicama. Radionice je osmislila i vodila umjetnica <a rel=\"noreferrer noopener\" href=\"https:\/\/selmabanich.org\/\" target=\"_blank\">Selma Banich<\/a>, &nbsp;a na njima su sudjelovale umjetnice, istra\u017eiva\u010dice, prevoditeljice i druge \u010dlanice ili podr\u017eavateljice kolektiva \u017dene \u017eenama. Kolektiv \u017dene \u017eenama  okuplja \u017eene kojima je Zagreb dom i one koje su iz svog doma morale izbje\u0107i i potra\u017eiti ga drugdje, a na radionicama  je u  procesu dijeljenja, stvaranja i u\u010denja iznalazio vizualne i verbalne izraze po\u0161tovanja i \u017ealovanja za umrlima, ali i  glasne osude smrti na granici i u ime granica. <\/p>\n<p><!-- \/wp:paragraph --><\/p>\n<p><!-- wp:paragraph {\"align\":\"left\",\"kioblocks\":[]} --><\/p>\n<p class=\"has-text-align-left\">Radionice je podr\u017eao i <a href=\"http:\/\/www.cms.hr\">Centar za mirovne studije <\/a>kroz projekt <em>Bridges<\/em>.<\/p>\n<p><!-- \/wp:paragraph --><\/p>\n<p><!-- wp:group {\"kioblocks\":[]} --><\/p>\n<div class=\"wp-block-group\">\n<div class=\"wp-block-group__inner-container\"><!-- wp:gallery {\"ids\":[1507,1496,1532,1528,1506],\"imageCrop\":false,\"linkTo\":\"none\",\"kioblocks\":[]} --><\/p>\n<figure class=\"wp-block-gallery columns-3\">\n<ul class=\"blocks-gallery-grid\">\n<li class=\"blocks-gallery-item\">\n<figure><img src=\"http:\/\/erim.ief.hr\/wp-content\/uploads\/2020\/12\/Popovic-Brdo-MH-17.-11.-2020-10-2-768x1024.jpg\" alt=\"\" data-id=\"1507\" data-full-url=\"http:\/\/erim.ief.hr\/wp-content\/uploads\/2020\/12\/Popovic-Brdo-MH-17.-11.-2020-10-2-scaled.jpg\" data-link=\"http:\/\/erim.ief.hr\/radionice\/ciklus-umjetnicko-istrazivackih-radionica\/attachment\/popovic-brdo-mh-17-11-2020-10-2\/\" class=\"wp-image-1507\" \/><figcaption class=\"blocks-gallery-item__caption\">Grob nepoznatog mu\u0161karca \u010dije je tijelo prona\u0111eno u Kupi 31. 1. 2018. Groblje na Popovi\u0107 Brdu,  17. 11. 2020. Foto: Marijana Hamer\u0161ak<\/figcaption><\/figure>\n<\/li>\n<li class=\"blocks-gallery-item\">\n<figure><img loading=\"lazy\" width=\"655\" height=\"873\" src=\"http:\/\/erim.ief.hr\/wp-content\/uploads\/2020\/12\/Selma-Banich-Workshop.The-passage-22.-11.-2020.-II.jpg\" alt=\"\" data-id=\"1496\" data-full-url=\"http:\/\/erim.ief.hr\/wp-content\/uploads\/2020\/12\/Selma-Banich-Workshop.The-passage-22.-11.-2020.-II.jpg\" data-link=\"http:\/\/erim.ief.hr\/radionice\/ciklus-umjetnicko-istrazivackih-radionica\/attachment\/selma-banich-workshop-the-passage-22-11-2020-ii\/\" class=\"wp-image-1496\" \/><figcaption class=\"blocks-gallery-item__caption\">Prva radionica, 22. 11. 2020. Foto: Selma Banich<\/figcaption><\/figure>\n<\/li>\n<li class=\"blocks-gallery-item\">\n<figure><img loading=\"lazy\" width=\"633\" height=\"869\" src=\"http:\/\/erim.ief.hr\/wp-content\/uploads\/2020\/12\/Radionica-III-19.-12.-2020.-Selma-Banich-1-1.jpg\" alt=\"\" data-id=\"1532\" data-full-url=\"http:\/\/erim.ief.hr\/wp-content\/uploads\/2020\/12\/Radionica-III-19.-12.-2020.-Selma-Banich-1-1.jpg\" data-link=\"http:\/\/erim.ief.hr\/radionice\/ciklus-umjetnicko-istrazivackih-radionica\/attachment\/radionica-iii-19-12-2020-selma-banich-1-1\/\" class=\"wp-image-1532\" \/><figcaption class=\"blocks-gallery-item__caption\">Tre\u0107a radionica, 19. 12. 2020. Foto: Selma Banich<\/figcaption><\/figure>\n<\/li>\n<li class=\"blocks-gallery-item\">\n<figure><img loading=\"lazy\" width=\"655\" height=\"873\" src=\"http:\/\/erim.ief.hr\/wp-content\/uploads\/2020\/12\/Radionica-III-19.-12.-2020.-Selma-Banich-2.jpg\" alt=\"\" data-id=\"1528\" data-full-url=\"http:\/\/erim.ief.hr\/wp-content\/uploads\/2020\/12\/Radionica-III-19.-12.-2020.-Selma-Banich-2.jpg\" data-link=\"http:\/\/erim.ief.hr\/radionice\/ciklus-umjetnicko-istrazivackih-radionica\/attachment\/radionica-iii-19-12-2020-selma-banich-2\/\" class=\"wp-image-1528\" \/><figcaption class=\"blocks-gallery-item__caption\">Tre\u0107a radionica, 19. 12. 2020. Foto: Selma Banich<\/figcaption><\/figure>\n<\/li>\n<li class=\"blocks-gallery-item\">\n<figure><img loading=\"lazy\" width=\"1024\" height=\"1024\" src=\"http:\/\/erim.ief.hr\/wp-content\/uploads\/2020\/12\/Selma-Banich-Workshop.The-passage-12.-12.-2020.-1-1024x1024.jpg\" alt=\"\" data-id=\"1506\" data-full-url=\"http:\/\/erim.ief.hr\/wp-content\/uploads\/2020\/12\/Selma-Banich-Workshop.The-passage-12.-12.-2020.-1.jpg\" data-link=\"http:\/\/erim.ief.hr\/radionice\/ciklus-umjetnicko-istrazivackih-radionica\/attachment\/selma-banich-workshop-the-passage-12-12-2020-1\/\" class=\"wp-image-1506\" \/><figcaption class=\"blocks-gallery-item__caption\">Selma Banich The passage, 7. 12. 2020. Foto: Selma Banich<\/figcaption><\/figure>\n<\/li>\n<\/ul>\n<\/figure>\n<p><!-- \/wp:gallery --><\/p>\n<p><!-- wp:paragraph {\"kioblocks\":[]} --><\/p>\n<p><!-- \/wp:paragraph --><\/div>\n<\/div>\n<p><!-- \/wp:group --><\/p>\n<p><!-- wp:paragraph {\"kioblocks\":[]} --><\/p>\n<p><!-- \/wp:paragraph --><\/div>\n<\/div>\n<p><!-- \/wp:group --><\/p>\n<p><!-- wp:group {\"kioblocks\":[]} --><\/p>\n<div class=\"wp-block-group\">\n<div class=\"wp-block-group__inner-container\"><!-- wp:paragraph {\"kioblocks\":[]} --><\/p>\n<p><!-- \/wp:paragraph --><\/div>\n<\/div>\n<p><!-- \/wp:group --><\/p>\n<p><!-- wp:paragraph {\"kioblocks\":[]} --><\/p>\n<p><!-- \/wp:paragraph --><\/p>\n","comment_info":"0","_links":{"self":[{"href":"https:\/\/erim.ief.hr\/en\/wp-json\/wp\/v2\/posts\/1493"}],"collection":[{"href":"https:\/\/erim.ief.hr\/en\/wp-json\/wp\/v2\/posts"}],"about":[{"href":"https:\/\/erim.ief.hr\/en\/wp-json\/wp\/v2\/types\/post"}],"author":[{"embeddable":true,"href":"https:\/\/erim.ief.hr\/en\/wp-json\/wp\/v2\/users\/2"}],"replies":[{"embeddable":true,"href":"https:\/\/erim.ief.hr\/en\/wp-json\/wp\/v2\/comments?post=1493"}],"version-history":[{"count":20,"href":"https:\/\/erim.ief.hr\/en\/wp-json\/wp\/v2\/posts\/1493\/revisions"}],"predecessor-version":[{"id":1680,"href":"https:\/\/erim.ief.hr\/en\/wp-json\/wp\/v2\/posts\/1493\/revisions\/1680"}],"wp:featuredmedia":[{"embeddable":true,"href":"https:\/\/erim.ief.hr\/en\/wp-json\/wp\/v2\/media\/1495"}],"wp:attachment":[{"href":"https:\/\/erim.ief.hr\/en\/wp-json\/wp\/v2\/media?parent=1493"}],"wp:term":[{"taxonomy":"category","embeddable":true,"href":"https:\/\/erim.ief.hr\/en\/wp-json\/wp\/v2\/categories?post=1493"},{"taxonomy":"post_tag","embeddable":true,"href":"https:\/\/erim.ief.hr\/en\/wp-json\/wp\/v2\/tags?post=1493"}],"curies":[{"name":"wp","href":"https:\/\/api.w.org\/{rel}","templated":true}]}}