{"id":1580,"date":"2021-01-20T12:24:55","date_gmt":"2021-01-20T11:24:55","guid":{"rendered":"http:\/\/erim.ief.hr\/?p=1580"},"modified":"2022-05-05T21:25:06","modified_gmt":"2022-05-05T19:25:06","slug":"erim-fellowship-emina-buzinkic","status":"publish","type":"post","link":"https:\/\/erim.ief.hr\/en\/studijski-boravci\/erim-fellowship-emina-buzinkic\/","title":{"rendered":"ERIM fellowship: Emina Bu\u017einki\u0107"},"content":{"rendered":"<div class=\"wp-block-media-text alignwide is-stacked-on-mobile\"><figure class=\"wp-block-media-text__media\"><img src=\"https:\/\/www.nacional.hr\/wp-content\/uploads\/2020\/05\/EminaBu%C5%BEinki%C4%87_4-ID47066-1920x1280crop-1024x509.jpg\" alt=\"\"\/><\/figure><div class=\"wp-block-media-text__content\">\n<p class=\"has-large-font-size\">Emina Bu\u017einki\u0107, doktorandica na Sveu\u010dili\u0161tu u Minnesoti,   na studijskom je boravku u IEF-u od 1. rujna 2020. godine. Bu\u017einki\u0107 u okviru svojeg boravka  sura\u0111uje na ERIM-u i provodi samostalno istra\u017eivanje: \u201e(UN)SAFE IDENTITIES. Race and Ethnicity in the Times of Social Distancing: youth refugee perspectives\u201c. <\/p>\n<\/div><\/div>","protected":false},"excerpt":{"rendered":"<p>Emina Bu\u017einki\u0107, doktorandica na Sveu\u010dili\u0161tu u Minnesoti, na studijskom je boravku u IEF-u od 1. rujna 2020. godine. Bu\u017einki\u0107 u okviru svojeg boravka sura\u0111uje na ERIM-u i provodi samostalno &hellip;<\/p>","protected":false},"author":2,"featured_media":1586,"comment_status":"open","ping_status":"open","sticky":false,"template":"","format":"standard","meta":{"_monsterinsights_skip_tracking":false,"_monsterinsights_sitenote_active":false,"_monsterinsights_sitenote_note":"","_monsterinsights_sitenote_category":0,"kk_blocks_editor_width":"","_kiokenblocks_attr":"","_kiokenblocks_dimensions":""},"categories":[15,41],"tags":[],"aioseo_notices":[],"featured_image_src":"https:\/\/erim.ief.hr\/wp-content\/uploads\/2021\/01\/EminaBuzinkic.jpg","featured_image_src_square":"https:\/\/erim.ief.hr\/wp-content\/uploads\/2021\/01\/EminaBuzinkic.jpg","author_info":{"display_name":"Marijana Hamersak","author_link":"https:\/\/erim.ief.hr\/en\/author\/marijana\/"},"category_info":"<a href=\"https:\/\/erim.ief.hr\/en\/category\/studijski-boravci\/\" rel=\"category tag\">studijski boravci i usavr\u0161avanja<\/a>, <a href=\"https:\/\/erim.ief.hr\/en\/category\/studijski-boravci\/studijski-boravci-2021\/\" rel=\"category tag\">studijski boravci II<\/a>","tags_info":"","social_share_info":"<a data-share=\"facebook\" href=\"https:\/\/www.facebook.com\/sharer.php?u=https:\/\/erim.ief.hr\/en\/studijski-boravci\/erim-fellowship-emina-buzinkic\/\" class=\"tb-facebook-share social-share-default tb-social-share\" target=\"_blank\"><i class=\"fab fa-facebook-f\" aria-hidden=\"true\"><\/i><\/a><a data-share=\"twitter\" href=\"https:\/\/twitter.com\/share?url=https:\/\/erim.ief.hr\/en\/studijski-boravci\/erim-fellowship-emina-buzinkic\/\" class=\"tb-twiiter-share social-share-default tb-social-share\" target=\"_blank\"><i class=\"fab fa-twitter\" aria-hidden=\"true\"><\/i><\/a><a data-share=\"linkedin\" href=\"https:\/\/www.linkedin.com\/shareArticle?url=https:\/\/erim.ief.hr\/en\/studijski-boravci\/erim-fellowship-emina-buzinkic\/\" class=\"tb-linkedin-share social-share-default tb-social-share\" target=\"_blank\"><i class=\"fab fa-linkedin-in\" aria-hidden=\"true\"><\/i><\/a>","wordExcerpt_info":"<p><!-- wp:media-text {\"mediaType\":\"image\",\"kioblocks\":[]} --><\/p>\n<div class=\"wp-block-media-text alignwide is-stacked-on-mobile\">\n<figure class=\"wp-block-media-text__media\"><img src=\"https:\/\/www.nacional.hr\/wp-content\/uploads\/2020\/05\/EminaBu%C5%BEinki%C4%87_4-ID47066-1920x1280crop-1024x509.jpg\" alt=\"\" \/><\/figure>\n<div class=\"wp-block-media-text__content\"><!-- wp:paragraph {\"placeholder\":\"Sadr\\u017eaj\\u2026\",\"className\":\"has-large-font-size\",\"kioblocks\":[]} --><\/p>\n<p class=\"has-large-font-size\">Emina Bu\u017einki\u0107, doktorandica na Sveu\u010dili\u0161tu u Minnesoti,   na studijskom je boravku u IEF-u od 1. rujna 2020. godine. Bu\u017einki\u0107 u okviru svojeg boravka  sura\u0111uje na ERIM-u i provodi samostalno istra\u017eivanje: \u201e(UN)SAFE IDENTITIES. Race and Ethnicity in the Times of Social Distancing: youth refugee perspectives\u201c. <\/p>\n<p><!-- \/wp:paragraph --><\/div>\n<\/div>\n<p><!-- \/wp:media-text --><\/p>\n","comment_info":"0","_links":{"self":[{"href":"https:\/\/erim.ief.hr\/en\/wp-json\/wp\/v2\/posts\/1580"}],"collection":[{"href":"https:\/\/erim.ief.hr\/en\/wp-json\/wp\/v2\/posts"}],"about":[{"href":"https:\/\/erim.ief.hr\/en\/wp-json\/wp\/v2\/types\/post"}],"author":[{"embeddable":true,"href":"https:\/\/erim.ief.hr\/en\/wp-json\/wp\/v2\/users\/2"}],"replies":[{"embeddable":true,"href":"https:\/\/erim.ief.hr\/en\/wp-json\/wp\/v2\/comments?post=1580"}],"version-history":[{"count":5,"href":"https:\/\/erim.ief.hr\/en\/wp-json\/wp\/v2\/posts\/1580\/revisions"}],"predecessor-version":[{"id":2367,"href":"https:\/\/erim.ief.hr\/en\/wp-json\/wp\/v2\/posts\/1580\/revisions\/2367"}],"wp:featuredmedia":[{"embeddable":true,"href":"https:\/\/erim.ief.hr\/en\/wp-json\/wp\/v2\/media\/1586"}],"wp:attachment":[{"href":"https:\/\/erim.ief.hr\/en\/wp-json\/wp\/v2\/media?parent=1580"}],"wp:term":[{"taxonomy":"category","embeddable":true,"href":"https:\/\/erim.ief.hr\/en\/wp-json\/wp\/v2\/categories?post=1580"},{"taxonomy":"post_tag","embeddable":true,"href":"https:\/\/erim.ief.hr\/en\/wp-json\/wp\/v2\/tags?post=1580"}],"curies":[{"name":"wp","href":"https:\/\/api.w.org\/{rel}","templated":true}]}}