{"id":1775,"date":"2021-03-12T11:33:19","date_gmt":"2021-03-12T10:33:19","guid":{"rendered":"http:\/\/erim.ief.hr\/?p=1775"},"modified":"2022-07-17T21:34:58","modified_gmt":"2022-07-17T19:34:58","slug":"predstavljanje-projekta-erim","status":"publish","type":"post","link":"https:\/\/erim.ief.hr\/en\/predavanja-i-tribine\/predstavljanje-projekta-erim\/","title":{"rendered":"Predstavljanje projekta ERIM"},"content":{"rendered":"<p>Dr. sc. Ur\u0161ula Lipovec \u010cebron,  dr. sc. Marijana Hamer\u0161ak, Bojan Mucko i dr. sc. Iva Ple\u0161e predstavili su 12. 3. 2021. studentima  kolegija Antropologija migracija  <a rel=\"noreferrer noopener\" href=\"https:\/\/etnologija.ff.uni-lj.si\/\" target=\"_blank\">Odsjeka za etnologiju i kulturnu antropologiju \u00a0Filozofskog fakulteta sveu\u010dili\u0161ta u Ljubljani<\/a><em> <\/em> znanstveno-istra\u017eiva\u010dki projekt ERIM, online platformu e-erim i recentna etnografska istra\u017eivanja u okviru projekta.<\/p>\n\n\n\n<div class=\"wp-block-image is-style-default\"><figure class=\"aligncenter size-large\"><img loading=\"lazy\" width=\"605\" height=\"340\" src=\"https:\/\/erim.ief.hr\/wp-content\/uploads\/2021\/03\/image-6.png\" alt=\"\" class=\"wp-image-1782\" srcset=\"https:\/\/erim.ief.hr\/wp-content\/uploads\/2021\/03\/image-6.png 605w, https:\/\/erim.ief.hr\/wp-content\/uploads\/2021\/03\/image-6-300x169.png 300w, https:\/\/erim.ief.hr\/wp-content\/uploads\/2021\/03\/image-6-16x9.png 16w, https:\/\/erim.ief.hr\/wp-content\/uploads\/2021\/03\/image-6-303x170.png 303w\" sizes=\"(max-width: 605px) 100vw, 605px\" \/><\/figure><\/div>\n\n\n\n<p><a href=\"https:\/\/etnologija.ff.uni-lj.si\/dogodki\/predstavitev-projekta-erim\" target=\"_blank\" rel=\"noreferrer noopener\">Poziv na predstavljanje<\/a><\/p>","protected":false},"excerpt":{"rendered":"<p>Dr. sc. Ur\u0161ula Lipovec \u010cebron, dr. sc. Marijana Hamer\u0161ak, Bojan Mucko i dr. sc. Iva Ple\u0161e predstavili su 12. 3. 2021. studentima kolegija Antropologija migracija Odsjeka za etnologiju i &hellip;<\/p>","protected":false},"author":2,"featured_media":0,"comment_status":"closed","ping_status":"closed","sticky":false,"template":"","format":"standard","meta":{"_monsterinsights_skip_tracking":false,"_monsterinsights_sitenote_active":false,"_monsterinsights_sitenote_note":"","_monsterinsights_sitenote_category":0,"kk_blocks_editor_width":"","_kiokenblocks_attr":"","_kiokenblocks_dimensions":""},"categories":[28,49,4],"tags":[],"aioseo_notices":[],"featured_image_src":" ","featured_image_src_square":" ","author_info":{"display_name":"Marijana Hamersak","author_link":"https:\/\/erim.ief.hr\/en\/author\/marijana\/"},"category_info":"<a href=\"https:\/\/erim.ief.hr\/en\/category\/predavanja-i-tribine\/predavanja-tribine\/\" rel=\"category tag\">predavanja i tribine<\/a>, <a href=\"https:\/\/erim.ief.hr\/en\/category\/predavanja-i-tribine\/predavanja-tribine\/predavanja-ii\/\" rel=\"category tag\">predavanja II<\/a>, <a href=\"https:\/\/erim.ief.hr\/en\/category\/predavanja-i-tribine\/\" rel=\"category tag\">znanstvene konferencije, predavanja i tribine<\/a>","tags_info":"","social_share_info":"<a data-share=\"facebook\" href=\"https:\/\/www.facebook.com\/sharer.php?u=https:\/\/erim.ief.hr\/en\/predavanja-i-tribine\/predstavljanje-projekta-erim\/\" class=\"tb-facebook-share social-share-default tb-social-share\" target=\"_blank\"><i class=\"fab fa-facebook-f\" aria-hidden=\"true\"><\/i><\/a><a data-share=\"twitter\" href=\"https:\/\/twitter.com\/share?url=https:\/\/erim.ief.hr\/en\/predavanja-i-tribine\/predstavljanje-projekta-erim\/\" class=\"tb-twiiter-share social-share-default tb-social-share\" target=\"_blank\"><i class=\"fab fa-twitter\" aria-hidden=\"true\"><\/i><\/a><a data-share=\"linkedin\" href=\"https:\/\/www.linkedin.com\/shareArticle?url=https:\/\/erim.ief.hr\/en\/predavanja-i-tribine\/predstavljanje-projekta-erim\/\" class=\"tb-linkedin-share social-share-default tb-social-share\" target=\"_blank\"><i class=\"fab fa-linkedin-in\" aria-hidden=\"true\"><\/i><\/a>","wordExcerpt_info":"<p><!-- wp:paragraph {\"kioblocks\":[]} --><\/p>\n<p>Dr. sc. Ur\u0161ula Lipovec \u010cebron,  dr. sc. Marijana Hamer\u0161ak, Bojan Mucko i dr. sc. Iva Ple\u0161e predstavili su 12. 3. 2021. studentima  kolegija Antropologija migracija  <a rel=\"noreferrer noopener\" href=\"https:\/\/etnologija.ff.uni-lj.si\/\" target=\"_blank\">Odsjeka za etnologiju i kulturnu antropologiju \u00a0Filozofskog fakulteta sveu\u010dili\u0161ta u Ljubljani<\/a><em> <\/em> znanstveno-istra\u017eiva\u010dki projekt ERIM, online platformu e-erim i recentna etnografska istra\u017eivanja u okviru projekta.<\/p>\n<p><!-- \/wp:paragraph --><\/p>\n<p><!-- wp:image {\"align\":\"center\",\"id\":1782,\"sizeSlug\":\"large\",\"linkDestination\":\"none\",\"className\":\"is-style-default\",\"kioblocks\":[]} --><\/p>\n<div class=\"wp-block-image is-style-default\">\n<figure class=\"aligncenter size-large\"><img loading=\"lazy\" width=\"605\" height=\"340\" src=\"https:\/\/erim.ief.hr\/wp-content\/uploads\/2021\/03\/image-6.png\" alt=\"\" class=\"wp-image-1782\" \/><\/figure>\n<\/div>\n<p><!-- \/wp:image --><\/p>\n<p><!-- wp:paragraph {\"kioblocks\":[]} --><\/p>\n<p><a href=\"https:\/\/etnologija.ff.uni-lj.si\/dogodki\/predstavitev-projekta-erim\" target=\"_blank\" rel=\"noreferrer noopener\">Poziv na predstavljanje<\/a><\/p>\n<p><!-- \/wp:paragraph --><\/p>\n","comment_info":"0","_links":{"self":[{"href":"https:\/\/erim.ief.hr\/en\/wp-json\/wp\/v2\/posts\/1775"}],"collection":[{"href":"https:\/\/erim.ief.hr\/en\/wp-json\/wp\/v2\/posts"}],"about":[{"href":"https:\/\/erim.ief.hr\/en\/wp-json\/wp\/v2\/types\/post"}],"author":[{"embeddable":true,"href":"https:\/\/erim.ief.hr\/en\/wp-json\/wp\/v2\/users\/2"}],"replies":[{"embeddable":true,"href":"https:\/\/erim.ief.hr\/en\/wp-json\/wp\/v2\/comments?post=1775"}],"version-history":[{"count":4,"href":"https:\/\/erim.ief.hr\/en\/wp-json\/wp\/v2\/posts\/1775\/revisions"}],"predecessor-version":[{"id":1917,"href":"https:\/\/erim.ief.hr\/en\/wp-json\/wp\/v2\/posts\/1775\/revisions\/1917"}],"wp:attachment":[{"href":"https:\/\/erim.ief.hr\/en\/wp-json\/wp\/v2\/media?parent=1775"}],"wp:term":[{"taxonomy":"category","embeddable":true,"href":"https:\/\/erim.ief.hr\/en\/wp-json\/wp\/v2\/categories?post=1775"},{"taxonomy":"post_tag","embeddable":true,"href":"https:\/\/erim.ief.hr\/en\/wp-json\/wp\/v2\/tags?post=1775"}],"curies":[{"name":"wp","href":"https:\/\/api.w.org\/{rel}","templated":true}]}}