{"id":1799,"date":"2021-04-27T00:38:36","date_gmt":"2021-04-26T22:38:36","guid":{"rendered":"http:\/\/erim.ief.hr\/?p=1799"},"modified":"2021-04-27T00:53:38","modified_gmt":"2021-04-26T22:53:38","slug":"odrzan-erim-ov-radni-sastanak","status":"publish","type":"post","link":"https:\/\/erim.ief.hr\/en\/radionice-i-sastanci\/radni-sastanci\/odrzan-erim-ov-radni-sastanak\/","title":{"rendered":"Odr\u017ean ERIM-ov radni sastanak"},"content":{"rendered":"<div class=\"wp-block-group\"><div class=\"wp-block-group__inner-container\"><\/div><\/div>\n\n\n\n<div class=\"wp-block-media-text alignwide is-stacked-on-mobile\"><figure class=\"wp-block-media-text__media\"><img loading=\"lazy\" width=\"1024\" height=\"768\" src=\"http:\/\/erim.ief.hr\/wp-content\/uploads\/2021\/04\/Zagreb-ERIM-22-23.-4.-2021-29-1024x768.jpg\" alt=\"\" class=\"wp-image-1802 size-full\" srcset=\"https:\/\/erim.ief.hr\/wp-content\/uploads\/2021\/04\/Zagreb-ERIM-22-23.-4.-2021-29-1024x768.jpg 1024w, https:\/\/erim.ief.hr\/wp-content\/uploads\/2021\/04\/Zagreb-ERIM-22-23.-4.-2021-29-300x225.jpg 300w, https:\/\/erim.ief.hr\/wp-content\/uploads\/2021\/04\/Zagreb-ERIM-22-23.-4.-2021-29-768x576.jpg 768w, https:\/\/erim.ief.hr\/wp-content\/uploads\/2021\/04\/Zagreb-ERIM-22-23.-4.-2021-29-1536x1152.jpg 1536w, https:\/\/erim.ief.hr\/wp-content\/uploads\/2021\/04\/Zagreb-ERIM-22-23.-4.-2021-29-2048x1536.jpg 2048w, https:\/\/erim.ief.hr\/wp-content\/uploads\/2021\/04\/Zagreb-ERIM-22-23.-4.-2021-29-16x12.jpg 16w, https:\/\/erim.ief.hr\/wp-content\/uploads\/2021\/04\/Zagreb-ERIM-22-23.-4.-2021-29-227x170.jpg 227w\" sizes=\"(max-width: 1024px) 100vw, 1024px\" \/><\/figure><div class=\"wp-block-media-text__content\">\n<p style=\"font-size:19px\">Dana 22. 4. 2021. godine u Knji\u017enici Instituta za etnologiju i folkloristiku odr\u017ean je radni sastanak istra\u017eiva\u010dke skupine ERIM na kojem su sudjelovali suradnici iz Hrvatske, Sloveniji i Srbije. Sastanak je bio posve\u0107en razmjeni informacija, pregledu individualnih i grupnih istra\u017eivanjima u protekloj projektnoj godini te planiranju nastavka rada.<\/p>\n<\/div><\/div>","protected":false},"excerpt":{"rendered":"<p>Dana 22. 4. 2021. godine u Knji\u017enici Instituta za etnologiju i folkloristiku odr\u017ean je radni sastanak istra\u017eiva\u010dke skupine ERIM na kojem su sudjelovali suradnici iz Hrvatske, Sloveniji i Srbije. &hellip;<\/p>","protected":false},"author":2,"featured_media":0,"comment_status":"closed","ping_status":"closed","sticky":false,"template":"","format":"standard","meta":{"_monsterinsights_skip_tracking":false,"_monsterinsights_sitenote_active":false,"_monsterinsights_sitenote_note":"","_monsterinsights_sitenote_category":0,"kk_blocks_editor_width":"","_kiokenblocks_attr":"","_kiokenblocks_dimensions":""},"categories":[6,32,29],"tags":[],"aioseo_notices":[],"featured_image_src":" ","featured_image_src_square":" ","author_info":{"display_name":"Marijana Hamersak","author_link":"https:\/\/erim.ief.hr\/en\/author\/marijana\/"},"category_info":"<a href=\"https:\/\/erim.ief.hr\/en\/category\/radionice-i-sastanci\/radni-sastanci\/\" rel=\"category tag\">radni sastanci<\/a>, <a href=\"https:\/\/erim.ief.hr\/en\/category\/radionice-i-sastanci\/radni-sastanci\/radni-sastanci-2021\/\" rel=\"category tag\">radni sastanci II<\/a>, <a href=\"https:\/\/erim.ief.hr\/en\/category\/radionice-i-sastanci\/\" rel=\"category tag\">sastanci, radionice i seminari<\/a>","tags_info":"","social_share_info":"<a data-share=\"facebook\" href=\"https:\/\/www.facebook.com\/sharer.php?u=https:\/\/erim.ief.hr\/en\/radionice-i-sastanci\/radni-sastanci\/odrzan-erim-ov-radni-sastanak\/\" class=\"tb-facebook-share social-share-default tb-social-share\" target=\"_blank\"><i class=\"fab fa-facebook-f\" aria-hidden=\"true\"><\/i><\/a><a data-share=\"twitter\" href=\"https:\/\/twitter.com\/share?url=https:\/\/erim.ief.hr\/en\/radionice-i-sastanci\/radni-sastanci\/odrzan-erim-ov-radni-sastanak\/\" class=\"tb-twiiter-share social-share-default tb-social-share\" target=\"_blank\"><i class=\"fab fa-twitter\" aria-hidden=\"true\"><\/i><\/a><a data-share=\"linkedin\" href=\"https:\/\/www.linkedin.com\/shareArticle?url=https:\/\/erim.ief.hr\/en\/radionice-i-sastanci\/radni-sastanci\/odrzan-erim-ov-radni-sastanak\/\" class=\"tb-linkedin-share social-share-default tb-social-share\" target=\"_blank\"><i class=\"fab fa-linkedin-in\" aria-hidden=\"true\"><\/i><\/a>","wordExcerpt_info":"<p><!-- wp:group {\"kioblocks\":[]} --><\/p>\n<div class=\"wp-block-group\">\n<div class=\"wp-block-group__inner-container\"><\/div>\n<\/div>\n<p><!-- \/wp:group --><\/p>\n<p><!-- wp:media-text {\"mediaId\":1802,\"mediaType\":\"image\",\"kioblocks\":[]} --><\/p>\n<div class=\"wp-block-media-text alignwide is-stacked-on-mobile\">\n<figure class=\"wp-block-media-text__media\"><img loading=\"lazy\" width=\"1024\" height=\"768\" src=\"http:\/\/erim.ief.hr\/wp-content\/uploads\/2021\/04\/Zagreb-ERIM-22-23.-4.-2021-29-1024x768.jpg\" alt=\"\" class=\"wp-image-1802 size-full\" \/><\/figure>\n<div class=\"wp-block-media-text__content\"><!-- wp:paragraph {\"placeholder\":\"Sadr\\u017eaj\\u2026\",\"style\":{\"typography\":{\"fontSize\":19}},\"kioblocks\":[]} --><\/p>\n<p style=\"font-size:19px\">Dana 22. 4. 2021. godine u Knji\u017enici Instituta za etnologiju i folkloristiku odr\u017ean je radni sastanak istra\u017eiva\u010dke skupine ERIM na kojem su sudjelovali suradnici iz Hrvatske, Sloveniji i Srbije. Sastanak je bio posve\u0107en razmjeni informacija, pregledu individualnih i grupnih istra\u017eivanjima u protekloj projektnoj godini te planiranju nastavka rada.<\/p>\n<p><!-- \/wp:paragraph --><\/div>\n<\/div>\n<p><!-- \/wp:media-text --><\/p>\n","comment_info":"0","_links":{"self":[{"href":"https:\/\/erim.ief.hr\/en\/wp-json\/wp\/v2\/posts\/1799"}],"collection":[{"href":"https:\/\/erim.ief.hr\/en\/wp-json\/wp\/v2\/posts"}],"about":[{"href":"https:\/\/erim.ief.hr\/en\/wp-json\/wp\/v2\/types\/post"}],"author":[{"embeddable":true,"href":"https:\/\/erim.ief.hr\/en\/wp-json\/wp\/v2\/users\/2"}],"replies":[{"embeddable":true,"href":"https:\/\/erim.ief.hr\/en\/wp-json\/wp\/v2\/comments?post=1799"}],"version-history":[{"count":5,"href":"https:\/\/erim.ief.hr\/en\/wp-json\/wp\/v2\/posts\/1799\/revisions"}],"predecessor-version":[{"id":1810,"href":"https:\/\/erim.ief.hr\/en\/wp-json\/wp\/v2\/posts\/1799\/revisions\/1810"}],"wp:attachment":[{"href":"https:\/\/erim.ief.hr\/en\/wp-json\/wp\/v2\/media?parent=1799"}],"wp:term":[{"taxonomy":"category","embeddable":true,"href":"https:\/\/erim.ief.hr\/en\/wp-json\/wp\/v2\/categories?post=1799"},{"taxonomy":"post_tag","embeddable":true,"href":"https:\/\/erim.ief.hr\/en\/wp-json\/wp\/v2\/tags?post=1799"}],"curies":[{"name":"wp","href":"https:\/\/api.w.org\/{rel}","templated":true}]}}