{"id":1928,"date":"2021-06-08T12:51:31","date_gmt":"2021-06-08T10:51:31","guid":{"rendered":"https:\/\/erim.ief.hr\/?p=1928"},"modified":"2022-07-17T21:30:48","modified_gmt":"2022-07-17T19:30:48","slug":"clanak-jelke-zorn-o-sekuritizaciji-i-kriminalizaciji-solidarnosti","status":"publish","type":"post","link":"https:\/\/erim.ief.hr\/en\/publikacije\/clanci\/clanak-jelke-zorn-o-sekuritizaciji-i-kriminalizaciji-solidarnosti\/","title":{"rendered":"\u010clanak Jelke Zorn o sekuritizaciji i kriminalizaciji solidarnosti"},"content":{"rendered":"<p class=\"has-normal-font-size\">U najnovijem broju <em>Revije za socialno delo<\/em> (60\/2) objavljen je znanstveni \u010dlanak Jelke Zorn: &#8220;Nasilne meje, varnostnizacija in kriminalizacija solidarnosti&#8221;. \u010clanak je u cijelosti dostupan na mre\u017enim stranicama <a rel=\"noreferrer noopener\" href=\"https:\/\/www.revija-socialnodelo.si\/mma\/7_Zorn.pdf\/2021052814533627\/\" data-type=\"URL\" data-id=\"https:\/\/www.revija-socialnodelo.si\/mma\/7_Zorn.pdf\/2021052814533627\/\" target=\"_blank\">\u010dasopisa<\/a>. <\/p>\n\n\n\n<div class=\"wp-block-image is-style-default\"><figure class=\"aligncenter size-large is-resized\"><img loading=\"lazy\" src=\"https:\/\/erim.ief.hr\/wp-content\/uploads\/2021\/06\/DSC_0149-1024x576.jpg\" alt=\"\" class=\"wp-image-1935\" width=\"789\" height=\"443\" srcset=\"https:\/\/erim.ief.hr\/wp-content\/uploads\/2021\/06\/DSC_0149-1024x576.jpg 1024w, https:\/\/erim.ief.hr\/wp-content\/uploads\/2021\/06\/DSC_0149-300x169.jpg 300w, https:\/\/erim.ief.hr\/wp-content\/uploads\/2021\/06\/DSC_0149-768x432.jpg 768w, https:\/\/erim.ief.hr\/wp-content\/uploads\/2021\/06\/DSC_0149-1536x864.jpg 1536w, https:\/\/erim.ief.hr\/wp-content\/uploads\/2021\/06\/DSC_0149-2048x1152.jpg 2048w, https:\/\/erim.ief.hr\/wp-content\/uploads\/2021\/06\/DSC_0149-16x9.jpg 16w, https:\/\/erim.ief.hr\/wp-content\/uploads\/2021\/06\/DSC_0149-302x170.jpg 302w\" sizes=\"(max-width: 789px) 100vw, 789px\" \/><figcaption>Zagreb, 11. 3. 2016. Foto: Marijana Hamer\u0161ak<\/figcaption><\/figure><\/div>\n\n\n\n<p><\/p>","protected":false},"excerpt":{"rendered":"<p>U najnovijem broju Revije za socialno delo (60\/2) objavljen je znanstveni \u010dlanak Jelke Zorn: &#8220;Nasilne meje, varnostnizacija in kriminalizacija solidarnosti&#8221;. \u010clanak je u cijelosti dostupan na mre\u017enim stranicama \u010dasopisa.<\/p>","protected":false},"author":2,"featured_media":1935,"comment_status":"closed","ping_status":"closed","sticky":false,"template":"","format":"standard","meta":{"_monsterinsights_skip_tracking":false,"_monsterinsights_sitenote_active":false,"_monsterinsights_sitenote_note":"","_monsterinsights_sitenote_category":0,"kk_blocks_editor_width":"","_kiokenblocks_attr":"","_kiokenblocks_dimensions":""},"categories":[25,37,38,13],"tags":[],"aioseo_notices":[],"featured_image_src":"https:\/\/erim.ief.hr\/wp-content\/uploads\/2021\/06\/DSC_0149.jpg","featured_image_src_square":"https:\/\/erim.ief.hr\/wp-content\/uploads\/2021\/06\/DSC_0149.jpg","author_info":{"display_name":"Marijana Hamersak","author_link":"https:\/\/erim.ief.hr\/en\/author\/marijana\/"},"category_info":"<a href=\"https:\/\/erim.ief.hr\/en\/category\/publikacije\/\" rel=\"category tag\">publikacije<\/a>, <a href=\"https:\/\/erim.ief.hr\/en\/category\/publikacije\/publikacije-2021\/\" rel=\"category tag\">publikacije II<\/a>, <a href=\"https:\/\/erim.ief.hr\/en\/category\/publikacije\/clanci\/znanstveni-clanci-2021\/\" rel=\"category tag\">znanstveni \u010dlanci II<\/a>, <a href=\"https:\/\/erim.ief.hr\/en\/category\/publikacije\/clanci\/\" rel=\"category tag\">znanstveni i stru\u010dni \u010dlanci<\/a>","tags_info":"","social_share_info":"<a data-share=\"facebook\" href=\"https:\/\/www.facebook.com\/sharer.php?u=https:\/\/erim.ief.hr\/en\/publikacije\/clanci\/clanak-jelke-zorn-o-sekuritizaciji-i-kriminalizaciji-solidarnosti\/\" class=\"tb-facebook-share social-share-default tb-social-share\" target=\"_blank\"><i class=\"fab fa-facebook-f\" aria-hidden=\"true\"><\/i><\/a><a data-share=\"twitter\" href=\"https:\/\/twitter.com\/share?url=https:\/\/erim.ief.hr\/en\/publikacije\/clanci\/clanak-jelke-zorn-o-sekuritizaciji-i-kriminalizaciji-solidarnosti\/\" class=\"tb-twiiter-share social-share-default tb-social-share\" target=\"_blank\"><i class=\"fab fa-twitter\" aria-hidden=\"true\"><\/i><\/a><a data-share=\"linkedin\" href=\"https:\/\/www.linkedin.com\/shareArticle?url=https:\/\/erim.ief.hr\/en\/publikacije\/clanci\/clanak-jelke-zorn-o-sekuritizaciji-i-kriminalizaciji-solidarnosti\/\" class=\"tb-linkedin-share social-share-default tb-social-share\" target=\"_blank\"><i class=\"fab fa-linkedin-in\" aria-hidden=\"true\"><\/i><\/a>","wordExcerpt_info":"<p><!-- wp:paragraph {\"className\":\"has-normal-font-size\",\"kioblocks\":[]} --><\/p>\n<p class=\"has-normal-font-size\">U najnovijem broju <em>Revije za socialno delo<\/em> (60\/2) objavljen je znanstveni \u010dlanak Jelke Zorn: &#8220;Nasilne meje, varnostnizacija in kriminalizacija solidarnosti&#8221;. \u010clanak je u cijelosti dostupan na mre\u017enim stranicama <a rel=\"noreferrer noopener\" href=\"https:\/\/www.revija-socialnodelo.si\/mma\/7_Zorn.pdf\/2021052814533627\/\" data-type=\"URL\" data-id=\"https:\/\/www.revija-socialnodelo.si\/mma\/7_Zorn.pdf\/2021052814533627\/\" target=\"_blank\">\u010dasopisa<\/a>. <\/p>\n<p><!-- \/wp:paragraph --><\/p>\n<p><!-- wp:image {\"align\":\"center\",\"id\":1935,\"width\":789,\"height\":443,\"sizeSlug\":\"large\",\"linkDestination\":\"none\",\"className\":\"is-style-default\",\"kioblocks\":[]} --><\/p>\n<div class=\"wp-block-image is-style-default\">\n<figure class=\"aligncenter size-large is-resized\"><img loading=\"lazy\" src=\"https:\/\/erim.ief.hr\/wp-content\/uploads\/2021\/06\/DSC_0149-1024x576.jpg\" alt=\"\" class=\"wp-image-1935\" width=\"789\" height=\"443\" \/><figcaption>Zagreb, 11. 3. 2016. Foto: Marijana Hamer\u0161ak<\/figcaption><\/figure>\n<\/div>\n<p><!-- \/wp:image --><\/p>\n<p><!-- wp:paragraph {\"kioblocks\":[]} --><\/p>\n<p><!-- \/wp:paragraph --><\/p>\n","comment_info":"0","_links":{"self":[{"href":"https:\/\/erim.ief.hr\/en\/wp-json\/wp\/v2\/posts\/1928"}],"collection":[{"href":"https:\/\/erim.ief.hr\/en\/wp-json\/wp\/v2\/posts"}],"about":[{"href":"https:\/\/erim.ief.hr\/en\/wp-json\/wp\/v2\/types\/post"}],"author":[{"embeddable":true,"href":"https:\/\/erim.ief.hr\/en\/wp-json\/wp\/v2\/users\/2"}],"replies":[{"embeddable":true,"href":"https:\/\/erim.ief.hr\/en\/wp-json\/wp\/v2\/comments?post=1928"}],"version-history":[{"count":10,"href":"https:\/\/erim.ief.hr\/en\/wp-json\/wp\/v2\/posts\/1928\/revisions"}],"predecessor-version":[{"id":1950,"href":"https:\/\/erim.ief.hr\/en\/wp-json\/wp\/v2\/posts\/1928\/revisions\/1950"}],"wp:featuredmedia":[{"embeddable":true,"href":"https:\/\/erim.ief.hr\/en\/wp-json\/wp\/v2\/media\/1935"}],"wp:attachment":[{"href":"https:\/\/erim.ief.hr\/en\/wp-json\/wp\/v2\/media?parent=1928"}],"wp:term":[{"taxonomy":"category","embeddable":true,"href":"https:\/\/erim.ief.hr\/en\/wp-json\/wp\/v2\/categories?post=1928"},{"taxonomy":"post_tag","embeddable":true,"href":"https:\/\/erim.ief.hr\/en\/wp-json\/wp\/v2\/tags?post=1928"}],"curies":[{"name":"wp","href":"https:\/\/api.w.org\/{rel}","templated":true}]}}