{"id":1999,"date":"2021-08-01T23:42:50","date_gmt":"2021-08-01T21:42:50","guid":{"rendered":"https:\/\/erim.ief.hr\/?p=1999"},"modified":"2022-07-11T23:37:40","modified_gmt":"2022-07-11T21:37:40","slug":"marta-stojic-mitrovic-o-spektaklima-granice-covidu-i-srbiji","status":"publish","type":"post","link":"https:\/\/erim.ief.hr\/en\/publikacije\/clanci\/marta-stojic-mitrovic-o-spektaklima-granice-covidu-i-srbiji\/","title":{"rendered":"Tekst Marte Stoji\u0107 Mitrovi\u0107 o granicama u pandemijskom kontekstu"},"content":{"rendered":"<p>Marta Stoji\u0107 Mitrovi\u0107 objavila je tekst &#8220;Border spectacles and COVID-19: from invisibility to forced encampment of people on the move in Serbia&#8221;. Tekst je prilog raspravi &#8220;Borders and the Production of Ill-Being&#8221;  platforme <em>Anthropological Theory Commons <\/em>te je u cijelosti dostupan <a rel=\"noreferrer noopener\" href=\"https:\/\/www.at-commons.com\/2021\/07\/29\/border-spectacles-and-covid-19-from-invisibility-to-forced-encampment-of-people-on-the-move-in-serbia\/\" data-type=\"URL\" data-id=\"https:\/\/www.at-commons.com\/2021\/07\/29\/border-spectacles-and-covid-19-from-invisibility-to-forced-encampment-of-people-on-the-move-in-serbia\/\" target=\"_blank\">ovdje<\/a>.  <\/p>\n\n\n\n<figure class=\"wp-block-image is-style-default\"><img src=\"https:\/\/www.at-commons.com\/wp-content\/uploads\/2021\/07\/photo1.png\" alt=\"\"\/><figcaption>Trnazitno-prihvatni centar Obrenovac. Izvor: Arhiva Ministarstva obrane Republike Srbije<\/figcaption><\/figure>","protected":false},"excerpt":{"rendered":"<p>Marta Stoji\u0107 Mitrovi\u0107 objavila je tekst &#8220;Border spectacles and COVID-19: from invisibility to forced encampment of people on the move in Serbia&#8221;. Tekst je prilog raspravi &#8220;Borders and the &hellip;<\/p>","protected":false},"author":2,"featured_media":1847,"comment_status":"closed","ping_status":"closed","sticky":false,"template":"","format":"standard","meta":{"_monsterinsights_skip_tracking":false,"_monsterinsights_sitenote_active":false,"_monsterinsights_sitenote_note":"","_monsterinsights_sitenote_category":0,"kk_blocks_editor_width":"","_kiokenblocks_attr":"","_kiokenblocks_dimensions":""},"categories":[25,37,48,13],"tags":[],"aioseo_notices":[],"featured_image_src":"https:\/\/erim.ief.hr\/wp-content\/uploads\/2021\/05\/ERIM-full-logo.png","featured_image_src_square":"https:\/\/erim.ief.hr\/wp-content\/uploads\/2021\/05\/ERIM-full-logo.png","author_info":{"display_name":"Marijana Hamersak","author_link":"https:\/\/erim.ief.hr\/en\/author\/marijana\/"},"category_info":"<a href=\"https:\/\/erim.ief.hr\/en\/category\/publikacije\/\" rel=\"category tag\">publikacije<\/a>, <a href=\"https:\/\/erim.ief.hr\/en\/category\/publikacije\/publikacije-2021\/\" rel=\"category tag\">publikacije II<\/a>, <a href=\"https:\/\/erim.ief.hr\/en\/category\/publikacije\/clanci\/strucni-clanci-ii\/\" rel=\"category tag\">stru\u010dni \u010dlanci II<\/a>, <a href=\"https:\/\/erim.ief.hr\/en\/category\/publikacije\/clanci\/\" rel=\"category tag\">znanstveni i stru\u010dni \u010dlanci<\/a>","tags_info":"","social_share_info":"<a data-share=\"facebook\" href=\"https:\/\/www.facebook.com\/sharer.php?u=https:\/\/erim.ief.hr\/en\/publikacije\/clanci\/marta-stojic-mitrovic-o-spektaklima-granice-covidu-i-srbiji\/\" class=\"tb-facebook-share social-share-default tb-social-share\" target=\"_blank\"><i class=\"fab fa-facebook-f\" aria-hidden=\"true\"><\/i><\/a><a data-share=\"twitter\" href=\"https:\/\/twitter.com\/share?url=https:\/\/erim.ief.hr\/en\/publikacije\/clanci\/marta-stojic-mitrovic-o-spektaklima-granice-covidu-i-srbiji\/\" class=\"tb-twiiter-share social-share-default tb-social-share\" target=\"_blank\"><i class=\"fab fa-twitter\" aria-hidden=\"true\"><\/i><\/a><a data-share=\"linkedin\" href=\"https:\/\/www.linkedin.com\/shareArticle?url=https:\/\/erim.ief.hr\/en\/publikacije\/clanci\/marta-stojic-mitrovic-o-spektaklima-granice-covidu-i-srbiji\/\" class=\"tb-linkedin-share social-share-default tb-social-share\" target=\"_blank\"><i class=\"fab fa-linkedin-in\" aria-hidden=\"true\"><\/i><\/a>","wordExcerpt_info":"<p><!-- wp:paragraph {\"kioblocks\":[]} --><\/p>\n<p>Marta Stoji\u0107 Mitrovi\u0107 objavila je tekst &#8220;Border spectacles and COVID-19: from invisibility to forced encampment of people on the move in Serbia&#8221;. Tekst je prilog raspravi &#8220;Borders and the Production of Ill-Being&#8221;  platforme <em>Anthropological Theory Commons <\/em>te je u cijelosti dostupan <a rel=\"noreferrer noopener\" href=\"https:\/\/www.at-commons.com\/2021\/07\/29\/border-spectacles-and-covid-19-from-invisibility-to-forced-encampment-of-people-on-the-move-in-serbia\/\" data-type=\"URL\" data-id=\"https:\/\/www.at-commons.com\/2021\/07\/29\/border-spectacles-and-covid-19-from-invisibility-to-forced-encampment-of-people-on-the-move-in-serbia\/\" target=\"_blank\">ovdje<\/a>.  <\/p>\n<p><!-- \/wp:paragraph --><\/p>\n<p><!-- wp:image {\"className\":\"is-style-default\",\"kioblocks\":[]} --><\/p>\n<figure class=\"wp-block-image is-style-default\"><img src=\"https:\/\/www.at-commons.com\/wp-content\/uploads\/2021\/07\/photo1.png\" alt=\"\" \/><figcaption>Trnazitno-prihvatni centar Obrenovac. Izvor: Arhiva Ministarstva obrane Republike Srbije<\/figcaption><\/figure>\n<p><!-- \/wp:image --><\/p>\n","comment_info":"0","_links":{"self":[{"href":"https:\/\/erim.ief.hr\/en\/wp-json\/wp\/v2\/posts\/1999"}],"collection":[{"href":"https:\/\/erim.ief.hr\/en\/wp-json\/wp\/v2\/posts"}],"about":[{"href":"https:\/\/erim.ief.hr\/en\/wp-json\/wp\/v2\/types\/post"}],"author":[{"embeddable":true,"href":"https:\/\/erim.ief.hr\/en\/wp-json\/wp\/v2\/users\/2"}],"replies":[{"embeddable":true,"href":"https:\/\/erim.ief.hr\/en\/wp-json\/wp\/v2\/comments?post=1999"}],"version-history":[{"count":3,"href":"https:\/\/erim.ief.hr\/en\/wp-json\/wp\/v2\/posts\/1999\/revisions"}],"predecessor-version":[{"id":2023,"href":"https:\/\/erim.ief.hr\/en\/wp-json\/wp\/v2\/posts\/1999\/revisions\/2023"}],"wp:featuredmedia":[{"embeddable":true,"href":"https:\/\/erim.ief.hr\/en\/wp-json\/wp\/v2\/media\/1847"}],"wp:attachment":[{"href":"https:\/\/erim.ief.hr\/en\/wp-json\/wp\/v2\/media?parent=1999"}],"wp:term":[{"taxonomy":"category","embeddable":true,"href":"https:\/\/erim.ief.hr\/en\/wp-json\/wp\/v2\/categories?post=1999"},{"taxonomy":"post_tag","embeddable":true,"href":"https:\/\/erim.ief.hr\/en\/wp-json\/wp\/v2\/tags?post=1999"}],"curies":[{"name":"wp","href":"https:\/\/api.w.org\/{rel}","templated":true}]}}