{"id":2045,"date":"2021-09-26T21:46:56","date_gmt":"2021-09-26T19:46:56","guid":{"rendered":"https:\/\/erim.ief.hr\/?p=2045"},"modified":"2022-07-17T21:26:49","modified_gmt":"2022-07-17T19:26:49","slug":"clanak-teodore-jovanovic-forced-immobilities-en-route-justified-violence-of-the-border-regime-in-balkans","status":"publish","type":"post","link":"https:\/\/erim.ief.hr\/en\/publikacije\/clanci\/clanak-teodore-jovanovic-forced-immobilities-en-route-justified-violence-of-the-border-regime-in-balkans\/","title":{"rendered":"\u010clanak Teodore Jovanovi\u0107: &#8220;Forced (Im)Mobilities En Route: \u2018Justified\u2019 Violence of the Border Regime in Balkans&#8221;"},"content":{"rendered":"<p>U najnovijem broju Glasnika Etnografskog instituta SANU (69\/2) objavljen je znanstveni \u010dlanak Teodore Jovanovi\u0107 o prisilnim kretanjima na tzv. balkanskoj  ruti. \u010clanak je u cijelosti dostupan <a rel=\"noreferrer noopener\" href=\"http:\/\/www.ei.sanu.ac.rs\/index.php\/gei\/article\/view\/978\/859\" target=\"_blank\">ovdje<\/a>.  <\/p>","protected":false},"excerpt":{"rendered":"<p>U najnovijem broju Glasnika Etnografskog instituta SANU (69\/2) objavljen je znanstveni \u010dlanak Teodore Jovanovi\u0107 o prisilnim kretanjima na tzv. balkanskoj ruti. \u010clanak je u cijelosti dostupan ovdje.<\/p>","protected":false},"author":2,"featured_media":2046,"comment_status":"closed","ping_status":"closed","sticky":false,"template":"","format":"standard","meta":{"_monsterinsights_skip_tracking":false,"_monsterinsights_sitenote_active":false,"_monsterinsights_sitenote_note":"","_monsterinsights_sitenote_category":0,"kk_blocks_editor_width":"","_kiokenblocks_attr":"","_kiokenblocks_dimensions":""},"categories":[25,37,38,13],"tags":[],"aioseo_notices":[],"featured_image_src":"https:\/\/erim.ief.hr\/wp-content\/uploads\/2021\/09\/IMG_20200617_161549-scaled.jpg","featured_image_src_square":"https:\/\/erim.ief.hr\/wp-content\/uploads\/2021\/09\/IMG_20200617_161549-scaled.jpg","author_info":{"display_name":"Marijana Hamersak","author_link":"https:\/\/erim.ief.hr\/en\/author\/marijana\/"},"category_info":"<a href=\"https:\/\/erim.ief.hr\/en\/category\/publikacije\/\" rel=\"category tag\">publikacije<\/a>, <a href=\"https:\/\/erim.ief.hr\/en\/category\/publikacije\/publikacije-2021\/\" rel=\"category tag\">publikacije II<\/a>, <a href=\"https:\/\/erim.ief.hr\/en\/category\/publikacije\/clanci\/znanstveni-clanci-2021\/\" rel=\"category tag\">znanstveni \u010dlanci II<\/a>, <a href=\"https:\/\/erim.ief.hr\/en\/category\/publikacije\/clanci\/\" rel=\"category tag\">znanstveni i stru\u010dni \u010dlanci<\/a>","tags_info":"","social_share_info":"<a data-share=\"facebook\" href=\"https:\/\/www.facebook.com\/sharer.php?u=https:\/\/erim.ief.hr\/en\/publikacije\/clanci\/clanak-teodore-jovanovic-forced-immobilities-en-route-justified-violence-of-the-border-regime-in-balkans\/\" class=\"tb-facebook-share social-share-default tb-social-share\" target=\"_blank\"><i class=\"fab fa-facebook-f\" aria-hidden=\"true\"><\/i><\/a><a data-share=\"twitter\" href=\"https:\/\/twitter.com\/share?url=https:\/\/erim.ief.hr\/en\/publikacije\/clanci\/clanak-teodore-jovanovic-forced-immobilities-en-route-justified-violence-of-the-border-regime-in-balkans\/\" class=\"tb-twiiter-share social-share-default tb-social-share\" target=\"_blank\"><i class=\"fab fa-twitter\" aria-hidden=\"true\"><\/i><\/a><a data-share=\"linkedin\" href=\"https:\/\/www.linkedin.com\/shareArticle?url=https:\/\/erim.ief.hr\/en\/publikacije\/clanci\/clanak-teodore-jovanovic-forced-immobilities-en-route-justified-violence-of-the-border-regime-in-balkans\/\" class=\"tb-linkedin-share social-share-default tb-social-share\" target=\"_blank\"><i class=\"fab fa-linkedin-in\" aria-hidden=\"true\"><\/i><\/a>","wordExcerpt_info":"<p><!-- wp:paragraph {\"kioblocks\":[]} --><\/p>\n<p>U najnovijem broju Glasnika Etnografskog instituta SANU (69\/2) objavljen je znanstveni \u010dlanak Teodore Jovanovi\u0107 o prisilnim kretanjima na tzv. balkanskoj  ruti. \u010clanak je u cijelosti dostupan <a rel=\"noreferrer noopener\" href=\"http:\/\/www.ei.sanu.ac.rs\/index.php\/gei\/article\/view\/978\/859\" target=\"_blank\">ovdje<\/a>.  <\/p>\n<p><!-- \/wp:paragraph --><\/p>\n","comment_info":"0","_links":{"self":[{"href":"https:\/\/erim.ief.hr\/en\/wp-json\/wp\/v2\/posts\/2045"}],"collection":[{"href":"https:\/\/erim.ief.hr\/en\/wp-json\/wp\/v2\/posts"}],"about":[{"href":"https:\/\/erim.ief.hr\/en\/wp-json\/wp\/v2\/types\/post"}],"author":[{"embeddable":true,"href":"https:\/\/erim.ief.hr\/en\/wp-json\/wp\/v2\/users\/2"}],"replies":[{"embeddable":true,"href":"https:\/\/erim.ief.hr\/en\/wp-json\/wp\/v2\/comments?post=2045"}],"version-history":[{"count":1,"href":"https:\/\/erim.ief.hr\/en\/wp-json\/wp\/v2\/posts\/2045\/revisions"}],"predecessor-version":[{"id":2047,"href":"https:\/\/erim.ief.hr\/en\/wp-json\/wp\/v2\/posts\/2045\/revisions\/2047"}],"wp:featuredmedia":[{"embeddable":true,"href":"https:\/\/erim.ief.hr\/en\/wp-json\/wp\/v2\/media\/2046"}],"wp:attachment":[{"href":"https:\/\/erim.ief.hr\/en\/wp-json\/wp\/v2\/media?parent=2045"}],"wp:term":[{"taxonomy":"category","embeddable":true,"href":"https:\/\/erim.ief.hr\/en\/wp-json\/wp\/v2\/categories?post=2045"},{"taxonomy":"post_tag","embeddable":true,"href":"https:\/\/erim.ief.hr\/en\/wp-json\/wp\/v2\/tags?post=2045"}],"curies":[{"name":"wp","href":"https:\/\/api.w.org\/{rel}","templated":true}]}}