{"id":2167,"date":"2021-11-10T22:47:03","date_gmt":"2021-11-10T21:47:03","guid":{"rendered":"https:\/\/erim.ief.hr\/?p=2167"},"modified":"2022-07-12T00:17:39","modified_gmt":"2022-07-11T22:17:39","slug":"projekcija-filmova-i-okrugli-stol-near-our-border","status":"publish","type":"post","link":"https:\/\/erim.ief.hr\/en\/predavanja-i-tribine\/projekcija-filmova-i-okrugli-stol-near-our-border\/","title":{"rendered":"Projekcija filmova i okrugli stol: Near our border"},"content":{"rendered":"<p>U organizaciji ERIM-a i  Are you Syrious? 10. studenog 2021. godine u Dokukinu KICu Zagrebu odr\u017eana je projekcija kratkih dokumentarnih filmova <strong>Nema budu\u0107nosti u Kladu\u0161i<\/strong> (u re\u017eiji Kai Liesegang) i <strong>U blizini na\u0161e granice<\/strong> (u re\u017eiji Martine Troxler) i  okrugli stol na kojem su uz moderaturu suradnika ERIM-a Bojana Mucka sudjelovali:  autorica filma U blizini na\u0161e granice <strong>Martina Troxler<\/strong>, producentica filma <strong>Pina Miggelbrink<\/strong>, <strong>Maddalena Avon<\/strong> iz Centra za mirovne studije, istra\u017eiva\u010dki novinar <strong>Jerko Bakotin<\/strong> i <strong>Milena Zajovi\u0107<\/strong> iz Are You Syrious?. Okrugli stol usmjerio se na raspravu o postoje\u0107im oblicima otpora sistemskom nasilju europskog migracijskog re\u017eima u kontekstu istovremene kriminalizacije solidarnosti i normalizacije nasilja. <\/p>\n\n\n\n<p>Prikazani dokumentarni filmovi snimljeni su recentno u Bosni i Hercegovini, u Unsko-sanskom kantonu, uz samu granicu s Hrvatskom, a temelje se na svjedo\u010danstvima ljudi u pokretu koji su policijskom nasilju i pu\u0161bekovima izlo\u017eeni svakodnevno. U aktualnom europskom, a onda i hrvatskom politi\u010dkom diskursu, o policijskom se nasilju prema ljudima u pokretu govori u kategorijama iznimki i pojedina\u010dnih ekscesa, me\u0111utim, iskustvo \u017eivota u pograni\u010dnom podru\u010dju otkriva druga\u010diju sliku. Filmovi pokazuju da je nasilje dio uhodanog, svakodnevnog mehanizma za\u0161tite vanjskih granica EU \u2013 dakle pravilo, a ne iznimka. Nasilje i isklju\u010divanje odvijaju se na sistemskoj razini, a tu tabuiziranu dru\u0161tvenu \u010dinjenicu potvr\u0111uju, primjerice i stotine javno dostupnih svjedo\u010danstava (prikupljenih radom mre\u017ee organizacija okupljenih u Border Violence Monitoring Network i dr.), kao i terenski istra\u017eiva\u010dki rad. Okrugli stol usmjerio se stoga na pitanje kojim kolektivnim, aktivisti\u010dkim, medijskim, zagovara\u010dkim i pravnim alatima se borba vodi s hrvatske strane granice.<\/p>\n\n\n\n<figure class=\"wp-block-gallery columns-3 is-cropped\"><ul class=\"blocks-gallery-grid\"><li class=\"blocks-gallery-item\"><figure><img loading=\"lazy\" width=\"155\" height=\"206\" src=\"https:\/\/erim.ief.hr\/wp-content\/uploads\/2021\/11\/Kic-Dokukino-10.-11.-2021.-Foto-Marijana-Hamersak.jpg\" alt=\"\" data-id=\"2170\" data-full-url=\"https:\/\/erim.ief.hr\/wp-content\/uploads\/2021\/11\/Kic-Dokukino-10.-11.-2021.-Foto-Marijana-Hamersak.jpg\" data-link=\"https:\/\/erim.ief.hr\/?attachment_id=2170\" class=\"wp-image-2170\" srcset=\"https:\/\/erim.ief.hr\/wp-content\/uploads\/2021\/11\/Kic-Dokukino-10.-11.-2021.-Foto-Marijana-Hamersak.jpg 155w, https:\/\/erim.ief.hr\/wp-content\/uploads\/2021\/11\/Kic-Dokukino-10.-11.-2021.-Foto-Marijana-Hamersak-9x12.jpg 9w, https:\/\/erim.ief.hr\/wp-content\/uploads\/2021\/11\/Kic-Dokukino-10.-11.-2021.-Foto-Marijana-Hamersak-105x140.jpg 105w\" sizes=\"(max-width: 155px) 100vw, 155px\" \/><\/figure><\/li><li class=\"blocks-gallery-item\"><figure><img loading=\"lazy\" width=\"275\" height=\"206\" src=\"https:\/\/erim.ief.hr\/wp-content\/uploads\/2021\/11\/Dokukino-Kic-10.-11.-2021.-Foto-Marijana-Hamersak-3.jpg\" alt=\"\" data-id=\"2168\" data-full-url=\"https:\/\/erim.ief.hr\/wp-content\/uploads\/2021\/11\/Dokukino-Kic-10.-11.-2021.-Foto-Marijana-Hamersak-3.jpg\" data-link=\"https:\/\/erim.ief.hr\/?attachment_id=2168\" class=\"wp-image-2168\" srcset=\"https:\/\/erim.ief.hr\/wp-content\/uploads\/2021\/11\/Dokukino-Kic-10.-11.-2021.-Foto-Marijana-Hamersak-3.jpg 275w, https:\/\/erim.ief.hr\/wp-content\/uploads\/2021\/11\/Dokukino-Kic-10.-11.-2021.-Foto-Marijana-Hamersak-3-16x12.jpg 16w, https:\/\/erim.ief.hr\/wp-content\/uploads\/2021\/11\/Dokukino-Kic-10.-11.-2021.-Foto-Marijana-Hamersak-3-187x140.jpg 187w\" sizes=\"(max-width: 275px) 100vw, 275px\" \/><\/figure><\/li><li class=\"blocks-gallery-item\"><figure><img loading=\"lazy\" width=\"275\" height=\"206\" src=\"https:\/\/erim.ief.hr\/wp-content\/uploads\/2021\/11\/Dokukino-Kic-10.-11.-2021.-Foto-Marijana-Hamersak.jpg\" alt=\"\" data-id=\"2169\" data-full-url=\"https:\/\/erim.ief.hr\/wp-content\/uploads\/2021\/11\/Dokukino-Kic-10.-11.-2021.-Foto-Marijana-Hamersak.jpg\" data-link=\"https:\/\/erim.ief.hr\/?attachment_id=2169\" class=\"wp-image-2169\" srcset=\"https:\/\/erim.ief.hr\/wp-content\/uploads\/2021\/11\/Dokukino-Kic-10.-11.-2021.-Foto-Marijana-Hamersak.jpg 275w, https:\/\/erim.ief.hr\/wp-content\/uploads\/2021\/11\/Dokukino-Kic-10.-11.-2021.-Foto-Marijana-Hamersak-16x12.jpg 16w, https:\/\/erim.ief.hr\/wp-content\/uploads\/2021\/11\/Dokukino-Kic-10.-11.-2021.-Foto-Marijana-Hamersak-187x140.jpg 187w\" sizes=\"(max-width: 275px) 100vw, 275px\" \/><\/figure><\/li><\/ul><\/figure>\n\n\n\n<p>Facebook <a href=\"https:\/\/www.facebook.com\/events\/1017303489110402\/\" target=\"_blank\" rel=\"noreferrer noopener\">call<\/a><\/p>","protected":false},"excerpt":{"rendered":"<p>U organizaciji ERIM-a i Are you Syrious? 10. studenog 2021. godine u Dokukinu KICu Zagrebu odr\u017eana je projekcija kratkih dokumentarnih filmova Nema budu\u0107nosti u Kladu\u0161i (u re\u017eiji Kai Liesegang) &hellip;<\/p>","protected":false},"author":2,"featured_media":0,"comment_status":"closed","ping_status":"closed","sticky":false,"template":"","format":"standard","meta":{"_monsterinsights_skip_tracking":false,"_monsterinsights_sitenote_active":false,"_monsterinsights_sitenote_note":"","_monsterinsights_sitenote_category":0,"kk_blocks_editor_width":"","_kiokenblocks_attr":"","_kiokenblocks_dimensions":""},"categories":[28,35,4],"tags":[],"aioseo_notices":[],"featured_image_src":" ","featured_image_src_square":" ","author_info":{"display_name":"Marijana Hamersak","author_link":"https:\/\/erim.ief.hr\/en\/author\/marijana\/"},"category_info":"<a href=\"https:\/\/erim.ief.hr\/en\/category\/predavanja-i-tribine\/predavanja-tribine\/\" rel=\"category tag\">predavanja i tribine<\/a>, <a href=\"https:\/\/erim.ief.hr\/en\/category\/predavanja-i-tribine\/predavanja-tribine\/predavanja-i-tribine-2021\/\" rel=\"category tag\">tribine II<\/a>, <a href=\"https:\/\/erim.ief.hr\/en\/category\/predavanja-i-tribine\/\" rel=\"category tag\">znanstvene konferencije, predavanja i tribine<\/a>","tags_info":"","social_share_info":"<a data-share=\"facebook\" href=\"https:\/\/www.facebook.com\/sharer.php?u=https:\/\/erim.ief.hr\/en\/predavanja-i-tribine\/projekcija-filmova-i-okrugli-stol-near-our-border\/\" class=\"tb-facebook-share social-share-default tb-social-share\" target=\"_blank\"><i class=\"fab fa-facebook-f\" aria-hidden=\"true\"><\/i><\/a><a data-share=\"twitter\" href=\"https:\/\/twitter.com\/share?url=https:\/\/erim.ief.hr\/en\/predavanja-i-tribine\/projekcija-filmova-i-okrugli-stol-near-our-border\/\" class=\"tb-twiiter-share social-share-default tb-social-share\" target=\"_blank\"><i class=\"fab fa-twitter\" aria-hidden=\"true\"><\/i><\/a><a data-share=\"linkedin\" href=\"https:\/\/www.linkedin.com\/shareArticle?url=https:\/\/erim.ief.hr\/en\/predavanja-i-tribine\/projekcija-filmova-i-okrugli-stol-near-our-border\/\" class=\"tb-linkedin-share social-share-default tb-social-share\" target=\"_blank\"><i class=\"fab fa-linkedin-in\" aria-hidden=\"true\"><\/i><\/a>","wordExcerpt_info":"<p><!-- wp:paragraph {\"kioblocks\":[]} --><\/p>\n<p>U organizaciji ERIM-a i  Are you Syrious? 10. studenog 2021. godine u Dokukinu KICu Zagrebu odr\u017eana je projekcija kratkih dokumentarnih filmova <strong>Nema budu\u0107nosti u Kladu\u0161i<\/strong> (u re\u017eiji Kai Liesegang) i <strong>U blizini na\u0161e granice<\/strong> (u re\u017eiji Martine Troxler) i  okrugli stol na kojem su uz moderaturu suradnika ERIM-a Bojana Mucka sudjelovali:  autorica filma U blizini na\u0161e granice <strong>Martina Troxler<\/strong>, producentica filma <strong>Pina Miggelbrink<\/strong>, <strong>Maddalena Avon<\/strong> iz Centra za mirovne studije, istra\u017eiva\u010dki novinar <strong>Jerko Bakotin<\/strong> i <strong>Milena Zajovi\u0107<\/strong> iz Are You Syrious?. Okrugli stol usmjerio se na raspravu o postoje\u0107im oblicima otpora sistemskom nasilju europskog migracijskog re\u017eima u kontekstu istovremene kriminalizacije solidarnosti i normalizacije nasilja. <\/p>\n<p><!-- \/wp:paragraph --><\/p>\n<p><!-- wp:paragraph {\"kioblocks\":[]} --><\/p>\n<p>Prikazani dokumentarni filmovi snimljeni su recentno u Bosni i Hercegovini, u Unsko-sanskom kantonu, uz samu granicu s Hrvatskom, a temelje se na svjedo\u010danstvima ljudi u pokretu koji su policijskom nasilju i pu\u0161bekovima izlo\u017eeni svakodnevno. U aktualnom europskom, a onda i hrvatskom politi\u010dkom diskursu, o policijskom se nasilju prema ljudima u pokretu govori u kategorijama iznimki i pojedina\u010dnih ekscesa, me\u0111utim, iskustvo \u017eivota u pograni\u010dnom podru\u010dju otkriva druga\u010diju sliku. Filmovi pokazuju da je nasilje dio uhodanog, svakodnevnog mehanizma za\u0161tite vanjskih granica EU \u2013 dakle pravilo, a ne iznimka. Nasilje i isklju\u010divanje odvijaju se na sistemskoj razini, a tu tabuiziranu dru\u0161tvenu \u010dinjenicu potvr\u0111uju, primjerice i stotine javno dostupnih svjedo\u010danstava (prikupljenih radom mre\u017ee organizacija okupljenih u Border Violence Monitoring Network i dr.), kao i terenski istra\u017eiva\u010dki rad. Okrugli stol usmjerio se stoga na pitanje kojim kolektivnim, aktivisti\u010dkim, medijskim, zagovara\u010dkim i pravnim alatima se borba vodi s hrvatske strane granice.<\/p>\n<p><!-- \/wp:paragraph --><\/p>\n<p><!-- wp:gallery {\"ids\":[2170,2168,2169],\"linkTo\":\"none\",\"kioblocks\":[]} --><\/p>\n<figure class=\"wp-block-gallery columns-3 is-cropped\">\n<ul class=\"blocks-gallery-grid\">\n<li class=\"blocks-gallery-item\">\n<figure><img loading=\"lazy\" width=\"155\" height=\"206\" src=\"https:\/\/erim.ief.hr\/wp-content\/uploads\/2021\/11\/Kic-Dokukino-10.-11.-2021.-Foto-Marijana-Hamersak.jpg\" alt=\"\" data-id=\"2170\" data-full-url=\"https:\/\/erim.ief.hr\/wp-content\/uploads\/2021\/11\/Kic-Dokukino-10.-11.-2021.-Foto-Marijana-Hamersak.jpg\" data-link=\"https:\/\/erim.ief.hr\/?attachment_id=2170\" class=\"wp-image-2170\" \/><\/figure>\n<\/li>\n<li class=\"blocks-gallery-item\">\n<figure><img loading=\"lazy\" width=\"275\" height=\"206\" src=\"https:\/\/erim.ief.hr\/wp-content\/uploads\/2021\/11\/Dokukino-Kic-10.-11.-2021.-Foto-Marijana-Hamersak-3.jpg\" alt=\"\" data-id=\"2168\" data-full-url=\"https:\/\/erim.ief.hr\/wp-content\/uploads\/2021\/11\/Dokukino-Kic-10.-11.-2021.-Foto-Marijana-Hamersak-3.jpg\" data-link=\"https:\/\/erim.ief.hr\/?attachment_id=2168\" class=\"wp-image-2168\" \/><\/figure>\n<\/li>\n<li class=\"blocks-gallery-item\">\n<figure><img loading=\"lazy\" width=\"275\" height=\"206\" src=\"https:\/\/erim.ief.hr\/wp-content\/uploads\/2021\/11\/Dokukino-Kic-10.-11.-2021.-Foto-Marijana-Hamersak.jpg\" alt=\"\" data-id=\"2169\" data-full-url=\"https:\/\/erim.ief.hr\/wp-content\/uploads\/2021\/11\/Dokukino-Kic-10.-11.-2021.-Foto-Marijana-Hamersak.jpg\" data-link=\"https:\/\/erim.ief.hr\/?attachment_id=2169\" class=\"wp-image-2169\" \/><\/figure>\n<\/li>\n<\/ul>\n<\/figure>\n<p><!-- \/wp:gallery --><\/p>\n<p><!-- wp:paragraph {\"kioblocks\":[]} --><\/p>\n<p>Facebook <a href=\"https:\/\/www.facebook.com\/events\/1017303489110402\/\" target=\"_blank\" rel=\"noreferrer noopener\">call<\/a><\/p>\n<p><!-- \/wp:paragraph --><\/p>\n","comment_info":"0","_links":{"self":[{"href":"https:\/\/erim.ief.hr\/en\/wp-json\/wp\/v2\/posts\/2167"}],"collection":[{"href":"https:\/\/erim.ief.hr\/en\/wp-json\/wp\/v2\/posts"}],"about":[{"href":"https:\/\/erim.ief.hr\/en\/wp-json\/wp\/v2\/types\/post"}],"author":[{"embeddable":true,"href":"https:\/\/erim.ief.hr\/en\/wp-json\/wp\/v2\/users\/2"}],"replies":[{"embeddable":true,"href":"https:\/\/erim.ief.hr\/en\/wp-json\/wp\/v2\/comments?post=2167"}],"version-history":[{"count":6,"href":"https:\/\/erim.ief.hr\/en\/wp-json\/wp\/v2\/posts\/2167\/revisions"}],"predecessor-version":[{"id":2180,"href":"https:\/\/erim.ief.hr\/en\/wp-json\/wp\/v2\/posts\/2167\/revisions\/2180"}],"wp:attachment":[{"href":"https:\/\/erim.ief.hr\/en\/wp-json\/wp\/v2\/media?parent=2167"}],"wp:term":[{"taxonomy":"category","embeddable":true,"href":"https:\/\/erim.ief.hr\/en\/wp-json\/wp\/v2\/categories?post=2167"},{"taxonomy":"post_tag","embeddable":true,"href":"https:\/\/erim.ief.hr\/en\/wp-json\/wp\/v2\/tags?post=2167"}],"curies":[{"name":"wp","href":"https:\/\/api.w.org\/{rel}","templated":true}]}}