{"id":2264,"date":"2022-03-02T17:17:35","date_gmt":"2022-03-02T16:17:35","guid":{"rendered":"https:\/\/erim.ief.hr\/?p=2264"},"modified":"2023-02-27T00:00:33","modified_gmt":"2023-02-26T23:00:33","slug":"odrzana-projektna-radionica-i-sastanci","status":"publish","type":"post","link":"https:\/\/erim.ief.hr\/en\/radionice-i-sastanci\/radni-sastanci\/odrzana-projektna-radionica-i-sastanci\/","title":{"rendered":"Odr\u017eana projektna radionica i sastanci"},"content":{"rendered":"<p>Dana 1. i 2. 3. 2022. godine u Institutu za etnologiju i folkloristiku u Zagrebu odr\u017eana je projektna istra\u017eiva\u010dka radionica na temu dru\u0161tvenohumanisti\u010dki utemeljenog pojmovlja vezanog za europski re\u017eim iregulariziranih migracija na periferiji EU na kojoj su definirani novi jezgreni pojmovi <em>Pojmovnika europskog re\u017eima na periferiji EU<\/em>, kao i projektni radni sastanci na kojima su predstavljeni dosada\u0161nji rezultati rada te dogovoreni modaliteti daljnjeg rada i terenskih istra\u017eivanja u narednom razdoblju.<\/p>\n\n\n\n<figure class=\"wp-block-gallery alignwide columns-2 is-cropped\"><ul class=\"blocks-gallery-grid\"><li class=\"blocks-gallery-item\"><figure><img loading=\"lazy\" width=\"1024\" height=\"768\" src=\"https:\/\/erim.ief.hr\/wp-content\/uploads\/2022\/03\/ERIM-2.-3.-2022.-I-1024x768.jpg\" alt=\"\" data-id=\"2265\" data-full-url=\"https:\/\/erim.ief.hr\/wp-content\/uploads\/2022\/03\/ERIM-2.-3.-2022.-I-scaled.jpg\" data-link=\"https:\/\/erim.ief.hr\/?attachment_id=2265\" class=\"wp-image-2265\" srcset=\"https:\/\/erim.ief.hr\/wp-content\/uploads\/2022\/03\/ERIM-2.-3.-2022.-I-1024x768.jpg 1024w, https:\/\/erim.ief.hr\/wp-content\/uploads\/2022\/03\/ERIM-2.-3.-2022.-I-300x225.jpg 300w, https:\/\/erim.ief.hr\/wp-content\/uploads\/2022\/03\/ERIM-2.-3.-2022.-I-768x576.jpg 768w, https:\/\/erim.ief.hr\/wp-content\/uploads\/2022\/03\/ERIM-2.-3.-2022.-I-1536x1152.jpg 1536w, https:\/\/erim.ief.hr\/wp-content\/uploads\/2022\/03\/ERIM-2.-3.-2022.-I-2048x1536.jpg 2048w, https:\/\/erim.ief.hr\/wp-content\/uploads\/2022\/03\/ERIM-2.-3.-2022.-I-16x12.jpg 16w, https:\/\/erim.ief.hr\/wp-content\/uploads\/2022\/03\/ERIM-2.-3.-2022.-I-187x140.jpg 187w, https:\/\/erim.ief.hr\/wp-content\/uploads\/2022\/03\/ERIM-2.-3.-2022.-I-450x338.jpg 450w, https:\/\/erim.ief.hr\/wp-content\/uploads\/2022\/03\/ERIM-2.-3.-2022.-I-280x210.jpg 280w\" sizes=\"(max-width: 1024px) 100vw, 1024px\" \/><\/figure><\/li><li class=\"blocks-gallery-item\"><figure><img loading=\"lazy\" width=\"1024\" height=\"768\" src=\"https:\/\/erim.ief.hr\/wp-content\/uploads\/2022\/03\/ERIM-2.-3.-2022.-1024x768.jpg\" alt=\"\" data-id=\"2266\" data-full-url=\"https:\/\/erim.ief.hr\/wp-content\/uploads\/2022\/03\/ERIM-2.-3.-2022.-scaled.jpg\" data-link=\"https:\/\/erim.ief.hr\/?attachment_id=2266\" class=\"wp-image-2266\" srcset=\"https:\/\/erim.ief.hr\/wp-content\/uploads\/2022\/03\/ERIM-2.-3.-2022.-1024x768.jpg 1024w, https:\/\/erim.ief.hr\/wp-content\/uploads\/2022\/03\/ERIM-2.-3.-2022.-300x225.jpg 300w, https:\/\/erim.ief.hr\/wp-content\/uploads\/2022\/03\/ERIM-2.-3.-2022.-768x576.jpg 768w, https:\/\/erim.ief.hr\/wp-content\/uploads\/2022\/03\/ERIM-2.-3.-2022.-1536x1152.jpg 1536w, https:\/\/erim.ief.hr\/wp-content\/uploads\/2022\/03\/ERIM-2.-3.-2022.-2048x1536.jpg 2048w, https:\/\/erim.ief.hr\/wp-content\/uploads\/2022\/03\/ERIM-2.-3.-2022.-16x12.jpg 16w, https:\/\/erim.ief.hr\/wp-content\/uploads\/2022\/03\/ERIM-2.-3.-2022.-187x140.jpg 187w, https:\/\/erim.ief.hr\/wp-content\/uploads\/2022\/03\/ERIM-2.-3.-2022.-450x338.jpg 450w, https:\/\/erim.ief.hr\/wp-content\/uploads\/2022\/03\/ERIM-2.-3.-2022.-280x210.jpg 280w\" sizes=\"(max-width: 1024px) 100vw, 1024px\" \/><figcaption class=\"blocks-gallery-item__caption\">rbt<\/figcaption><\/figure><\/li><\/ul><\/figure>\n\n\n\n<p><\/p>","protected":false},"excerpt":{"rendered":"<p>Dana 1. i 2. 3. 2022. godine u Institutu za etnologiju i folkloristiku u Zagrebu odr\u017eana je projektna istra\u017eiva\u010dka radionica na temu dru\u0161tvenohumanisti\u010dki utemeljenog pojmovlja vezanog za europski re\u017eim &hellip;<\/p>","protected":false},"author":2,"featured_media":0,"comment_status":"closed","ping_status":"closed","sticky":false,"template":"","format":"standard","meta":{"_monsterinsights_skip_tracking":false,"_monsterinsights_sitenote_active":false,"_monsterinsights_sitenote_note":"","_monsterinsights_sitenote_category":0,"kk_blocks_editor_width":"","_kiokenblocks_attr":"","_kiokenblocks_dimensions":""},"categories":[30,36,6,32,29],"tags":[],"aioseo_notices":[],"featured_image_src":" ","featured_image_src_square":" ","author_info":{"display_name":"Marijana Hamersak","author_link":"https:\/\/erim.ief.hr\/en\/author\/marijana\/"},"category_info":"<a href=\"https:\/\/erim.ief.hr\/en\/category\/radionice-i-sastanci\/radionice\/projektne-radionice\/\" rel=\"category tag\">projektne radionice<\/a>, <a href=\"https:\/\/erim.ief.hr\/en\/category\/radionice-i-sastanci\/radionice\/projektne-radionice\/radionice-2021\/\" rel=\"category tag\">projektne radionice II<\/a>, <a href=\"https:\/\/erim.ief.hr\/en\/category\/radionice-i-sastanci\/radni-sastanci\/\" rel=\"category tag\">radni sastanci<\/a>, <a href=\"https:\/\/erim.ief.hr\/en\/category\/radionice-i-sastanci\/radni-sastanci\/radni-sastanci-2021\/\" rel=\"category tag\">radni sastanci II<\/a>, <a href=\"https:\/\/erim.ief.hr\/en\/category\/radionice-i-sastanci\/\" rel=\"category tag\">sastanci, radionice i seminari<\/a>","tags_info":"","social_share_info":"<a data-share=\"facebook\" href=\"https:\/\/www.facebook.com\/sharer.php?u=https:\/\/erim.ief.hr\/en\/radionice-i-sastanci\/radni-sastanci\/odrzana-projektna-radionica-i-sastanci\/\" class=\"tb-facebook-share social-share-default tb-social-share\" target=\"_blank\"><i class=\"fab fa-facebook-f\" aria-hidden=\"true\"><\/i><\/a><a data-share=\"twitter\" href=\"https:\/\/twitter.com\/share?url=https:\/\/erim.ief.hr\/en\/radionice-i-sastanci\/radni-sastanci\/odrzana-projektna-radionica-i-sastanci\/\" class=\"tb-twiiter-share social-share-default tb-social-share\" target=\"_blank\"><i class=\"fab fa-twitter\" aria-hidden=\"true\"><\/i><\/a><a data-share=\"linkedin\" href=\"https:\/\/www.linkedin.com\/shareArticle?url=https:\/\/erim.ief.hr\/en\/radionice-i-sastanci\/radni-sastanci\/odrzana-projektna-radionica-i-sastanci\/\" class=\"tb-linkedin-share social-share-default tb-social-share\" target=\"_blank\"><i class=\"fab fa-linkedin-in\" aria-hidden=\"true\"><\/i><\/a>","wordExcerpt_info":"<p><!-- wp:paragraph {\"kioblocks\":[]} --><\/p>\n<p>Dana 1. i 2. 3. 2022. godine u Institutu za etnologiju i folkloristiku u Zagrebu odr\u017eana je projektna istra\u017eiva\u010dka radionica na temu dru\u0161tvenohumanisti\u010dki utemeljenog pojmovlja vezanog za europski re\u017eim iregulariziranih migracija na periferiji EU na kojoj su definirani novi jezgreni pojmovi <em>Pojmovnika europskog re\u017eima na periferiji EU<\/em>, kao i projektni radni sastanci na kojima su predstavljeni dosada\u0161nji rezultati rada te dogovoreni modaliteti daljnjeg rada i terenskih istra\u017eivanja u narednom razdoblju.<\/p>\n<p><!-- \/wp:paragraph --><\/p>\n<p><!-- wp:gallery {\"ids\":[2265,2266],\"linkTo\":\"none\",\"align\":\"wide\",\"kioblocks\":[]} --><\/p>\n<figure class=\"wp-block-gallery alignwide columns-2 is-cropped\">\n<ul class=\"blocks-gallery-grid\">\n<li class=\"blocks-gallery-item\">\n<figure><img loading=\"lazy\" width=\"1024\" height=\"768\" src=\"https:\/\/erim.ief.hr\/wp-content\/uploads\/2022\/03\/ERIM-2.-3.-2022.-I-1024x768.jpg\" alt=\"\" data-id=\"2265\" data-full-url=\"https:\/\/erim.ief.hr\/wp-content\/uploads\/2022\/03\/ERIM-2.-3.-2022.-I-scaled.jpg\" data-link=\"https:\/\/erim.ief.hr\/?attachment_id=2265\" class=\"wp-image-2265\" \/><\/figure>\n<\/li>\n<li class=\"blocks-gallery-item\">\n<figure><img loading=\"lazy\" width=\"1024\" height=\"768\" src=\"https:\/\/erim.ief.hr\/wp-content\/uploads\/2022\/03\/ERIM-2.-3.-2022.-1024x768.jpg\" alt=\"\" data-id=\"2266\" data-full-url=\"https:\/\/erim.ief.hr\/wp-content\/uploads\/2022\/03\/ERIM-2.-3.-2022.-scaled.jpg\" data-link=\"https:\/\/erim.ief.hr\/?attachment_id=2266\" class=\"wp-image-2266\" \/><figcaption class=\"blocks-gallery-item__caption\">rbt<\/figcaption><\/figure>\n<\/li>\n<\/ul>\n<\/figure>\n<p><!-- \/wp:gallery --><\/p>\n<p><!-- wp:paragraph {\"kioblocks\":[]} --><\/p>\n<p><!-- \/wp:paragraph --><\/p>\n","comment_info":"0","_links":{"self":[{"href":"https:\/\/erim.ief.hr\/en\/wp-json\/wp\/v2\/posts\/2264"}],"collection":[{"href":"https:\/\/erim.ief.hr\/en\/wp-json\/wp\/v2\/posts"}],"about":[{"href":"https:\/\/erim.ief.hr\/en\/wp-json\/wp\/v2\/types\/post"}],"author":[{"embeddable":true,"href":"https:\/\/erim.ief.hr\/en\/wp-json\/wp\/v2\/users\/2"}],"replies":[{"embeddable":true,"href":"https:\/\/erim.ief.hr\/en\/wp-json\/wp\/v2\/comments?post=2264"}],"version-history":[{"count":2,"href":"https:\/\/erim.ief.hr\/en\/wp-json\/wp\/v2\/posts\/2264\/revisions"}],"predecessor-version":[{"id":2538,"href":"https:\/\/erim.ief.hr\/en\/wp-json\/wp\/v2\/posts\/2264\/revisions\/2538"}],"wp:attachment":[{"href":"https:\/\/erim.ief.hr\/en\/wp-json\/wp\/v2\/media?parent=2264"}],"wp:term":[{"taxonomy":"category","embeddable":true,"href":"https:\/\/erim.ief.hr\/en\/wp-json\/wp\/v2\/categories?post=2264"},{"taxonomy":"post_tag","embeddable":true,"href":"https:\/\/erim.ief.hr\/en\/wp-json\/wp\/v2\/tags?post=2264"}],"curies":[{"name":"wp","href":"https:\/\/api.w.org\/{rel}","templated":true}]}}