{"id":2294,"date":"2022-04-04T12:22:44","date_gmt":"2022-04-04T10:22:44","guid":{"rendered":"https:\/\/erim.ief.hr\/?p=2294"},"modified":"2023-02-18T21:54:25","modified_gmt":"2023-02-18T20:54:25","slug":"odrzane-studentsko-istrazivacke-radionice","status":"publish","type":"post","link":"https:\/\/erim.ief.hr\/en\/radionice-i-sastanci\/odrzane-studentsko-istrazivacke-radionice\/","title":{"rendered":"Odr\u017eane studentsko-istra\u017eiva\u010dke radionice u Biha\u0107u"},"content":{"rendered":"<p>Studentsko-istra\u017eiva\u010dke radionice za studentice i studente ljubljanskog Odsjeka za etnologiju i kulturnu antropologiju odr\u017eane u Biha\u0107u od 24. do 27. o\u017eujka 2022. godine organizirane  su u suradnji Odsjeka za etnologiju i kulturnu antropologiju Sveu\u010dili\u0161ta u Ljubljani i istra\u017eiva\u010dkog projekta Europski re\u017eim iregulariziranih migracija na periferiji EU: od etnografije do pojmovnika (ERIM) Hrvatske zaklade za znanosti koji se provodi na Institutu za etnologiju i folkloristiku. Studenti\/ce su okupljene\/i kolegijem Suvremene migracije, dr\u017eavljanstvo i etni\u010dke manjine, a pridru\u017eilo im se i par kolega\/ica s Filozofskog fakulteta u Zagrebu.<\/p>\n\n\n\n<p>Kroz tri intenzivna dana ispunjena razgovorima, susretima i dru\u017eenjem s lokalnim akterima i pomaga\u010dima, internacionalnim aktivistima i ljudima u pokretu \u2013 vr\u0161njacima studenata\/ica \u2013 ocrtala se kompleksnost su\u017eivota lokalnog stanovni\u0161tva, ljudi u pokretu i internacionalnih aktera koji je podjednako obilje\u017een i globalnim i lokalnim faktorima \u2013 i rasizmom europskih politika migracija i lokalnom kriminalizacijom solidarnosti. Posjetili smo i centar Kompas 077 i jedno poslijepodne proveli zajedno s ljudima u pokretu koji usluge centra (npr. pranje odje\u0107e, tu\u0161iranje, dnevni boravak i <em>free shop<\/em> ) koriste svakodnevno. Radni prostor za grupne refleksije i sastanke, organiziran je u prostoru centra za mlade IDEJA na \u010demu zahvaljujemo organizacijskom timu\u00a0 U pokretu.\u00a0\u00a0<\/p>\n\n\n\n<p>Suradnji nastavljamo kroz predstavljanja i diskusije o etnografskim refleksijama studenata\/ica u formi pojmova koji doprinose razumijevanju razli\u010ditih aspekata europskog re\u017eima migracija na periferiji EU.&nbsp;&nbsp;&nbsp;&nbsp;&nbsp;<\/p>\n\n\n\n<p>Sudionici\/e: Ur\u0161ula Lipovec \u010cebron, Ana Sarah Luna\u010dek Brumen, Jan Grah, Luka Kropivnik, Tisa Ku\u010dan Lah, Marijana Hamer\u0161ak, Bojan Mucko, Dagmar Nared, Mirjam Perez Zelenc, Du\u0161ko Petrovi\u0107, Meta Poklukar, Romana Pozniak, Viktor Slamnig, Evelina Sor\u0161ak, Hawa Washily.<\/p>\n\n\n\n<figure class=\"wp-block-gallery columns-3 is-cropped\"><ul class=\"blocks-gallery-grid\"><li class=\"blocks-gallery-item\"><figure><img loading=\"lazy\" width=\"682\" height=\"1024\" src=\"https:\/\/erim.ief.hr\/wp-content\/uploads\/2022\/04\/IMG-20220329-WA0002-682x1024.jpg\" alt=\"\" data-id=\"2295\" data-link=\"https:\/\/erim.ief.hr\/?attachment_id=2295\" class=\"wp-image-2295\" srcset=\"https:\/\/erim.ief.hr\/wp-content\/uploads\/2022\/04\/IMG-20220329-WA0002-682x1024.jpg 682w, https:\/\/erim.ief.hr\/wp-content\/uploads\/2022\/04\/IMG-20220329-WA0002-200x300.jpg 200w, https:\/\/erim.ief.hr\/wp-content\/uploads\/2022\/04\/IMG-20220329-WA0002-768x1153.jpg 768w, https:\/\/erim.ief.hr\/wp-content\/uploads\/2022\/04\/IMG-20220329-WA0002-1023x1536.jpg 1023w, https:\/\/erim.ief.hr\/wp-content\/uploads\/2022\/04\/IMG-20220329-WA0002-8x12.jpg 8w, https:\/\/erim.ief.hr\/wp-content\/uploads\/2022\/04\/IMG-20220329-WA0002-93x140.jpg 93w, https:\/\/erim.ief.hr\/wp-content\/uploads\/2022\/04\/IMG-20220329-WA0002-450x675.jpg 450w, https:\/\/erim.ief.hr\/wp-content\/uploads\/2022\/04\/IMG-20220329-WA0002-140x210.jpg 140w, https:\/\/erim.ief.hr\/wp-content\/uploads\/2022\/04\/IMG-20220329-WA0002.jpg 1066w\" sizes=\"(max-width: 682px) 100vw, 682px\" \/><\/figure><\/li><li class=\"blocks-gallery-item\"><figure><img loading=\"lazy\" width=\"1024\" height=\"682\" src=\"https:\/\/erim.ief.hr\/wp-content\/uploads\/2022\/04\/IMG-20220329-WA0005-1024x682.jpg\" alt=\"\" data-id=\"2296\" data-link=\"https:\/\/erim.ief.hr\/?attachment_id=2296\" class=\"wp-image-2296\" srcset=\"https:\/\/erim.ief.hr\/wp-content\/uploads\/2022\/04\/IMG-20220329-WA0005-1024x682.jpg 1024w, https:\/\/erim.ief.hr\/wp-content\/uploads\/2022\/04\/IMG-20220329-WA0005-300x200.jpg 300w, https:\/\/erim.ief.hr\/wp-content\/uploads\/2022\/04\/IMG-20220329-WA0005-768x512.jpg 768w, https:\/\/erim.ief.hr\/wp-content\/uploads\/2022\/04\/IMG-20220329-WA0005-1536x1023.jpg 1536w, https:\/\/erim.ief.hr\/wp-content\/uploads\/2022\/04\/IMG-20220329-WA0005-18x12.jpg 18w, https:\/\/erim.ief.hr\/wp-content\/uploads\/2022\/04\/IMG-20220329-WA0005-210x140.jpg 210w, https:\/\/erim.ief.hr\/wp-content\/uploads\/2022\/04\/IMG-20220329-WA0005-450x300.jpg 450w, https:\/\/erim.ief.hr\/wp-content\/uploads\/2022\/04\/IMG-20220329-WA0005-315x210.jpg 315w, https:\/\/erim.ief.hr\/wp-content\/uploads\/2022\/04\/IMG-20220329-WA0005-526x350.jpg 526w, https:\/\/erim.ief.hr\/wp-content\/uploads\/2022\/04\/IMG-20220329-WA0005.jpg 1600w\" sizes=\"(max-width: 1024px) 100vw, 1024px\" \/><\/figure><\/li><li class=\"blocks-gallery-item\"><figure><img loading=\"lazy\" width=\"1024\" height=\"682\" src=\"https:\/\/erim.ief.hr\/wp-content\/uploads\/2022\/04\/IMG-20220329-WA0006-1024x682.jpg\" alt=\"\" data-id=\"2297\" data-link=\"https:\/\/erim.ief.hr\/?attachment_id=2297\" class=\"wp-image-2297\" srcset=\"https:\/\/erim.ief.hr\/wp-content\/uploads\/2022\/04\/IMG-20220329-WA0006-1024x682.jpg 1024w, https:\/\/erim.ief.hr\/wp-content\/uploads\/2022\/04\/IMG-20220329-WA0006-300x200.jpg 300w, https:\/\/erim.ief.hr\/wp-content\/uploads\/2022\/04\/IMG-20220329-WA0006-768x512.jpg 768w, https:\/\/erim.ief.hr\/wp-content\/uploads\/2022\/04\/IMG-20220329-WA0006-1536x1023.jpg 1536w, https:\/\/erim.ief.hr\/wp-content\/uploads\/2022\/04\/IMG-20220329-WA0006-18x12.jpg 18w, https:\/\/erim.ief.hr\/wp-content\/uploads\/2022\/04\/IMG-20220329-WA0006-210x140.jpg 210w, https:\/\/erim.ief.hr\/wp-content\/uploads\/2022\/04\/IMG-20220329-WA0006-450x300.jpg 450w, https:\/\/erim.ief.hr\/wp-content\/uploads\/2022\/04\/IMG-20220329-WA0006-315x210.jpg 315w, https:\/\/erim.ief.hr\/wp-content\/uploads\/2022\/04\/IMG-20220329-WA0006-526x350.jpg 526w, https:\/\/erim.ief.hr\/wp-content\/uploads\/2022\/04\/IMG-20220329-WA0006.jpg 1600w\" sizes=\"(max-width: 1024px) 100vw, 1024px\" \/><\/figure><\/li><li class=\"blocks-gallery-item\"><figure><img loading=\"lazy\" width=\"1024\" height=\"682\" src=\"https:\/\/erim.ief.hr\/wp-content\/uploads\/2022\/04\/IMG-20220329-WA0007-1024x682.jpg\" alt=\"\" data-id=\"2298\" data-full-url=\"https:\/\/erim.ief.hr\/wp-content\/uploads\/2022\/04\/IMG-20220329-WA0007.jpg\" data-link=\"https:\/\/erim.ief.hr\/?attachment_id=2298\" class=\"wp-image-2298\" srcset=\"https:\/\/erim.ief.hr\/wp-content\/uploads\/2022\/04\/IMG-20220329-WA0007-1024x682.jpg 1024w, https:\/\/erim.ief.hr\/wp-content\/uploads\/2022\/04\/IMG-20220329-WA0007-300x200.jpg 300w, https:\/\/erim.ief.hr\/wp-content\/uploads\/2022\/04\/IMG-20220329-WA0007-768x512.jpg 768w, https:\/\/erim.ief.hr\/wp-content\/uploads\/2022\/04\/IMG-20220329-WA0007-1536x1023.jpg 1536w, https:\/\/erim.ief.hr\/wp-content\/uploads\/2022\/04\/IMG-20220329-WA0007-18x12.jpg 18w, https:\/\/erim.ief.hr\/wp-content\/uploads\/2022\/04\/IMG-20220329-WA0007-210x140.jpg 210w, https:\/\/erim.ief.hr\/wp-content\/uploads\/2022\/04\/IMG-20220329-WA0007-450x300.jpg 450w, https:\/\/erim.ief.hr\/wp-content\/uploads\/2022\/04\/IMG-20220329-WA0007-315x210.jpg 315w, https:\/\/erim.ief.hr\/wp-content\/uploads\/2022\/04\/IMG-20220329-WA0007-526x350.jpg 526w, https:\/\/erim.ief.hr\/wp-content\/uploads\/2022\/04\/IMG-20220329-WA0007.jpg 1600w\" sizes=\"(max-width: 1024px) 100vw, 1024px\" \/><\/figure><\/li><\/ul><figcaption class=\"blocks-gallery-caption\">Studentsko-istra\u017eiva\u010dke radionice, Biha\u0107, 24-27. 3. 2022. Foto: Dagmar Nared<\/figcaption><\/figure>\n\n\n\n<p><\/p>","protected":false},"excerpt":{"rendered":"<p>Studentsko-istra\u017eiva\u010dke radionice za studentice i studente ljubljanskog Odsjeka za etnologiju i kulturnu antropologiju odr\u017eane u Biha\u0107u od 24. do 27. o\u017eujka 2022. godine organizirane su u suradnji Odsjeka za &hellip;<\/p>","protected":false},"author":2,"featured_media":0,"comment_status":"closed","ping_status":"closed","sticky":false,"template":"","format":"standard","meta":{"_monsterinsights_skip_tracking":false,"_monsterinsights_sitenote_active":false,"_monsterinsights_sitenote_note":"","_monsterinsights_sitenote_category":0,"kk_blocks_editor_width":"","_kiokenblocks_attr":"","_kiokenblocks_dimensions":""},"categories":[29,53,46],"tags":[],"aioseo_notices":[],"featured_image_src":" ","featured_image_src_square":" ","author_info":{"display_name":"Marijana Hamersak","author_link":"https:\/\/erim.ief.hr\/en\/author\/marijana\/"},"category_info":"<a href=\"https:\/\/erim.ief.hr\/en\/category\/radionice-i-sastanci\/\" rel=\"category tag\">sastanci, radionice i seminari<\/a>, <a href=\"https:\/\/erim.ief.hr\/en\/category\/radionice-i-sastanci\/radionice\/studentsko-istrazivacke-radionice\/\" rel=\"category tag\">studentsko-istra\u017eiva\u010dke radionice<\/a>, <a href=\"https:\/\/erim.ief.hr\/en\/category\/radionice-i-sastanci\/radionice\/studentsko-istrazivacke-radionice\/studentsko-istrazivacke-radionice-ii\/\" rel=\"category tag\">studentsko-istraziva\u010dke radionice II<\/a>","tags_info":"","social_share_info":"<a data-share=\"facebook\" href=\"https:\/\/www.facebook.com\/sharer.php?u=https:\/\/erim.ief.hr\/en\/radionice-i-sastanci\/odrzane-studentsko-istrazivacke-radionice\/\" class=\"tb-facebook-share social-share-default tb-social-share\" target=\"_blank\"><i class=\"fab fa-facebook-f\" aria-hidden=\"true\"><\/i><\/a><a data-share=\"twitter\" href=\"https:\/\/twitter.com\/share?url=https:\/\/erim.ief.hr\/en\/radionice-i-sastanci\/odrzane-studentsko-istrazivacke-radionice\/\" class=\"tb-twiiter-share social-share-default tb-social-share\" target=\"_blank\"><i class=\"fab fa-twitter\" aria-hidden=\"true\"><\/i><\/a><a data-share=\"linkedin\" href=\"https:\/\/www.linkedin.com\/shareArticle?url=https:\/\/erim.ief.hr\/en\/radionice-i-sastanci\/odrzane-studentsko-istrazivacke-radionice\/\" class=\"tb-linkedin-share social-share-default tb-social-share\" target=\"_blank\"><i class=\"fab fa-linkedin-in\" aria-hidden=\"true\"><\/i><\/a>","wordExcerpt_info":"<p><!-- wp:paragraph {\"kioblocks\":[]} --><\/p>\n<p>Studentsko-istra\u017eiva\u010dke radionice za studentice i studente ljubljanskog Odsjeka za etnologiju i kulturnu antropologiju odr\u017eane u Biha\u0107u od 24. do 27. o\u017eujka 2022. godine organizirane  su u suradnji Odsjeka za etnologiju i kulturnu antropologiju Sveu\u010dili\u0161ta u Ljubljani i istra\u017eiva\u010dkog projekta Europski re\u017eim iregulariziranih migracija na periferiji EU: od etnografije do pojmovnika (ERIM) Hrvatske zaklade za znanosti koji se provodi na Institutu za etnologiju i folkloristiku. Studenti\/ce su okupljene\/i kolegijem Suvremene migracije, dr\u017eavljanstvo i etni\u010dke manjine, a pridru\u017eilo im se i par kolega\/ica s Filozofskog fakulteta u Zagrebu.<\/p>\n<p><!-- \/wp:paragraph --><\/p>\n<p><!-- wp:paragraph {\"kioblocks\":[]} --><\/p>\n<p>Kroz tri intenzivna dana ispunjena razgovorima, susretima i dru\u017eenjem s lokalnim akterima i pomaga\u010dima, internacionalnim aktivistima i ljudima u pokretu \u2013 vr\u0161njacima studenata\/ica \u2013 ocrtala se kompleksnost su\u017eivota lokalnog stanovni\u0161tva, ljudi u pokretu i internacionalnih aktera koji je podjednako obilje\u017een i globalnim i lokalnim faktorima \u2013 i rasizmom europskih politika migracija i lokalnom kriminalizacijom solidarnosti. Posjetili smo i centar Kompas 077 i jedno poslijepodne proveli zajedno s ljudima u pokretu koji usluge centra (npr. pranje odje\u0107e, tu\u0161iranje, dnevni boravak i <em>free shop<\/em> ) koriste svakodnevno. Radni prostor za grupne refleksije i sastanke, organiziran je u prostoru centra za mlade IDEJA na \u010demu zahvaljujemo organizacijskom timu\u00a0 U pokretu.\u00a0\u00a0<\/p>\n<p><!-- \/wp:paragraph --><\/p>\n<p><!-- wp:paragraph {\"kioblocks\":[]} --><\/p>\n<p>Suradnji nastavljamo kroz predstavljanja i diskusije o etnografskim refleksijama studenata\/ica u formi pojmova koji doprinose razumijevanju razli\u010ditih aspekata europskog re\u017eima migracija na periferiji EU.&nbsp;&nbsp;&nbsp;&nbsp;&nbsp;<\/p>\n<p><!-- \/wp:paragraph --><\/p>\n<p><!-- wp:paragraph {\"kioblocks\":[]} --><\/p>\n<p>Sudionici\/e: Ur\u0161ula Lipovec \u010cebron, Ana Sarah Luna\u010dek Brumen, Jan Grah, Luka Kropivnik, Tisa Ku\u010dan Lah, Marijana Hamer\u0161ak, Bojan Mucko, Dagmar Nared, Mirjam Perez Zelenc, Du\u0161ko Petrovi\u0107, Meta Poklukar, Romana Pozniak, Viktor Slamnig, Evelina Sor\u0161ak, Hawa Washily.<\/p>\n<p><!-- \/wp:paragraph --><\/p>\n<p><!-- wp:gallery {\"ids\":[2295,2296,2297,2298],\"linkTo\":\"none\",\"kioblocks\":[]} --><\/p>\n<figure class=\"wp-block-gallery columns-3 is-cropped\">\n<ul class=\"blocks-gallery-grid\">\n<li class=\"blocks-gallery-item\">\n<figure><img loading=\"lazy\" width=\"682\" height=\"1024\" src=\"https:\/\/erim.ief.hr\/wp-content\/uploads\/2022\/04\/IMG-20220329-WA0002-682x1024.jpg\" alt=\"\" data-id=\"2295\" data-link=\"https:\/\/erim.ief.hr\/?attachment_id=2295\" class=\"wp-image-2295\" \/><\/figure>\n<\/li>\n<li class=\"blocks-gallery-item\">\n<figure><img loading=\"lazy\" width=\"1024\" height=\"682\" src=\"https:\/\/erim.ief.hr\/wp-content\/uploads\/2022\/04\/IMG-20220329-WA0005-1024x682.jpg\" alt=\"\" data-id=\"2296\" data-link=\"https:\/\/erim.ief.hr\/?attachment_id=2296\" class=\"wp-image-2296\" \/><\/figure>\n<\/li>\n<li class=\"blocks-gallery-item\">\n<figure><img loading=\"lazy\" width=\"1024\" height=\"682\" src=\"https:\/\/erim.ief.hr\/wp-content\/uploads\/2022\/04\/IMG-20220329-WA0006-1024x682.jpg\" alt=\"\" data-id=\"2297\" data-link=\"https:\/\/erim.ief.hr\/?attachment_id=2297\" class=\"wp-image-2297\" \/><\/figure>\n<\/li>\n<li class=\"blocks-gallery-item\">\n<figure><img loading=\"lazy\" width=\"1024\" height=\"682\" src=\"https:\/\/erim.ief.hr\/wp-content\/uploads\/2022\/04\/IMG-20220329-WA0007-1024x682.jpg\" alt=\"\" data-id=\"2298\" data-full-url=\"https:\/\/erim.ief.hr\/wp-content\/uploads\/2022\/04\/IMG-20220329-WA0007.jpg\" data-link=\"https:\/\/erim.ief.hr\/?attachment_id=2298\" class=\"wp-image-2298\" \/><\/figure>\n<\/li>\n<\/ul><figcaption class=\"blocks-gallery-caption\">Studentsko-istra\u017eiva\u010dke radionice, Biha\u0107, 24-27. 3. 2022. Foto: Dagmar Nared<\/figcaption><\/figure>\n<p><!-- \/wp:gallery --><\/p>\n<p><!-- wp:paragraph {\"kioblocks\":[]} --><\/p>\n<p><!-- \/wp:paragraph --><\/p>\n","comment_info":"0","_links":{"self":[{"href":"https:\/\/erim.ief.hr\/en\/wp-json\/wp\/v2\/posts\/2294"}],"collection":[{"href":"https:\/\/erim.ief.hr\/en\/wp-json\/wp\/v2\/posts"}],"about":[{"href":"https:\/\/erim.ief.hr\/en\/wp-json\/wp\/v2\/types\/post"}],"author":[{"embeddable":true,"href":"https:\/\/erim.ief.hr\/en\/wp-json\/wp\/v2\/users\/2"}],"replies":[{"embeddable":true,"href":"https:\/\/erim.ief.hr\/en\/wp-json\/wp\/v2\/comments?post=2294"}],"version-history":[{"count":4,"href":"https:\/\/erim.ief.hr\/en\/wp-json\/wp\/v2\/posts\/2294\/revisions"}],"predecessor-version":[{"id":2806,"href":"https:\/\/erim.ief.hr\/en\/wp-json\/wp\/v2\/posts\/2294\/revisions\/2806"}],"wp:attachment":[{"href":"https:\/\/erim.ief.hr\/en\/wp-json\/wp\/v2\/media?parent=2294"}],"wp:term":[{"taxonomy":"category","embeddable":true,"href":"https:\/\/erim.ief.hr\/en\/wp-json\/wp\/v2\/categories?post=2294"},{"taxonomy":"post_tag","embeddable":true,"href":"https:\/\/erim.ief.hr\/en\/wp-json\/wp\/v2\/tags?post=2294"}],"curies":[{"name":"wp","href":"https:\/\/api.w.org\/{rel}","templated":true}]}}