{"id":2327,"date":"2022-04-30T11:34:44","date_gmt":"2022-04-30T09:34:44","guid":{"rendered":"https:\/\/erim.ief.hr\/?p=2327"},"modified":"2022-07-17T20:43:41","modified_gmt":"2022-07-17T18:43:41","slug":"tamara-opacic-nadgrobna-tisina","status":"publish","type":"post","link":"https:\/\/erim.ief.hr\/en\/vijesti\/tamara-opacic-nadgrobna-tisina\/","title":{"rendered":"Tamara Opa\u010di\u0107 &#8220;Nadgrobna ti\u0161ina&#8221;"},"content":{"rendered":"<p>Tamara Opa\u010di\u0107 objavila je u <em>Novostima <\/em>prvi nastavak \u010dlanka o umrlima na granicama, Naslov \u010dlanka je &#8220;<a rel=\"noreferrer noopener\" href=\"https:\/\/portalnovosti.com\/nadgrobna-tisina?fbclid=IwAR2fqyqOdWIrbp_8dUKhyE_-vQR_qYhA10CBT8oELpMH52dA9PwkFMopHU8\" target=\"_blank\">Nadgrobna ti\u0161ina<\/a>&#8220;. <\/p>\n\n\n\n<blockquote class=\"wp-block-quote\"><p>Samo na podru\u010dju Grada Karlovca, gdje brigu o ukopima vodi komunalno poduze\u0107e Zelenilo d.o.o., od sije\u010dnja 2018. sahranjeno je 13 migranata, \u010dije su grobove obi\u0161le istra\u017eiva\u010dice okupljene oko projekta Europski re\u017eim iregulariziranih migracija na periferiji EU (ERIM). Na poziv&nbsp;Marijane Hamer\u0161ak, znanstvenice s Instituta za etnologija i folkloristiku te voditeljice projekta, pridru\u017eila im se umjetnica i aktivistkinja&nbsp;Selma Banich.<\/p><\/blockquote>\n\n\n\n<figure class=\"wp-block-image size-large\"><img loading=\"lazy\" width=\"1024\" height=\"577\" src=\"https:\/\/erim.ief.hr\/wp-content\/uploads\/2022\/04\/Mlaka-kod-Jasenovca-9.-2.-2022.-MH-7-1024x577.jpg\" alt=\"\" class=\"wp-image-2328\" srcset=\"https:\/\/erim.ief.hr\/wp-content\/uploads\/2022\/04\/Mlaka-kod-Jasenovca-9.-2.-2022.-MH-7-1024x577.jpg 1024w, https:\/\/erim.ief.hr\/wp-content\/uploads\/2022\/04\/Mlaka-kod-Jasenovca-9.-2.-2022.-MH-7-300x169.jpg 300w, https:\/\/erim.ief.hr\/wp-content\/uploads\/2022\/04\/Mlaka-kod-Jasenovca-9.-2.-2022.-MH-7-768x433.jpg 768w, https:\/\/erim.ief.hr\/wp-content\/uploads\/2022\/04\/Mlaka-kod-Jasenovca-9.-2.-2022.-MH-7-1536x865.jpg 1536w, https:\/\/erim.ief.hr\/wp-content\/uploads\/2022\/04\/Mlaka-kod-Jasenovca-9.-2.-2022.-MH-7-2048x1154.jpg 2048w, https:\/\/erim.ief.hr\/wp-content\/uploads\/2022\/04\/Mlaka-kod-Jasenovca-9.-2.-2022.-MH-7-18x10.jpg 18w, https:\/\/erim.ief.hr\/wp-content\/uploads\/2022\/04\/Mlaka-kod-Jasenovca-9.-2.-2022.-MH-7-249x140.jpg 249w, https:\/\/erim.ief.hr\/wp-content\/uploads\/2022\/04\/Mlaka-kod-Jasenovca-9.-2.-2022.-MH-7-450x253.jpg 450w, https:\/\/erim.ief.hr\/wp-content\/uploads\/2022\/04\/Mlaka-kod-Jasenovca-9.-2.-2022.-MH-7-373x210.jpg 373w\" sizes=\"(max-width: 1024px) 100vw, 1024px\" \/><figcaption>Grobovi \u010detiri nepoznate osobe stradale prilikom poku\u0161aja prelaska u Hrvatsku.  Mlaka kod Jasenovca, 9. 2. 2022. Foto: Marijana Hamer\u0161ak<\/figcaption><\/figure>\n\n\n\n<p><\/p>","protected":false},"excerpt":{"rendered":"<p>Tamara Opa\u010di\u0107 objavila je u Novostima prvi nastavak \u010dlanka o umrlima na granicama, Naslov \u010dlanka je &#8220;Nadgrobna ti\u0161ina&#8220;. Samo na podru\u010dju Grada Karlovca, gdje brigu o ukopima vodi komunalno &hellip;<\/p>","protected":false},"author":2,"featured_media":0,"comment_status":"closed","ping_status":"closed","sticky":false,"template":"","format":"standard","meta":{"_monsterinsights_skip_tracking":false,"_monsterinsights_sitenote_active":false,"_monsterinsights_sitenote_note":"","_monsterinsights_sitenote_category":0,"kk_blocks_editor_width":"","_kiokenblocks_attr":"","_kiokenblocks_dimensions":""},"categories":[51,52,8],"tags":[],"aioseo_notices":[],"featured_image_src":" ","featured_image_src_square":" ","author_info":{"display_name":"Marijana Hamersak","author_link":"https:\/\/erim.ief.hr\/en\/author\/marijana\/"},"category_info":"<a href=\"https:\/\/erim.ief.hr\/en\/category\/vijesti\/o-erimu\/\" rel=\"category tag\">o erimu<\/a>, <a href=\"https:\/\/erim.ief.hr\/en\/category\/vijesti\/o-erimu\/o-erimu-ii\/\" rel=\"category tag\">o erimu II<\/a>, <a href=\"https:\/\/erim.ief.hr\/en\/category\/vijesti\/\" rel=\"category tag\">vijesti<\/a>","tags_info":"","social_share_info":"<a data-share=\"facebook\" href=\"https:\/\/www.facebook.com\/sharer.php?u=https:\/\/erim.ief.hr\/en\/vijesti\/tamara-opacic-nadgrobna-tisina\/\" class=\"tb-facebook-share social-share-default tb-social-share\" target=\"_blank\"><i class=\"fab fa-facebook-f\" aria-hidden=\"true\"><\/i><\/a><a data-share=\"twitter\" href=\"https:\/\/twitter.com\/share?url=https:\/\/erim.ief.hr\/en\/vijesti\/tamara-opacic-nadgrobna-tisina\/\" class=\"tb-twiiter-share social-share-default tb-social-share\" target=\"_blank\"><i class=\"fab fa-twitter\" aria-hidden=\"true\"><\/i><\/a><a data-share=\"linkedin\" href=\"https:\/\/www.linkedin.com\/shareArticle?url=https:\/\/erim.ief.hr\/en\/vijesti\/tamara-opacic-nadgrobna-tisina\/\" class=\"tb-linkedin-share social-share-default tb-social-share\" target=\"_blank\"><i class=\"fab fa-linkedin-in\" aria-hidden=\"true\"><\/i><\/a>","wordExcerpt_info":"<p><!-- wp:paragraph {\"kioblocks\":[]} --><\/p>\n<p>Tamara Opa\u010di\u0107 objavila je u <em>Novostima <\/em>prvi nastavak \u010dlanka o umrlima na granicama, Naslov \u010dlanka je &#8220;<a rel=\"noreferrer noopener\" href=\"https:\/\/portalnovosti.com\/nadgrobna-tisina?fbclid=IwAR2fqyqOdWIrbp_8dUKhyE_-vQR_qYhA10CBT8oELpMH52dA9PwkFMopHU8\" target=\"_blank\">Nadgrobna ti\u0161ina<\/a>&#8220;. <\/p>\n<p><!-- \/wp:paragraph --><\/p>\n<p><!-- wp:quote {\"kioblocks\":[]} --><\/p>\n<blockquote class=\"wp-block-quote\">\n<p>Samo na podru\u010dju Grada Karlovca, gdje brigu o ukopima vodi komunalno poduze\u0107e Zelenilo d.o.o., od sije\u010dnja 2018. sahranjeno je 13 migranata, \u010dije su grobove obi\u0161le istra\u017eiva\u010dice okupljene oko projekta Europski re\u017eim iregulariziranih migracija na periferiji EU (ERIM). Na poziv&nbsp;Marijane Hamer\u0161ak, znanstvenice s Instituta za etnologija i folkloristiku te voditeljice projekta, pridru\u017eila im se umjetnica i aktivistkinja&nbsp;Selma Banich.<\/p>\n<\/blockquote>\n<p><!-- \/wp:quote --><\/p>\n<p><!-- wp:image {\"id\":2328,\"sizeSlug\":\"large\",\"linkDestination\":\"none\",\"kioblocks\":[]} --><\/p>\n<figure class=\"wp-block-image size-large\"><img loading=\"lazy\" width=\"1024\" height=\"577\" src=\"https:\/\/erim.ief.hr\/wp-content\/uploads\/2022\/04\/Mlaka-kod-Jasenovca-9.-2.-2022.-MH-7-1024x577.jpg\" alt=\"\" class=\"wp-image-2328\" \/><figcaption>Grobovi \u010detiri nepoznate osobe stradale prilikom poku\u0161aja prelaska u Hrvatsku.  Mlaka kod Jasenovca, 9. 2. 2022. Foto: Marijana Hamer\u0161ak<\/figcaption><\/figure>\n<p><!-- \/wp:image --><\/p>\n<p><!-- wp:paragraph {\"kioblocks\":[]} --><\/p>\n<p><!-- \/wp:paragraph --><\/p>\n","comment_info":"0","_links":{"self":[{"href":"https:\/\/erim.ief.hr\/en\/wp-json\/wp\/v2\/posts\/2327"}],"collection":[{"href":"https:\/\/erim.ief.hr\/en\/wp-json\/wp\/v2\/posts"}],"about":[{"href":"https:\/\/erim.ief.hr\/en\/wp-json\/wp\/v2\/types\/post"}],"author":[{"embeddable":true,"href":"https:\/\/erim.ief.hr\/en\/wp-json\/wp\/v2\/users\/2"}],"replies":[{"embeddable":true,"href":"https:\/\/erim.ief.hr\/en\/wp-json\/wp\/v2\/comments?post=2327"}],"version-history":[{"count":4,"href":"https:\/\/erim.ief.hr\/en\/wp-json\/wp\/v2\/posts\/2327\/revisions"}],"predecessor-version":[{"id":2406,"href":"https:\/\/erim.ief.hr\/en\/wp-json\/wp\/v2\/posts\/2327\/revisions\/2406"}],"wp:attachment":[{"href":"https:\/\/erim.ief.hr\/en\/wp-json\/wp\/v2\/media?parent=2327"}],"wp:term":[{"taxonomy":"category","embeddable":true,"href":"https:\/\/erim.ief.hr\/en\/wp-json\/wp\/v2\/categories?post=2327"},{"taxonomy":"post_tag","embeddable":true,"href":"https:\/\/erim.ief.hr\/en\/wp-json\/wp\/v2\/tags?post=2327"}],"curies":[{"name":"wp","href":"https:\/\/api.w.org\/{rel}","templated":true}]}}