{"id":2343,"date":"2022-04-30T21:30:54","date_gmt":"2022-04-30T19:30:54","guid":{"rendered":"https:\/\/erim.ief.hr\/?p=2343"},"modified":"2022-07-12T00:16:57","modified_gmt":"2022-07-11T22:16:57","slug":"izlaganje-marte-stojic-mitrovic","status":"publish","type":"post","link":"https:\/\/erim.ief.hr\/en\/predavanja-i-tribine\/izlaganje-marte-stojic-mitrovic\/","title":{"rendered":"Izlaganje Marte Stoji\u0107 Mitrovi\u0107"},"content":{"rendered":"<p>Marta Stoji\u0107 Mitrovi\u0107 izlagala je na webinaru <em>New Route &#8211; Old Story: Border Violence along the Serbian\/Romanian Border<\/em> koji su organizirali <strong><a rel=\"noreferrer noopener\" href=\"https:\/\/web.facebook.com\/balkanbruecke\/\" target=\"_blank\">Balkanbr\u00fccke<\/a><\/strong>\u00a0i\u00a0<strong><a href=\"https:\/\/web.facebook.com\/klikaktiv\/\">Klikaktiv<\/a><a rel=\"noreferrer noopener\" href=\"https:\/\/web.facebook.com\/klikaktiv\/\" target=\"_blank\"> <\/a><a href=\"https:\/\/web.facebook.com\/klikaktiv\/\">&#8211; Centar za razvoj socijalnih politika<\/a><\/strong>. Webinar je odr\u017ean online 26. 4. 2022.<\/p>\n\n\n\n<figure class=\"wp-block-embed is-type-video is-provider-youtube wp-block-embed-youtube wp-embed-aspect-16-9 wp-has-aspect-ratio\"><div class=\"wp-block-embed__wrapper\">\n<iframe loading=\"lazy\" title=\"New Route, old story - Border Violence along the Serbian\/Romanian border\" width=\"840\" height=\"473\" src=\"https:\/\/www.youtube.com\/embed\/S0Zaf-gO9R4?feature=oembed\" frameborder=\"0\" allow=\"accelerometer; autoplay; clipboard-write; encrypted-media; gyroscope; picture-in-picture\" allowfullscreen><\/iframe>\n<\/div><\/figure>\n\n\n\n<p><\/p>","protected":false},"excerpt":{"rendered":"<p>Marta Stoji\u0107 Mitrovi\u0107 izlagala je na webinaru New Route &#8211; Old Story: Border Violence along the Serbian\/Romanian Border koji su organizirali Balkanbr\u00fccke\u00a0i\u00a0Klikaktiv &#8211; Centar za razvoj socijalnih politika. Webinar &hellip;<\/p>","protected":false},"author":2,"featured_media":2344,"comment_status":"closed","ping_status":"closed","sticky":false,"template":"","format":"standard","meta":{"_monsterinsights_skip_tracking":false,"_monsterinsights_sitenote_active":false,"_monsterinsights_sitenote_note":"","_monsterinsights_sitenote_category":0,"kk_blocks_editor_width":"","_kiokenblocks_attr":"","_kiokenblocks_dimensions":""},"categories":[28,49,4],"tags":[],"aioseo_notices":[],"featured_image_src":"https:\/\/erim.ief.hr\/wp-content\/uploads\/2022\/04\/Balkanbrucke-26.-4.-2022..jpg","featured_image_src_square":"https:\/\/erim.ief.hr\/wp-content\/uploads\/2022\/04\/Balkanbrucke-26.-4.-2022..jpg","author_info":{"display_name":"Marijana Hamersak","author_link":"https:\/\/erim.ief.hr\/en\/author\/marijana\/"},"category_info":"<a href=\"https:\/\/erim.ief.hr\/en\/category\/predavanja-i-tribine\/predavanja-tribine\/\" rel=\"category tag\">predavanja i tribine<\/a>, <a href=\"https:\/\/erim.ief.hr\/en\/category\/predavanja-i-tribine\/predavanja-tribine\/predavanja-ii\/\" rel=\"category tag\">predavanja II<\/a>, <a href=\"https:\/\/erim.ief.hr\/en\/category\/predavanja-i-tribine\/\" rel=\"category tag\">znanstvene konferencije, predavanja i tribine<\/a>","tags_info":"","social_share_info":"<a data-share=\"facebook\" href=\"https:\/\/www.facebook.com\/sharer.php?u=https:\/\/erim.ief.hr\/en\/predavanja-i-tribine\/izlaganje-marte-stojic-mitrovic\/\" class=\"tb-facebook-share social-share-default tb-social-share\" target=\"_blank\"><i class=\"fab fa-facebook-f\" aria-hidden=\"true\"><\/i><\/a><a data-share=\"twitter\" href=\"https:\/\/twitter.com\/share?url=https:\/\/erim.ief.hr\/en\/predavanja-i-tribine\/izlaganje-marte-stojic-mitrovic\/\" class=\"tb-twiiter-share social-share-default tb-social-share\" target=\"_blank\"><i class=\"fab fa-twitter\" aria-hidden=\"true\"><\/i><\/a><a data-share=\"linkedin\" href=\"https:\/\/www.linkedin.com\/shareArticle?url=https:\/\/erim.ief.hr\/en\/predavanja-i-tribine\/izlaganje-marte-stojic-mitrovic\/\" class=\"tb-linkedin-share social-share-default tb-social-share\" target=\"_blank\"><i class=\"fab fa-linkedin-in\" aria-hidden=\"true\"><\/i><\/a>","wordExcerpt_info":"<p><!-- wp:paragraph {\"kioblocks\":[]} --><\/p>\n<p>Marta Stoji\u0107 Mitrovi\u0107 izlagala je na webinaru <em>New Route &#8211; Old Story: Border Violence along the Serbian\/Romanian Border<\/em> koji su organizirali <strong><a rel=\"noreferrer noopener\" href=\"https:\/\/web.facebook.com\/balkanbruecke\/\" target=\"_blank\">Balkanbr\u00fccke<\/a><\/strong>\u00a0i\u00a0<strong><a href=\"https:\/\/web.facebook.com\/klikaktiv\/\">Klikaktiv<\/a><a rel=\"noreferrer noopener\" href=\"https:\/\/web.facebook.com\/klikaktiv\/\" target=\"_blank\"> <\/a><a href=\"https:\/\/web.facebook.com\/klikaktiv\/\">&#8211; Centar za razvoj socijalnih politika<\/a><\/strong>. Webinar je odr\u017ean online 26. 4. 2022.<\/p>\n<p><!-- \/wp:paragraph --><\/p>\n<p><!-- wp:embed {\"url\":\"https:\\\/\\\/www.youtube.com\\\/watch?v=S0Zaf-gO9R4\",\"type\":\"video\",\"providerNameSlug\":\"youtube\",\"responsive\":true,\"className\":\"wp-embed-aspect-16-9 wp-has-aspect-ratio\",\"kioblocks\":[]} --><\/p>\n<figure class=\"wp-block-embed is-type-video is-provider-youtube wp-block-embed-youtube wp-embed-aspect-16-9 wp-has-aspect-ratio\">\n<div class=\"wp-block-embed__wrapper\">\nhttps:\/\/www.youtube.com\/watch?v=S0Zaf-gO9R4\n<\/div>\n<\/figure>\n<p><!-- \/wp:embed --><\/p>\n<p><!-- wp:paragraph {\"kioblocks\":[]} --><\/p>\n<p><!-- \/wp:paragraph --><\/p>\n","comment_info":"0","_links":{"self":[{"href":"https:\/\/erim.ief.hr\/en\/wp-json\/wp\/v2\/posts\/2343"}],"collection":[{"href":"https:\/\/erim.ief.hr\/en\/wp-json\/wp\/v2\/posts"}],"about":[{"href":"https:\/\/erim.ief.hr\/en\/wp-json\/wp\/v2\/types\/post"}],"author":[{"embeddable":true,"href":"https:\/\/erim.ief.hr\/en\/wp-json\/wp\/v2\/users\/2"}],"replies":[{"embeddable":true,"href":"https:\/\/erim.ief.hr\/en\/wp-json\/wp\/v2\/comments?post=2343"}],"version-history":[{"count":4,"href":"https:\/\/erim.ief.hr\/en\/wp-json\/wp\/v2\/posts\/2343\/revisions"}],"predecessor-version":[{"id":2352,"href":"https:\/\/erim.ief.hr\/en\/wp-json\/wp\/v2\/posts\/2343\/revisions\/2352"}],"wp:featuredmedia":[{"embeddable":true,"href":"https:\/\/erim.ief.hr\/en\/wp-json\/wp\/v2\/media\/2344"}],"wp:attachment":[{"href":"https:\/\/erim.ief.hr\/en\/wp-json\/wp\/v2\/media?parent=2343"}],"wp:term":[{"taxonomy":"category","embeddable":true,"href":"https:\/\/erim.ief.hr\/en\/wp-json\/wp\/v2\/categories?post=2343"},{"taxonomy":"post_tag","embeddable":true,"href":"https:\/\/erim.ief.hr\/en\/wp-json\/wp\/v2\/tags?post=2343"}],"curies":[{"name":"wp","href":"https:\/\/api.w.org\/{rel}","templated":true}]}}