{"id":2371,"date":"2022-05-11T09:34:53","date_gmt":"2022-05-11T07:34:53","guid":{"rendered":"https:\/\/erim.ief.hr\/?p=2371"},"modified":"2023-01-30T13:45:06","modified_gmt":"2023-01-30T12:45:06","slug":"romana-pozniak-obranila-doktorski-rad","status":"publish","type":"post","link":"https:\/\/erim.ief.hr\/en\/predavanja-i-tribine\/romana-pozniak-obranila-doktorski-rad\/","title":{"rendered":"Romana Pozniak obrana doktorskog rad"},"content":{"rendered":"<p>Dana 9. svibnja 2022. godine, na Filozofskom fakultetu Sveu\u010dili\u0161ta u Zagrebu Romana Pozniak obranila je doktorski rad pod naslovom <em>Humanitarni rad u kontekstu izbjegli\u0161tva i migracija u posttranzicijskoj Hrvatskoj<\/em> (mentorica: dr. sc. Reana Senjkovi\u0107).<\/p>\n\n\n\n<figure class=\"wp-block-image size-large is-style-default\"><img loading=\"lazy\" width=\"1024\" height=\"768\" src=\"http:\/\/erim.ief.hr\/wp-content\/uploads\/2022\/05\/IMG_20220509_114435-1024x768.jpg\" alt=\"\" class=\"wp-image-2372\" srcset=\"https:\/\/erim.ief.hr\/wp-content\/uploads\/2022\/05\/IMG_20220509_114435-1024x768.jpg 1024w, https:\/\/erim.ief.hr\/wp-content\/uploads\/2022\/05\/IMG_20220509_114435-300x225.jpg 300w, https:\/\/erim.ief.hr\/wp-content\/uploads\/2022\/05\/IMG_20220509_114435-768x576.jpg 768w, https:\/\/erim.ief.hr\/wp-content\/uploads\/2022\/05\/IMG_20220509_114435-1536x1152.jpg 1536w, https:\/\/erim.ief.hr\/wp-content\/uploads\/2022\/05\/IMG_20220509_114435-2048x1536.jpg 2048w, https:\/\/erim.ief.hr\/wp-content\/uploads\/2022\/05\/IMG_20220509_114435-16x12.jpg 16w, https:\/\/erim.ief.hr\/wp-content\/uploads\/2022\/05\/IMG_20220509_114435-187x140.jpg 187w, https:\/\/erim.ief.hr\/wp-content\/uploads\/2022\/05\/IMG_20220509_114435-450x338.jpg 450w, https:\/\/erim.ief.hr\/wp-content\/uploads\/2022\/05\/IMG_20220509_114435-280x210.jpg 280w\" sizes=\"(max-width: 1024px) 100vw, 1024px\" \/><figcaption>Foto: Tea \u0160koki\u0107<\/figcaption><\/figure>\n\n\n\n<p><\/p>","protected":false},"excerpt":{"rendered":"<p>Dana 9. svibnja 2022. godine, na Filozofskom fakultetu Sveu\u010dili\u0161ta u Zagrebu Romana Pozniak obranila je doktorski rad pod naslovom Humanitarni rad u kontekstu izbjegli\u0161tva i migracija u posttranzicijskoj Hrvatskoj &hellip;<\/p>","protected":false},"author":2,"featured_media":0,"comment_status":"closed","ping_status":"closed","sticky":false,"template":"","format":"standard","meta":{"_monsterinsights_skip_tracking":false,"_monsterinsights_sitenote_active":false,"_monsterinsights_sitenote_note":"","_monsterinsights_sitenote_category":0,"kk_blocks_editor_width":"","_kiokenblocks_attr":"","_kiokenblocks_dimensions":""},"categories":[28,49,4],"tags":[],"aioseo_notices":[],"featured_image_src":" ","featured_image_src_square":" ","author_info":{"display_name":"Marijana Hamersak","author_link":"https:\/\/erim.ief.hr\/en\/author\/marijana\/"},"category_info":"<a href=\"https:\/\/erim.ief.hr\/en\/category\/predavanja-i-tribine\/predavanja-tribine\/\" rel=\"category tag\">predavanja i tribine<\/a>, <a href=\"https:\/\/erim.ief.hr\/en\/category\/predavanja-i-tribine\/predavanja-tribine\/predavanja-ii\/\" rel=\"category tag\">predavanja II<\/a>, <a href=\"https:\/\/erim.ief.hr\/en\/category\/predavanja-i-tribine\/\" rel=\"category tag\">znanstvene konferencije, predavanja i tribine<\/a>","tags_info":"","social_share_info":"<a data-share=\"facebook\" href=\"https:\/\/www.facebook.com\/sharer.php?u=https:\/\/erim.ief.hr\/en\/predavanja-i-tribine\/romana-pozniak-obranila-doktorski-rad\/\" class=\"tb-facebook-share social-share-default tb-social-share\" target=\"_blank\"><i class=\"fab fa-facebook-f\" aria-hidden=\"true\"><\/i><\/a><a data-share=\"twitter\" href=\"https:\/\/twitter.com\/share?url=https:\/\/erim.ief.hr\/en\/predavanja-i-tribine\/romana-pozniak-obranila-doktorski-rad\/\" class=\"tb-twiiter-share social-share-default tb-social-share\" target=\"_blank\"><i class=\"fab fa-twitter\" aria-hidden=\"true\"><\/i><\/a><a data-share=\"linkedin\" href=\"https:\/\/www.linkedin.com\/shareArticle?url=https:\/\/erim.ief.hr\/en\/predavanja-i-tribine\/romana-pozniak-obranila-doktorski-rad\/\" class=\"tb-linkedin-share social-share-default tb-social-share\" target=\"_blank\"><i class=\"fab fa-linkedin-in\" aria-hidden=\"true\"><\/i><\/a>","wordExcerpt_info":"<p><!-- wp:paragraph {\"kioblocks\":[]} --><\/p>\n<p>Dana 9. svibnja 2022. godine, na Filozofskom fakultetu Sveu\u010dili\u0161ta u Zagrebu Romana Pozniak obranila je doktorski rad pod naslovom <em>Humanitarni rad u kontekstu izbjegli\u0161tva i migracija u posttranzicijskoj Hrvatskoj<\/em> (mentorica: dr. sc. Reana Senjkovi\u0107).<\/p>\n<p><!-- \/wp:paragraph --><\/p>\n<p><!-- wp:image {\"id\":2372,\"sizeSlug\":\"large\",\"linkDestination\":\"none\",\"className\":\"is-style-default\",\"kioblocks\":[]} --><\/p>\n<figure class=\"wp-block-image size-large is-style-default\"><img loading=\"lazy\" width=\"1024\" height=\"768\" src=\"http:\/\/erim.ief.hr\/wp-content\/uploads\/2022\/05\/IMG_20220509_114435-1024x768.jpg\" alt=\"\" class=\"wp-image-2372\" \/><figcaption>Foto: Tea \u0160koki\u0107<\/figcaption><\/figure>\n<p><!-- \/wp:image --><\/p>\n<p><!-- wp:paragraph {\"kioblocks\":[]} --><\/p>\n<p><!-- \/wp:paragraph --><\/p>\n","comment_info":"0","_links":{"self":[{"href":"https:\/\/erim.ief.hr\/en\/wp-json\/wp\/v2\/posts\/2371"}],"collection":[{"href":"https:\/\/erim.ief.hr\/en\/wp-json\/wp\/v2\/posts"}],"about":[{"href":"https:\/\/erim.ief.hr\/en\/wp-json\/wp\/v2\/types\/post"}],"author":[{"embeddable":true,"href":"https:\/\/erim.ief.hr\/en\/wp-json\/wp\/v2\/users\/2"}],"replies":[{"embeddable":true,"href":"https:\/\/erim.ief.hr\/en\/wp-json\/wp\/v2\/comments?post=2371"}],"version-history":[{"count":4,"href":"https:\/\/erim.ief.hr\/en\/wp-json\/wp\/v2\/posts\/2371\/revisions"}],"predecessor-version":[{"id":2762,"href":"https:\/\/erim.ief.hr\/en\/wp-json\/wp\/v2\/posts\/2371\/revisions\/2762"}],"wp:attachment":[{"href":"https:\/\/erim.ief.hr\/en\/wp-json\/wp\/v2\/media?parent=2371"}],"wp:term":[{"taxonomy":"category","embeddable":true,"href":"https:\/\/erim.ief.hr\/en\/wp-json\/wp\/v2\/categories?post=2371"},{"taxonomy":"post_tag","embeddable":true,"href":"https:\/\/erim.ief.hr\/en\/wp-json\/wp\/v2\/tags?post=2371"}],"curies":[{"name":"wp","href":"https:\/\/api.w.org\/{rel}","templated":true}]}}