{"id":2376,"date":"2022-05-22T12:31:38","date_gmt":"2022-05-22T10:31:38","guid":{"rendered":"https:\/\/erim.ief.hr\/?p=2376"},"modified":"2023-01-30T16:03:04","modified_gmt":"2023-01-30T15:03:04","slug":"izlaganje-marijane-hamersak-o-dokumentarnosti-i-knjizevnosti-o-bijegu","status":"publish","type":"post","link":"https:\/\/erim.ief.hr\/en\/predavanja-i-tribine\/izlaganje-marijane-hamersak-o-dokumentarnosti-i-knjizevnosti-o-bijegu\/","title":{"rendered":"Izlaganje Marijane Hamer\u0161ak o dokumentarnosti i knji\u017eevnosti o bijegu"},"content":{"rendered":"<p>Marijana Hamer\u0161ak sudjelovala je na znanstvenoj konferenciji <em>Strategies of Documentary Fiction and Contemporary Literature \u2013 Dokumentarische Strategien und Gegenwartsliteratur<\/em> s izlaganjem &#8220;The novel as a document, migration as a story and\u00a0 Kristian Novak&#8217;s <em>Gypsy, but the Fairest of Them All<\/em> &#8220;. Konferencija se odr\u017eala 20-22. svibnja 2022. godine u Crikvenici u organizaciji Filozofskog fakulteta Sveu\u010dili\u0161ta u Zagrebu i ELTE sveu\u010dili\u0161ta (Budimpe\u0161ta).  <\/p>\n\n\n\n<p><a rel=\"noreferrer noopener\" href=\"https:\/\/zzk.ffzg.unizg.hr\/wp-content\/uploads\/2022\/05\/Kona%C4%8Dna-verzija-programska-knji%C5%BEica-2.pdf\" target=\"_blank\">Knji\u017eica sa\u017eetaka<\/a><\/p>\n\n\n\n<div class=\"wp-block-file\"><a href=\"https:\/\/erim.ief.hr\/wp-content\/uploads\/2022\/12\/MH-2022-Gypsy-but-the-Fairest-of-Them-All.pdf\">MH-2022-Gypsy-but-the-Fairest-of-Them-All<\/a><a href=\"https:\/\/erim.ief.hr\/wp-content\/uploads\/2022\/12\/MH-2022-Gypsy-but-the-Fairest-of-Them-All.pdf\" class=\"wp-block-file__button\" download>Preuzmi<\/a><\/div>\n\n\n\n<figure class=\"wp-block-gallery alignwide columns-1 is-cropped\"><ul class=\"blocks-gallery-grid\"><li class=\"blocks-gallery-item\"><figure><img loading=\"lazy\" width=\"300\" height=\"200\" src=\"https:\/\/erim.ief.hr\/wp-content\/uploads\/2022\/05\/DSC_3639-300x200-1.jpg\" alt=\"\" data-id=\"2385\" data-link=\"https:\/\/erim.ief.hr\/predavanja-i-tribine\/izlaganje-marijane-hamersak-o-dokumentarnosti-i-knjizevnosti-o-bijegu\/attachment\/dsc_3639-300x200-1\/\" class=\"wp-image-2385\" srcset=\"https:\/\/erim.ief.hr\/wp-content\/uploads\/2022\/05\/DSC_3639-300x200-1.jpg 300w, https:\/\/erim.ief.hr\/wp-content\/uploads\/2022\/05\/DSC_3639-300x200-1-18x12.jpg 18w, https:\/\/erim.ief.hr\/wp-content\/uploads\/2022\/05\/DSC_3639-300x200-1-210x140.jpg 210w\" sizes=\"(max-width: 300px) 100vw, 300px\" \/><figcaption class=\"blocks-gallery-item__caption\">&nbsp;<\/figcaption><\/figure><\/li><\/ul><\/figure>\n\n\n\n<p><\/p>","protected":false},"excerpt":{"rendered":"<p>Marijana Hamer\u0161ak sudjelovala je na znanstvenoj konferenciji Strategies of Documentary Fiction and Contemporary Literature \u2013 Dokumentarische Strategien und Gegenwartsliteratur s izlaganjem &#8220;The novel as a document, migration as a &hellip;<\/p>","protected":false},"author":2,"featured_media":2385,"comment_status":"closed","ping_status":"closed","sticky":false,"template":"","format":"standard","meta":{"_monsterinsights_skip_tracking":false,"_monsterinsights_sitenote_active":false,"_monsterinsights_sitenote_note":"","_monsterinsights_sitenote_category":0,"kk_blocks_editor_width":"","_kiokenblocks_attr":"","_kiokenblocks_dimensions":""},"categories":[5,34,4],"tags":[],"aioseo_notices":[],"featured_image_src":"https:\/\/erim.ief.hr\/wp-content\/uploads\/2022\/05\/DSC_3639-300x200-1.jpg","featured_image_src_square":"https:\/\/erim.ief.hr\/wp-content\/uploads\/2022\/05\/DSC_3639-300x200-1.jpg","author_info":{"display_name":"Marijana Hamersak","author_link":"https:\/\/erim.ief.hr\/en\/author\/marijana\/"},"category_info":"<a href=\"https:\/\/erim.ief.hr\/en\/category\/predavanja-i-tribine\/konferencije\/\" rel=\"category tag\">znanstvene konferencije<\/a>, <a href=\"https:\/\/erim.ief.hr\/en\/category\/predavanja-i-tribine\/konferencije\/konferencije-2021\/\" rel=\"category tag\">znanstvene konferencije II<\/a>, <a href=\"https:\/\/erim.ief.hr\/en\/category\/predavanja-i-tribine\/\" rel=\"category tag\">znanstvene konferencije, predavanja i tribine<\/a>","tags_info":"","social_share_info":"<a data-share=\"facebook\" href=\"https:\/\/www.facebook.com\/sharer.php?u=https:\/\/erim.ief.hr\/en\/predavanja-i-tribine\/izlaganje-marijane-hamersak-o-dokumentarnosti-i-knjizevnosti-o-bijegu\/\" class=\"tb-facebook-share social-share-default tb-social-share\" target=\"_blank\"><i class=\"fab fa-facebook-f\" aria-hidden=\"true\"><\/i><\/a><a data-share=\"twitter\" href=\"https:\/\/twitter.com\/share?url=https:\/\/erim.ief.hr\/en\/predavanja-i-tribine\/izlaganje-marijane-hamersak-o-dokumentarnosti-i-knjizevnosti-o-bijegu\/\" class=\"tb-twiiter-share social-share-default tb-social-share\" target=\"_blank\"><i class=\"fab fa-twitter\" aria-hidden=\"true\"><\/i><\/a><a data-share=\"linkedin\" href=\"https:\/\/www.linkedin.com\/shareArticle?url=https:\/\/erim.ief.hr\/en\/predavanja-i-tribine\/izlaganje-marijane-hamersak-o-dokumentarnosti-i-knjizevnosti-o-bijegu\/\" class=\"tb-linkedin-share social-share-default tb-social-share\" target=\"_blank\"><i class=\"fab fa-linkedin-in\" aria-hidden=\"true\"><\/i><\/a>","wordExcerpt_info":"<p><!-- wp:paragraph {\"kioblocks\":[]} --><\/p>\n<p>Marijana Hamer\u0161ak sudjelovala je na znanstvenoj konferenciji <em>Strategies of Documentary Fiction and Contemporary Literature \u2013 Dokumentarische Strategien und Gegenwartsliteratur<\/em> s izlaganjem &#8220;The novel as a document, migration as a story and\u00a0 Kristian Novak&#8217;s <em>Gypsy, but the Fairest of Them All<\/em> &#8220;. Konferencija se odr\u017eala 20-22. svibnja 2022. godine u Crikvenici u organizaciji Filozofskog fakulteta Sveu\u010dili\u0161ta u Zagrebu i ELTE sveu\u010dili\u0161ta (Budimpe\u0161ta).  <\/p>\n<p><!-- \/wp:paragraph --><\/p>\n<p><!-- wp:paragraph {\"kioblocks\":[]} --><\/p>\n<p><a rel=\"noreferrer noopener\" href=\"https:\/\/zzk.ffzg.unizg.hr\/wp-content\/uploads\/2022\/05\/Kona%C4%8Dna-verzija-programska-knji%C5%BEica-2.pdf\" target=\"_blank\">Knji\u017eica sa\u017eetaka<\/a><\/p>\n<p><!-- \/wp:paragraph --><\/p>\n<p><!-- wp:file {\"id\":2743,\"href\":\"https:\\\/\\\/erim.ief.hr\\\/wp-content\\\/uploads\\\/2022\\\/12\\\/MH-2022-Gypsy-but-the-Fairest-of-Them-All.pdf\",\"kioblocks\":[]} --><\/p>\n<div class=\"wp-block-file\"><a href=\"https:\/\/erim.ief.hr\/wp-content\/uploads\/2022\/12\/MH-2022-Gypsy-but-the-Fairest-of-Them-All.pdf\">MH-2022-Gypsy-but-the-Fairest-of-Them-All<\/a><a href=\"https:\/\/erim.ief.hr\/wp-content\/uploads\/2022\/12\/MH-2022-Gypsy-but-the-Fairest-of-Them-All.pdf\" class=\"wp-block-file__button\" download>Preuzmi<\/a><\/div>\n<p><!-- \/wp:file --><\/p>\n<p><!-- wp:gallery {\"ids\":[2385],\"linkTo\":\"none\",\"align\":\"wide\",\"kioblocks\":[]} --><\/p>\n<figure class=\"wp-block-gallery alignwide columns-1 is-cropped\">\n<ul class=\"blocks-gallery-grid\">\n<li class=\"blocks-gallery-item\">\n<figure><img loading=\"lazy\" width=\"300\" height=\"200\" src=\"https:\/\/erim.ief.hr\/wp-content\/uploads\/2022\/05\/DSC_3639-300x200-1.jpg\" alt=\"\" data-id=\"2385\" data-link=\"https:\/\/erim.ief.hr\/predavanja-i-tribine\/izlaganje-marijane-hamersak-o-dokumentarnosti-i-knjizevnosti-o-bijegu\/attachment\/dsc_3639-300x200-1\/\" class=\"wp-image-2385\" \/><figcaption class=\"blocks-gallery-item__caption\">&nbsp;<\/figcaption><\/figure>\n<\/li>\n<\/ul>\n<\/figure>\n<p><!-- \/wp:gallery --><\/p>\n<p><!-- wp:paragraph {\"kioblocks\":[]} --><\/p>\n<p><!-- \/wp:paragraph --><\/p>\n","comment_info":"0","_links":{"self":[{"href":"https:\/\/erim.ief.hr\/en\/wp-json\/wp\/v2\/posts\/2376"}],"collection":[{"href":"https:\/\/erim.ief.hr\/en\/wp-json\/wp\/v2\/posts"}],"about":[{"href":"https:\/\/erim.ief.hr\/en\/wp-json\/wp\/v2\/types\/post"}],"author":[{"embeddable":true,"href":"https:\/\/erim.ief.hr\/en\/wp-json\/wp\/v2\/users\/2"}],"replies":[{"embeddable":true,"href":"https:\/\/erim.ief.hr\/en\/wp-json\/wp\/v2\/comments?post=2376"}],"version-history":[{"count":11,"href":"https:\/\/erim.ief.hr\/en\/wp-json\/wp\/v2\/posts\/2376\/revisions"}],"predecessor-version":[{"id":2763,"href":"https:\/\/erim.ief.hr\/en\/wp-json\/wp\/v2\/posts\/2376\/revisions\/2763"}],"wp:featuredmedia":[{"embeddable":true,"href":"https:\/\/erim.ief.hr\/en\/wp-json\/wp\/v2\/media\/2385"}],"wp:attachment":[{"href":"https:\/\/erim.ief.hr\/en\/wp-json\/wp\/v2\/media?parent=2376"}],"wp:term":[{"taxonomy":"category","embeddable":true,"href":"https:\/\/erim.ief.hr\/en\/wp-json\/wp\/v2\/categories?post=2376"},{"taxonomy":"post_tag","embeddable":true,"href":"https:\/\/erim.ief.hr\/en\/wp-json\/wp\/v2\/tags?post=2376"}],"curies":[{"name":"wp","href":"https:\/\/api.w.org\/{rel}","templated":true}]}}