{"id":2401,"date":"2022-06-03T23:33:35","date_gmt":"2022-06-03T21:33:35","guid":{"rendered":"https:\/\/erim.ief.hr\/?p=2401"},"modified":"2022-07-17T21:15:25","modified_gmt":"2022-07-17T19:15:25","slug":"odrzan-je-radni-sastanak","status":"publish","type":"post","link":"https:\/\/erim.ief.hr\/en\/radionice-i-sastanci\/radni-sastanci\/odrzan-je-radni-sastanak\/","title":{"rendered":"Odr\u017ean projektni radni sastanak"},"content":{"rendered":"<p>Dana 3. 6. 2022. odr\u017ean je online projektni sastanak posve\u0107en zavr\u0161etku rada na prvoj skupini tekstova za tiskani pojmovnik, planiranju terenskih istra\u017eivanja u ljetnom razdoblju te dogovoru sljede\u0107eg u\u017eivo sastanka. <\/p>\n\n\n\n<div class=\"wp-block-image is-style-default\"><figure class=\"aligncenter size-large\"><img loading=\"lazy\" width=\"605\" height=\"340\" src=\"https:\/\/erim.ief.hr\/wp-content\/uploads\/2022\/06\/image.png\" alt=\"\" class=\"wp-image-2402\" srcset=\"https:\/\/erim.ief.hr\/wp-content\/uploads\/2022\/06\/image.png 605w, https:\/\/erim.ief.hr\/wp-content\/uploads\/2022\/06\/image-300x169.png 300w, https:\/\/erim.ief.hr\/wp-content\/uploads\/2022\/06\/image-18x10.png 18w, https:\/\/erim.ief.hr\/wp-content\/uploads\/2022\/06\/image-249x140.png 249w, https:\/\/erim.ief.hr\/wp-content\/uploads\/2022\/06\/image-450x253.png 450w, https:\/\/erim.ief.hr\/wp-content\/uploads\/2022\/06\/image-374x210.png 374w\" sizes=\"(max-width: 605px) 100vw, 605px\" \/><\/figure><\/div>","protected":false},"excerpt":{"rendered":"<p>Dana 3. 6. 2022. odr\u017ean je online projektni sastanak posve\u0107en zavr\u0161etku rada na prvoj skupini tekstova za tiskani pojmovnik, planiranju terenskih istra\u017eivanja u ljetnom razdoblju te dogovoru sljede\u0107eg u\u017eivo &hellip;<\/p>","protected":false},"author":2,"featured_media":0,"comment_status":"closed","ping_status":"closed","sticky":false,"template":"","format":"standard","meta":{"_monsterinsights_skip_tracking":false,"_monsterinsights_sitenote_active":false,"_monsterinsights_sitenote_note":"","_monsterinsights_sitenote_category":0,"kk_blocks_editor_width":"","_kiokenblocks_attr":"","_kiokenblocks_dimensions":""},"categories":[6,32,29],"tags":[],"aioseo_notices":[],"featured_image_src":" ","featured_image_src_square":" ","author_info":{"display_name":"Marijana Hamersak","author_link":"https:\/\/erim.ief.hr\/en\/author\/marijana\/"},"category_info":"<a href=\"https:\/\/erim.ief.hr\/en\/category\/radionice-i-sastanci\/radni-sastanci\/\" rel=\"category tag\">radni sastanci<\/a>, <a href=\"https:\/\/erim.ief.hr\/en\/category\/radionice-i-sastanci\/radni-sastanci\/radni-sastanci-2021\/\" rel=\"category tag\">radni sastanci II<\/a>, <a href=\"https:\/\/erim.ief.hr\/en\/category\/radionice-i-sastanci\/\" rel=\"category tag\">sastanci, radionice i seminari<\/a>","tags_info":"","social_share_info":"<a data-share=\"facebook\" href=\"https:\/\/www.facebook.com\/sharer.php?u=https:\/\/erim.ief.hr\/en\/radionice-i-sastanci\/radni-sastanci\/odrzan-je-radni-sastanak\/\" class=\"tb-facebook-share social-share-default tb-social-share\" target=\"_blank\"><i class=\"fab fa-facebook-f\" aria-hidden=\"true\"><\/i><\/a><a data-share=\"twitter\" href=\"https:\/\/twitter.com\/share?url=https:\/\/erim.ief.hr\/en\/radionice-i-sastanci\/radni-sastanci\/odrzan-je-radni-sastanak\/\" class=\"tb-twiiter-share social-share-default tb-social-share\" target=\"_blank\"><i class=\"fab fa-twitter\" aria-hidden=\"true\"><\/i><\/a><a data-share=\"linkedin\" href=\"https:\/\/www.linkedin.com\/shareArticle?url=https:\/\/erim.ief.hr\/en\/radionice-i-sastanci\/radni-sastanci\/odrzan-je-radni-sastanak\/\" class=\"tb-linkedin-share social-share-default tb-social-share\" target=\"_blank\"><i class=\"fab fa-linkedin-in\" aria-hidden=\"true\"><\/i><\/a>","wordExcerpt_info":"<p><!-- wp:paragraph {\"kioblocks\":[]} --><\/p>\n<p>Dana 3. 6. 2022. odr\u017ean je online projektni sastanak posve\u0107en zavr\u0161etku rada na prvoj skupini tekstova za tiskani pojmovnik, planiranju terenskih istra\u017eivanja u ljetnom razdoblju te dogovoru sljede\u0107eg u\u017eivo sastanka. <\/p>\n<p><!-- \/wp:paragraph --><\/p>\n<p><!-- wp:image {\"align\":\"center\",\"id\":2402,\"sizeSlug\":\"large\",\"linkDestination\":\"none\",\"className\":\"is-style-default\",\"kioblocks\":[]} --><\/p>\n<div class=\"wp-block-image is-style-default\">\n<figure class=\"aligncenter size-large\"><img loading=\"lazy\" width=\"605\" height=\"340\" src=\"https:\/\/erim.ief.hr\/wp-content\/uploads\/2022\/06\/image.png\" alt=\"\" class=\"wp-image-2402\" \/><\/figure>\n<\/div>\n<p><!-- \/wp:image --><\/p>\n","comment_info":"0","_links":{"self":[{"href":"https:\/\/erim.ief.hr\/en\/wp-json\/wp\/v2\/posts\/2401"}],"collection":[{"href":"https:\/\/erim.ief.hr\/en\/wp-json\/wp\/v2\/posts"}],"about":[{"href":"https:\/\/erim.ief.hr\/en\/wp-json\/wp\/v2\/types\/post"}],"author":[{"embeddable":true,"href":"https:\/\/erim.ief.hr\/en\/wp-json\/wp\/v2\/users\/2"}],"replies":[{"embeddable":true,"href":"https:\/\/erim.ief.hr\/en\/wp-json\/wp\/v2\/comments?post=2401"}],"version-history":[{"count":2,"href":"https:\/\/erim.ief.hr\/en\/wp-json\/wp\/v2\/posts\/2401\/revisions"}],"predecessor-version":[{"id":2415,"href":"https:\/\/erim.ief.hr\/en\/wp-json\/wp\/v2\/posts\/2401\/revisions\/2415"}],"wp:attachment":[{"href":"https:\/\/erim.ief.hr\/en\/wp-json\/wp\/v2\/media?parent=2401"}],"wp:term":[{"taxonomy":"category","embeddable":true,"href":"https:\/\/erim.ief.hr\/en\/wp-json\/wp\/v2\/categories?post=2401"},{"taxonomy":"post_tag","embeddable":true,"href":"https:\/\/erim.ief.hr\/en\/wp-json\/wp\/v2\/tags?post=2401"}],"curies":[{"name":"wp","href":"https:\/\/api.w.org\/{rel}","templated":true}]}}