{"id":2405,"date":"2022-06-04T00:32:40","date_gmt":"2022-06-03T22:32:40","guid":{"rendered":"https:\/\/erim.ief.hr\/?p=2405"},"modified":"2022-07-17T20:43:25","modified_gmt":"2022-07-17T18:43:25","slug":"tamara-opacic-balkanski-put-smrti","status":"publish","type":"post","link":"https:\/\/erim.ief.hr\/en\/vijesti\/tamara-opacic-balkanski-put-smrti\/","title":{"rendered":"Tamara Opa\u010di\u0107 &#8220;Balkanski put smrti&#8221;"},"content":{"rendered":"<p>Tamar Opa\u010di\u0107 objavila je u <em>Novostima<\/em> 6. 5. 2022. drugi nastavak \u010dlanka o umrlima na granicama. Naslov \u010dlanka je &#8220;<a href=\"https:\/\/www.portalnovosti.com\/balkanski-put-smrti\" target=\"_blank\" rel=\"noreferrer noopener\">Balkanski put smrti<\/a>&#8220;.<\/p>\n\n\n\n<blockquote class=\"wp-block-quote\"><p>Prema podacima koje prikuplja me\u0111unarodna grupa aktivista i istra\u017eiva\u010da od 2016. godine, tj. formalnog zatvaranja izbjegli\u010dke rute, na podru\u010dju Balkana, s fokusom na zemlje biv\u0161e Jugoslavije, smrtno je stradalo najmanje 259 migranata, od \u010dega njih 29,7 posto na podru\u010dju BiH, 24 posto u Srbiji, 20,5 u Hrvatskoj, 8,1 u Sloveniji, 1,5 u Sjevernoj Makedoniji, 0,8 na Kosovu i 15,4 posto u ostalim balkanskim dr\u017eavama. Na temelju istih podataka, u sklopu istra\u017eiva\u010dkog projekta &#8220;Europski re\u017eim iregulariziranih migracija na periferiji EU: od etnografije do pojmovnika&#8221; (ERIM) nastala je karta stradanja koja pokazuje da je najsmrtonosnije podru\u010dje koje se prostire od Velike Kladu\u0161e i Biha\u0107a, do Karlova\u010dke \u017eupanije i Gorskog kotara pa sve preko granice sa Slovenijom. Veliki broj smrti evidentiran je i na podru\u010dju oko hrvatsko-srpske granice te bosansko-srpske, u dijelu gdje se ona nalazi na rijeci Drini. Budu\u0107i da je rije\u010d o podacima prikupljenima iz javno dostupnih izvora, naj\u010de\u0161\u0107e medija, aktivisti i aktivistkinje isti\u010du da je realan broj umrlih vjerojatno daleko ve\u0107i.<\/p><\/blockquote>\n\n\n\n<figure class=\"wp-block-image size-large\"><img loading=\"lazy\" width=\"1024\" height=\"577\" src=\"https:\/\/erim.ief.hr\/wp-content\/uploads\/2022\/06\/Knezevi-Vinogradi-16.-5.-2022.-MH-5-1-1024x577.jpg\" alt=\"\" class=\"wp-image-2408\" srcset=\"https:\/\/erim.ief.hr\/wp-content\/uploads\/2022\/06\/Knezevi-Vinogradi-16.-5.-2022.-MH-5-1-1024x577.jpg 1024w, https:\/\/erim.ief.hr\/wp-content\/uploads\/2022\/06\/Knezevi-Vinogradi-16.-5.-2022.-MH-5-1-300x169.jpg 300w, https:\/\/erim.ief.hr\/wp-content\/uploads\/2022\/06\/Knezevi-Vinogradi-16.-5.-2022.-MH-5-1-768x433.jpg 768w, https:\/\/erim.ief.hr\/wp-content\/uploads\/2022\/06\/Knezevi-Vinogradi-16.-5.-2022.-MH-5-1-1536x865.jpg 1536w, https:\/\/erim.ief.hr\/wp-content\/uploads\/2022\/06\/Knezevi-Vinogradi-16.-5.-2022.-MH-5-1-2048x1154.jpg 2048w, https:\/\/erim.ief.hr\/wp-content\/uploads\/2022\/06\/Knezevi-Vinogradi-16.-5.-2022.-MH-5-1-18x10.jpg 18w, https:\/\/erim.ief.hr\/wp-content\/uploads\/2022\/06\/Knezevi-Vinogradi-16.-5.-2022.-MH-5-1-249x140.jpg 249w, https:\/\/erim.ief.hr\/wp-content\/uploads\/2022\/06\/Knezevi-Vinogradi-16.-5.-2022.-MH-5-1-450x253.jpg 450w, https:\/\/erim.ief.hr\/wp-content\/uploads\/2022\/06\/Knezevi-Vinogradi-16.-5.-2022.-MH-5-1-373x210.jpg 373w\" sizes=\"(max-width: 1024px) 100vw, 1024px\" \/><figcaption>Grobovi dvije nepoznate osobe stradale tijekom migracije. Kne\u017eevi Vinogradi, 16. 5. 2022. Foto: Marijana Hamer\u0161ak<\/figcaption><\/figure>\n\n\n\n<p><\/p>","protected":false},"excerpt":{"rendered":"<p>Tamar Opa\u010di\u0107 objavila je u Novostima 6. 5. 2022. drugi nastavak \u010dlanka o umrlima na granicama. Naslov \u010dlanka je &#8220;Balkanski put smrti&#8220;. Prema podacima koje prikuplja me\u0111unarodna grupa aktivista &hellip;<\/p>","protected":false},"author":2,"featured_media":0,"comment_status":"closed","ping_status":"closed","sticky":false,"template":"","format":"standard","meta":{"_monsterinsights_skip_tracking":false,"_monsterinsights_sitenote_active":false,"_monsterinsights_sitenote_note":"","_monsterinsights_sitenote_category":0,"kk_blocks_editor_width":"","_kiokenblocks_attr":"","_kiokenblocks_dimensions":""},"categories":[51,52,8],"tags":[],"aioseo_notices":[],"featured_image_src":" ","featured_image_src_square":" ","author_info":{"display_name":"Marijana Hamersak","author_link":"https:\/\/erim.ief.hr\/en\/author\/marijana\/"},"category_info":"<a href=\"https:\/\/erim.ief.hr\/en\/category\/vijesti\/o-erimu\/\" rel=\"category tag\">o erimu<\/a>, <a href=\"https:\/\/erim.ief.hr\/en\/category\/vijesti\/o-erimu\/o-erimu-ii\/\" rel=\"category tag\">o erimu II<\/a>, <a href=\"https:\/\/erim.ief.hr\/en\/category\/vijesti\/\" rel=\"category tag\">vijesti<\/a>","tags_info":"","social_share_info":"<a data-share=\"facebook\" href=\"https:\/\/www.facebook.com\/sharer.php?u=https:\/\/erim.ief.hr\/en\/vijesti\/tamara-opacic-balkanski-put-smrti\/\" class=\"tb-facebook-share social-share-default tb-social-share\" target=\"_blank\"><i class=\"fab fa-facebook-f\" aria-hidden=\"true\"><\/i><\/a><a data-share=\"twitter\" href=\"https:\/\/twitter.com\/share?url=https:\/\/erim.ief.hr\/en\/vijesti\/tamara-opacic-balkanski-put-smrti\/\" class=\"tb-twiiter-share social-share-default tb-social-share\" target=\"_blank\"><i class=\"fab fa-twitter\" aria-hidden=\"true\"><\/i><\/a><a data-share=\"linkedin\" href=\"https:\/\/www.linkedin.com\/shareArticle?url=https:\/\/erim.ief.hr\/en\/vijesti\/tamara-opacic-balkanski-put-smrti\/\" class=\"tb-linkedin-share social-share-default tb-social-share\" target=\"_blank\"><i class=\"fab fa-linkedin-in\" aria-hidden=\"true\"><\/i><\/a>","wordExcerpt_info":"<p><!-- wp:paragraph {\"kioblocks\":[]} --><\/p>\n<p>Tamar Opa\u010di\u0107 objavila je u <em>Novostima<\/em> 6. 5. 2022. drugi nastavak \u010dlanka o umrlima na granicama. Naslov \u010dlanka je &#8220;<a href=\"https:\/\/www.portalnovosti.com\/balkanski-put-smrti\" target=\"_blank\" rel=\"noreferrer noopener\">Balkanski put smrti<\/a>&#8220;.<\/p>\n<p><!-- \/wp:paragraph --><\/p>\n<p><!-- wp:quote {\"kioblocks\":[]} --><\/p>\n<blockquote class=\"wp-block-quote\">\n<p>Prema podacima koje prikuplja me\u0111unarodna grupa aktivista i istra\u017eiva\u010da od 2016. godine, tj. formalnog zatvaranja izbjegli\u010dke rute, na podru\u010dju Balkana, s fokusom na zemlje biv\u0161e Jugoslavije, smrtno je stradalo najmanje 259 migranata, od \u010dega njih 29,7 posto na podru\u010dju BiH, 24 posto u Srbiji, 20,5 u Hrvatskoj, 8,1 u Sloveniji, 1,5 u Sjevernoj Makedoniji, 0,8 na Kosovu i 15,4 posto u ostalim balkanskim dr\u017eavama. Na temelju istih podataka, u sklopu istra\u017eiva\u010dkog projekta &#8220;Europski re\u017eim iregulariziranih migracija na periferiji EU: od etnografije do pojmovnika&#8221; (ERIM) nastala je karta stradanja koja pokazuje da je najsmrtonosnije podru\u010dje koje se prostire od Velike Kladu\u0161e i Biha\u0107a, do Karlova\u010dke \u017eupanije i Gorskog kotara pa sve preko granice sa Slovenijom. Veliki broj smrti evidentiran je i na podru\u010dju oko hrvatsko-srpske granice te bosansko-srpske, u dijelu gdje se ona nalazi na rijeci Drini. Budu\u0107i da je rije\u010d o podacima prikupljenima iz javno dostupnih izvora, naj\u010de\u0161\u0107e medija, aktivisti i aktivistkinje isti\u010du da je realan broj umrlih vjerojatno daleko ve\u0107i.<\/p>\n<\/blockquote>\n<p><!-- \/wp:quote --><\/p>\n<p><!-- wp:image {\"id\":2408,\"sizeSlug\":\"large\",\"linkDestination\":\"none\",\"kioblocks\":[]} --><\/p>\n<figure class=\"wp-block-image size-large\"><img loading=\"lazy\" width=\"1024\" height=\"577\" src=\"https:\/\/erim.ief.hr\/wp-content\/uploads\/2022\/06\/Knezevi-Vinogradi-16.-5.-2022.-MH-5-1-1024x577.jpg\" alt=\"\" class=\"wp-image-2408\" \/><figcaption>Grobovi dvije nepoznate osobe stradale tijekom migracije. Kne\u017eevi Vinogradi, 16. 5. 2022. Foto: Marijana Hamer\u0161ak<\/figcaption><\/figure>\n<p><!-- \/wp:image --><\/p>\n<p><!-- wp:paragraph {\"kioblocks\":[]} --><\/p>\n<p><!-- \/wp:paragraph --><\/p>\n","comment_info":"0","_links":{"self":[{"href":"https:\/\/erim.ief.hr\/en\/wp-json\/wp\/v2\/posts\/2405"}],"collection":[{"href":"https:\/\/erim.ief.hr\/en\/wp-json\/wp\/v2\/posts"}],"about":[{"href":"https:\/\/erim.ief.hr\/en\/wp-json\/wp\/v2\/types\/post"}],"author":[{"embeddable":true,"href":"https:\/\/erim.ief.hr\/en\/wp-json\/wp\/v2\/users\/2"}],"replies":[{"embeddable":true,"href":"https:\/\/erim.ief.hr\/en\/wp-json\/wp\/v2\/comments?post=2405"}],"version-history":[{"count":6,"href":"https:\/\/erim.ief.hr\/en\/wp-json\/wp\/v2\/posts\/2405\/revisions"}],"predecessor-version":[{"id":2417,"href":"https:\/\/erim.ief.hr\/en\/wp-json\/wp\/v2\/posts\/2405\/revisions\/2417"}],"wp:attachment":[{"href":"https:\/\/erim.ief.hr\/en\/wp-json\/wp\/v2\/media?parent=2405"}],"wp:term":[{"taxonomy":"category","embeddable":true,"href":"https:\/\/erim.ief.hr\/en\/wp-json\/wp\/v2\/categories?post=2405"},{"taxonomy":"post_tag","embeddable":true,"href":"https:\/\/erim.ief.hr\/en\/wp-json\/wp\/v2\/tags?post=2405"}],"curies":[{"name":"wp","href":"https:\/\/api.w.org\/{rel}","templated":true}]}}