{"id":2441,"date":"2022-06-29T21:40:48","date_gmt":"2022-06-29T19:40:48","guid":{"rendered":"https:\/\/erim.ief.hr\/?p=2441"},"modified":"2022-06-30T00:13:25","modified_gmt":"2022-06-29T22:13:25","slug":"memorandum-o-suradnji-sa-pedagoskim-fakultetom-univerziteta-u-bihacu","status":"publish","type":"post","link":"https:\/\/erim.ief.hr\/en\/vijesti\/memorandum-o-suradnji-sa-pedagoskim-fakultetom-univerziteta-u-bihacu\/","title":{"rendered":"Memorandum o suradnji s Pedago\u0161kim fakultetom Univerziteta u Biha\u0107u"},"content":{"rendered":"<div class=\"wp-block-media-text alignwide is-stacked-on-mobile\"><figure class=\"wp-block-media-text__media\"><img loading=\"lazy\" width=\"410\" height=\"110\" src=\"https:\/\/erim.ief.hr\/wp-content\/uploads\/2022\/06\/PFB-Logo.png\" alt=\"\" class=\"wp-image-2443 size-full\" srcset=\"https:\/\/erim.ief.hr\/wp-content\/uploads\/2022\/06\/PFB-Logo.png 410w, https:\/\/erim.ief.hr\/wp-content\/uploads\/2022\/06\/PFB-Logo-300x80.png 300w, https:\/\/erim.ief.hr\/wp-content\/uploads\/2022\/06\/PFB-Logo-18x5.png 18w\" sizes=\"(max-width: 410px) 100vw, 410px\" \/><\/figure><div class=\"wp-block-media-text__content\">\n<p class=\"has-normal-font-size\">Pedago\u0161ki fakultet Univerziteta u Biha\u0107u i Institut za etnologiju i folkloristiku zaklju\u010dili su u sije\u010dnju 2021. godine Memorandum o suradnju na projektu <em>Europski re\u017eim iregulariziranih migracija na periferiji: od etnografije do pojmovnika<\/em>. Memorandumom je usugla\u0161ena me\u0111usobna podr\u0161ka i suradnja u ovom i drugim istra\u017eivanjima od zajedni\u010dkog interesa, poticanje zajedni\u010dkog istra\u017eiva\u010dkog rada, diseminacije istra\u017eivanja i razmjene istra\u017eiva\u010da i suradnika, knjiga, \u010dasopisa i drugih znanstveno-stru\u010dnih publikacija.<\/p>\n<\/div><\/div>\n\n\n\n<p><\/p>\n\n\n\n<p><\/p>","protected":false},"excerpt":{"rendered":"<p>Pedago\u0161ki fakultet Univerziteta u Biha\u0107u i Institut za etnologiju i folkloristiku zaklju\u010dili su u sije\u010dnju 2021. godine Memorandum o suradnju na projektu Europski re\u017eim iregulariziranih migracija na periferiji: od &hellip;<\/p>","protected":false},"author":2,"featured_media":0,"comment_status":"closed","ping_status":"closed","sticky":false,"template":"","format":"standard","meta":{"_monsterinsights_skip_tracking":false,"_monsterinsights_sitenote_active":false,"_monsterinsights_sitenote_note":"","_monsterinsights_sitenote_category":0,"kk_blocks_editor_width":"","_kiokenblocks_attr":"","_kiokenblocks_dimensions":""},"categories":[8,39],"tags":[],"aioseo_notices":[],"featured_image_src":" ","featured_image_src_square":" ","author_info":{"display_name":"Marijana Hamersak","author_link":"https:\/\/erim.ief.hr\/en\/author\/marijana\/"},"category_info":"<a href=\"https:\/\/erim.ief.hr\/en\/category\/vijesti\/\" rel=\"category tag\">vijesti<\/a>, <a href=\"https:\/\/erim.ief.hr\/en\/category\/vijesti\/vijesti-2021\/\" rel=\"category tag\">vijesti II<\/a>","tags_info":"","social_share_info":"<a data-share=\"facebook\" href=\"https:\/\/www.facebook.com\/sharer.php?u=https:\/\/erim.ief.hr\/en\/vijesti\/memorandum-o-suradnji-sa-pedagoskim-fakultetom-univerziteta-u-bihacu\/\" class=\"tb-facebook-share social-share-default tb-social-share\" target=\"_blank\"><i class=\"fab fa-facebook-f\" aria-hidden=\"true\"><\/i><\/a><a data-share=\"twitter\" href=\"https:\/\/twitter.com\/share?url=https:\/\/erim.ief.hr\/en\/vijesti\/memorandum-o-suradnji-sa-pedagoskim-fakultetom-univerziteta-u-bihacu\/\" class=\"tb-twiiter-share social-share-default tb-social-share\" target=\"_blank\"><i class=\"fab fa-twitter\" aria-hidden=\"true\"><\/i><\/a><a data-share=\"linkedin\" href=\"https:\/\/www.linkedin.com\/shareArticle?url=https:\/\/erim.ief.hr\/en\/vijesti\/memorandum-o-suradnji-sa-pedagoskim-fakultetom-univerziteta-u-bihacu\/\" class=\"tb-linkedin-share social-share-default tb-social-share\" target=\"_blank\"><i class=\"fab fa-linkedin-in\" aria-hidden=\"true\"><\/i><\/a>","wordExcerpt_info":"<p><!-- wp:media-text {\"mediaId\":2443,\"mediaLink\":\"https:\\\/\\\/erim.ief.hr\\\/?attachment_id=2443\",\"mediaType\":\"image\",\"kioblocks\":[]} --><\/p>\n<div class=\"wp-block-media-text alignwide is-stacked-on-mobile\">\n<figure class=\"wp-block-media-text__media\"><img loading=\"lazy\" width=\"410\" height=\"110\" src=\"https:\/\/erim.ief.hr\/wp-content\/uploads\/2022\/06\/PFB-Logo.png\" alt=\"\" class=\"wp-image-2443 size-full\" \/><\/figure>\n<div class=\"wp-block-media-text__content\"><!-- wp:paragraph {\"placeholder\":\"Sadr\\u017eaj\\u2026\",\"className\":\"has-normal-font-size\",\"kioblocks\":[]} --><\/p>\n<p class=\"has-normal-font-size\">Pedago\u0161ki fakultet Univerziteta u Biha\u0107u i Institut za etnologiju i folkloristiku zaklju\u010dili su u sije\u010dnju 2021. godine Memorandum o suradnju na projektu <em>Europski re\u017eim iregulariziranih migracija na periferiji: od etnografije do pojmovnika<\/em>. Memorandumom je usugla\u0161ena me\u0111usobna podr\u0161ka i suradnja u ovom i drugim istra\u017eivanjima od zajedni\u010dkog interesa, poticanje zajedni\u010dkog istra\u017eiva\u010dkog rada, diseminacije istra\u017eivanja i razmjene istra\u017eiva\u010da i suradnika, knjiga, \u010dasopisa i drugih znanstveno-stru\u010dnih publikacija.<\/p>\n<p><!-- \/wp:paragraph --><\/div>\n<\/div>\n<p><!-- \/wp:media-text --><\/p>\n<p><!-- wp:paragraph {\"kioblocks\":[]} --><\/p>\n<p><!-- \/wp:paragraph --><\/p>\n<p><!-- wp:paragraph {\"kioblocks\":[]} --><\/p>\n<p><!-- \/wp:paragraph --><\/p>\n","comment_info":"0","_links":{"self":[{"href":"https:\/\/erim.ief.hr\/en\/wp-json\/wp\/v2\/posts\/2441"}],"collection":[{"href":"https:\/\/erim.ief.hr\/en\/wp-json\/wp\/v2\/posts"}],"about":[{"href":"https:\/\/erim.ief.hr\/en\/wp-json\/wp\/v2\/types\/post"}],"author":[{"embeddable":true,"href":"https:\/\/erim.ief.hr\/en\/wp-json\/wp\/v2\/users\/2"}],"replies":[{"embeddable":true,"href":"https:\/\/erim.ief.hr\/en\/wp-json\/wp\/v2\/comments?post=2441"}],"version-history":[{"count":3,"href":"https:\/\/erim.ief.hr\/en\/wp-json\/wp\/v2\/posts\/2441\/revisions"}],"predecessor-version":[{"id":2446,"href":"https:\/\/erim.ief.hr\/en\/wp-json\/wp\/v2\/posts\/2441\/revisions\/2446"}],"wp:attachment":[{"href":"https:\/\/erim.ief.hr\/en\/wp-json\/wp\/v2\/media?parent=2441"}],"wp:term":[{"taxonomy":"category","embeddable":true,"href":"https:\/\/erim.ief.hr\/en\/wp-json\/wp\/v2\/categories?post=2441"},{"taxonomy":"post_tag","embeddable":true,"href":"https:\/\/erim.ief.hr\/en\/wp-json\/wp\/v2\/tags?post=2441"}],"curies":[{"name":"wp","href":"https:\/\/api.w.org\/{rel}","templated":true}]}}