{"id":2502,"date":"2022-07-17T22:05:38","date_gmt":"2022-07-17T20:05:38","guid":{"rendered":"https:\/\/erim.ief.hr\/?p=2502"},"modified":"2022-12-13T14:50:31","modified_gmt":"2022-12-13T13:50:31","slug":"usavrsavanje-bojana-mucko","status":"publish","type":"post","link":"https:\/\/erim.ief.hr\/en\/studijski-boravci\/usavrsavanje-bojana-mucko\/","title":{"rendered":"Usavr\u0161avanje Bojana Mucka"},"content":{"rendered":"<p>Bojan Mucko usavr\u0161avao se na Advanced Seminar in Migration odr\u017eanom u Rijeci je od 15. do 17. 12. 2021.  u  organizaciji Odsjeka za kulturalne studije Filozofskog fakulteta Sveu\u010dili\u0161ta u Rijeci, Instituta za etnologiju i folkloristiku, znanstveno-istra\u017eiva\u010dkog projekta Hrvatske zaklade za znanost ERIM, Centra za napredne studije Sveu\u010dili\u0161ta u Rijeci i Instituta za slovensko iseljeni\u0161tvo i migracije Znanstveno-istra\u017eiva\u010dkog centra Slovenske akademije znanosti i umjetnosti. <\/p>\n\n\n\n<figure class=\"wp-block-gallery alignwide columns-2 is-cropped\"><ul class=\"blocks-gallery-grid\"><li class=\"blocks-gallery-item\"><figure><img src=\"http:\/\/erim.ief.hr\/wp-content\/uploads\/2022\/07\/Bojan-Mucko-advanced-II.jpg\" alt=\"\" data-id=\"2503\" data-link=\"https:\/\/erim.ief.hr\/nekategorizirano\/usavrsavanje-bojana-mucko\/attachment\/bojan-mucko-advanced-ii\/\" class=\"wp-image-2503\"\/><figcaption class=\"blocks-gallery-item__caption\">Rijeka, 15-17.12. 2021<\/figcaption><\/figure><\/li><li class=\"blocks-gallery-item\"><figure><img src=\"http:\/\/erim.ief.hr\/wp-content\/uploads\/2022\/07\/Bojan-Mucko-advanced.jpg\" alt=\"\" data-id=\"2506\" data-link=\"https:\/\/erim.ief.hr\/nekategorizirano\/usavrsavanje-bojana-mucko\/attachment\/bojan-mucko-advanced\/\" class=\"wp-image-2506\"\/><figcaption class=\"blocks-gallery-item__caption\">Rijeka 15-17.12. 2021<\/figcaption><\/figure><\/li><\/ul><\/figure>\n\n\n\n<p><\/p>","protected":false},"excerpt":{"rendered":"<p>Bojan Mucko usavr\u0161avao se na Advanced Seminar in Migration odr\u017eanom u Rijeci je od 15. do 17. 12. 2021. u organizaciji Odsjeka za kulturalne studije Filozofskog fakulteta Sveu\u010dili\u0161ta u &hellip;<\/p>","protected":false},"author":2,"featured_media":0,"comment_status":"closed","ping_status":"closed","sticky":false,"template":"","format":"standard","meta":{"_monsterinsights_skip_tracking":false,"_monsterinsights_sitenote_active":false,"_monsterinsights_sitenote_note":"","_monsterinsights_sitenote_category":0,"kk_blocks_editor_width":"","_kiokenblocks_attr":"","_kiokenblocks_dimensions":""},"categories":[15,44],"tags":[],"aioseo_notices":[],"featured_image_src":" ","featured_image_src_square":" ","author_info":{"display_name":"Marijana Hamersak","author_link":"https:\/\/erim.ief.hr\/en\/author\/marijana\/"},"category_info":"<a href=\"https:\/\/erim.ief.hr\/en\/category\/studijski-boravci\/\" rel=\"category tag\">studijski boravci i usavr\u0161avanja<\/a>, <a href=\"https:\/\/erim.ief.hr\/en\/category\/studijski-boravci\/usavrsavanja-ii\/\" rel=\"category tag\">usavr\u0161avanja II<\/a>","tags_info":"","social_share_info":"<a data-share=\"facebook\" href=\"https:\/\/www.facebook.com\/sharer.php?u=https:\/\/erim.ief.hr\/en\/studijski-boravci\/usavrsavanje-bojana-mucko\/\" class=\"tb-facebook-share social-share-default tb-social-share\" target=\"_blank\"><i class=\"fab fa-facebook-f\" aria-hidden=\"true\"><\/i><\/a><a data-share=\"twitter\" href=\"https:\/\/twitter.com\/share?url=https:\/\/erim.ief.hr\/en\/studijski-boravci\/usavrsavanje-bojana-mucko\/\" class=\"tb-twiiter-share social-share-default tb-social-share\" target=\"_blank\"><i class=\"fab fa-twitter\" aria-hidden=\"true\"><\/i><\/a><a data-share=\"linkedin\" href=\"https:\/\/www.linkedin.com\/shareArticle?url=https:\/\/erim.ief.hr\/en\/studijski-boravci\/usavrsavanje-bojana-mucko\/\" class=\"tb-linkedin-share social-share-default tb-social-share\" target=\"_blank\"><i class=\"fab fa-linkedin-in\" aria-hidden=\"true\"><\/i><\/a>","wordExcerpt_info":"<p><!-- wp:paragraph {\"kioblocks\":[]} --><\/p>\n<p>Bojan Mucko usavr\u0161avao se na Advanced Seminar in Migration odr\u017eanom u Rijeci je od 15. do 17. 12. 2021.  u  organizaciji Odsjeka za kulturalne studije Filozofskog fakulteta Sveu\u010dili\u0161ta u Rijeci, Instituta za etnologiju i folkloristiku, znanstveno-istra\u017eiva\u010dkog projekta Hrvatske zaklade za znanost ERIM, Centra za napredne studije Sveu\u010dili\u0161ta u Rijeci i Instituta za slovensko iseljeni\u0161tvo i migracije Znanstveno-istra\u017eiva\u010dkog centra Slovenske akademije znanosti i umjetnosti. <\/p>\n<p><!-- \/wp:paragraph --><\/p>\n<p><!-- wp:gallery {\"ids\":[2503,2506],\"linkTo\":\"none\",\"align\":\"wide\",\"kioblocks\":[]} --><\/p>\n<figure class=\"wp-block-gallery alignwide columns-2 is-cropped\">\n<ul class=\"blocks-gallery-grid\">\n<li class=\"blocks-gallery-item\">\n<figure><img src=\"http:\/\/erim.ief.hr\/wp-content\/uploads\/2022\/07\/Bojan-Mucko-advanced-II.jpg\" alt=\"\" data-id=\"2503\" data-link=\"https:\/\/erim.ief.hr\/nekategorizirano\/usavrsavanje-bojana-mucko\/attachment\/bojan-mucko-advanced-ii\/\" class=\"wp-image-2503\" \/><figcaption class=\"blocks-gallery-item__caption\">Rijeka, 15-17.12. 2021<\/figcaption><\/figure>\n<\/li>\n<li class=\"blocks-gallery-item\">\n<figure><img src=\"http:\/\/erim.ief.hr\/wp-content\/uploads\/2022\/07\/Bojan-Mucko-advanced.jpg\" alt=\"\" data-id=\"2506\" data-link=\"https:\/\/erim.ief.hr\/nekategorizirano\/usavrsavanje-bojana-mucko\/attachment\/bojan-mucko-advanced\/\" class=\"wp-image-2506\" \/><figcaption class=\"blocks-gallery-item__caption\">Rijeka 15-17.12. 2021<\/figcaption><\/figure>\n<\/li>\n<\/ul>\n<\/figure>\n<p><!-- \/wp:gallery --><\/p>\n<p><!-- wp:paragraph {\"kioblocks\":[]} --><\/p>\n<p><!-- \/wp:paragraph --><\/p>\n","comment_info":"0","_links":{"self":[{"href":"https:\/\/erim.ief.hr\/en\/wp-json\/wp\/v2\/posts\/2502"}],"collection":[{"href":"https:\/\/erim.ief.hr\/en\/wp-json\/wp\/v2\/posts"}],"about":[{"href":"https:\/\/erim.ief.hr\/en\/wp-json\/wp\/v2\/types\/post"}],"author":[{"embeddable":true,"href":"https:\/\/erim.ief.hr\/en\/wp-json\/wp\/v2\/users\/2"}],"replies":[{"embeddable":true,"href":"https:\/\/erim.ief.hr\/en\/wp-json\/wp\/v2\/comments?post=2502"}],"version-history":[{"count":4,"href":"https:\/\/erim.ief.hr\/en\/wp-json\/wp\/v2\/posts\/2502\/revisions"}],"predecessor-version":[{"id":2690,"href":"https:\/\/erim.ief.hr\/en\/wp-json\/wp\/v2\/posts\/2502\/revisions\/2690"}],"wp:attachment":[{"href":"https:\/\/erim.ief.hr\/en\/wp-json\/wp\/v2\/media?parent=2502"}],"wp:term":[{"taxonomy":"category","embeddable":true,"href":"https:\/\/erim.ief.hr\/en\/wp-json\/wp\/v2\/categories?post=2502"},{"taxonomy":"post_tag","embeddable":true,"href":"https:\/\/erim.ief.hr\/en\/wp-json\/wp\/v2\/tags?post=2502"}],"curies":[{"name":"wp","href":"https:\/\/api.w.org\/{rel}","templated":true}]}}