{"id":2612,"date":"2022-10-10T09:05:00","date_gmt":"2022-10-10T07:05:00","guid":{"rendered":"https:\/\/erim.ief.hr\/?p=2612"},"modified":"2022-10-10T09:15:37","modified_gmt":"2022-10-10T07:15:37","slug":"bojan-mucko-i-romana-poznak-banija-kao-metafora-i-metonimija","status":"publish","type":"post","link":"https:\/\/erim.ief.hr\/en\/predavanja-i-tribine\/bojan-mucko-i-romana-poznak-banija-kao-metafora-i-metonimija\/","title":{"rendered":"Bojan Mucko i Romana Poznak: Banija kao metafora i metonimija"},"content":{"rendered":"<p>Bojan Mucko i Romana Pozniak sudjelovali su na konferenciji <em>Banija kao metafora i metonimija<\/em>: <em>godi\u0161njem znanstvenostru\u010dnom skupu Instituta za etnologiju i folkloristiku<\/em> (Glina i Zagreb, 5-6. 10. 2022). Bojan Mucko odr\u017eao je izlaganje &#8220;Etnografski kola\u017e iz susjedstva&#8221;, a Romana Pozniak &#8220;Politike humanitarizma na periferiji: izme\u0111u transformativnog potencijala i neoliberlane kooptacije skrbi&#8221;.<\/p>\n\n\n\n<div class=\"wp-block-image\"><figure class=\"aligncenter size-large\"><img loading=\"lazy\" width=\"768\" height=\"1024\" src=\"https:\/\/erim.ief.hr\/wp-content\/uploads\/2022\/10\/310825463_622936532953810_3796269332559683342_n.jpg\" alt=\"\" class=\"wp-image-2613\" srcset=\"https:\/\/erim.ief.hr\/wp-content\/uploads\/2022\/10\/310825463_622936532953810_3796269332559683342_n.jpg 768w, https:\/\/erim.ief.hr\/wp-content\/uploads\/2022\/10\/310825463_622936532953810_3796269332559683342_n-225x300.jpg 225w, https:\/\/erim.ief.hr\/wp-content\/uploads\/2022\/10\/310825463_622936532953810_3796269332559683342_n-9x12.jpg 9w, https:\/\/erim.ief.hr\/wp-content\/uploads\/2022\/10\/310825463_622936532953810_3796269332559683342_n-105x140.jpg 105w, https:\/\/erim.ief.hr\/wp-content\/uploads\/2022\/10\/310825463_622936532953810_3796269332559683342_n-450x600.jpg 450w, https:\/\/erim.ief.hr\/wp-content\/uploads\/2022\/10\/310825463_622936532953810_3796269332559683342_n-158x210.jpg 158w\" sizes=\"(max-width: 768px) 100vw, 768px\" \/><figcaption>Glina, 5. 10. 2022. Foto: IEF<\/figcaption><\/figure><\/div>\n\n\n\n<div class=\"wp-block-file\"><a href=\"https:\/\/erim.ief.hr\/wp-content\/uploads\/2022\/10\/FINAL_knjizica_Banija-ZA-WEB.pdf\">Program Banija kao metafora i metonimija<\/a><a href=\"https:\/\/erim.ief.hr\/wp-content\/uploads\/2022\/10\/FINAL_knjizica_Banija-ZA-WEB.pdf\" class=\"wp-block-file__button\" download>Preuzmi<\/a><\/div>\n\n\n\n<p><\/p>","protected":false},"excerpt":{"rendered":"<p>Bojan Mucko i Romana Pozniak sudjelovali su na konferenciji Banija kao metafora i metonimija: godi\u0161njem znanstvenostru\u010dnom skupu Instituta za etnologiju i folkloristiku (Glina i Zagreb, 5-6. 10. 2022). Bojan &hellip;<\/p>","protected":false},"author":2,"featured_media":2613,"comment_status":"closed","ping_status":"closed","sticky":false,"template":"","format":"standard","meta":{"_monsterinsights_skip_tracking":false,"_monsterinsights_sitenote_active":false,"_monsterinsights_sitenote_note":"","_monsterinsights_sitenote_category":0,"kk_blocks_editor_width":"","_kiokenblocks_attr":"","_kiokenblocks_dimensions":""},"categories":[5,69,4],"tags":[],"aioseo_notices":[],"featured_image_src":"https:\/\/erim.ief.hr\/wp-content\/uploads\/2022\/10\/310825463_622936532953810_3796269332559683342_n.jpg","featured_image_src_square":"https:\/\/erim.ief.hr\/wp-content\/uploads\/2022\/10\/310825463_622936532953810_3796269332559683342_n.jpg","author_info":{"display_name":"Marijana Hamersak","author_link":"https:\/\/erim.ief.hr\/en\/author\/marijana\/"},"category_info":"<a href=\"https:\/\/erim.ief.hr\/en\/category\/predavanja-i-tribine\/konferencije\/\" rel=\"category tag\">znanstvene konferencije<\/a>, <a href=\"https:\/\/erim.ief.hr\/en\/category\/predavanja-i-tribine\/konferencije\/znanstvene-konferencije-iii\/\" rel=\"category tag\">znanstvene konferencije III<\/a>, <a href=\"https:\/\/erim.ief.hr\/en\/category\/predavanja-i-tribine\/\" rel=\"category tag\">znanstvene konferencije, predavanja i tribine<\/a>","tags_info":"","social_share_info":"<a data-share=\"facebook\" href=\"https:\/\/www.facebook.com\/sharer.php?u=https:\/\/erim.ief.hr\/en\/predavanja-i-tribine\/bojan-mucko-i-romana-poznak-banija-kao-metafora-i-metonimija\/\" class=\"tb-facebook-share social-share-default tb-social-share\" target=\"_blank\"><i class=\"fab fa-facebook-f\" aria-hidden=\"true\"><\/i><\/a><a data-share=\"twitter\" href=\"https:\/\/twitter.com\/share?url=https:\/\/erim.ief.hr\/en\/predavanja-i-tribine\/bojan-mucko-i-romana-poznak-banija-kao-metafora-i-metonimija\/\" class=\"tb-twiiter-share social-share-default tb-social-share\" target=\"_blank\"><i class=\"fab fa-twitter\" aria-hidden=\"true\"><\/i><\/a><a data-share=\"linkedin\" href=\"https:\/\/www.linkedin.com\/shareArticle?url=https:\/\/erim.ief.hr\/en\/predavanja-i-tribine\/bojan-mucko-i-romana-poznak-banija-kao-metafora-i-metonimija\/\" class=\"tb-linkedin-share social-share-default tb-social-share\" target=\"_blank\"><i class=\"fab fa-linkedin-in\" aria-hidden=\"true\"><\/i><\/a>","wordExcerpt_info":"<p><!-- wp:paragraph {\"kioblocks\":[]} --><\/p>\n<p>Bojan Mucko i Romana Pozniak sudjelovali su na konferenciji <em>Banija kao metafora i metonimija<\/em>: <em>godi\u0161njem znanstvenostru\u010dnom skupu Instituta za etnologiju i folkloristiku<\/em> (Glina i Zagreb, 5-6. 10. 2022). Bojan Mucko odr\u017eao je izlaganje &#8220;Etnografski kola\u017e iz susjedstva&#8221;, a Romana Pozniak &#8220;Politike humanitarizma na periferiji: izme\u0111u transformativnog potencijala i neoliberlane kooptacije skrbi&#8221;.<\/p>\n<p><!-- \/wp:paragraph --><\/p>\n<p><!-- wp:image {\"align\":\"center\",\"id\":2613,\"sizeSlug\":\"large\",\"kioblocks\":[]} --><\/p>\n<div class=\"wp-block-image\">\n<figure class=\"aligncenter size-large\"><img loading=\"lazy\" width=\"768\" height=\"1024\" src=\"https:\/\/erim.ief.hr\/wp-content\/uploads\/2022\/10\/310825463_622936532953810_3796269332559683342_n.jpg\" alt=\"\" class=\"wp-image-2613\" \/><figcaption>Glina, 5. 10. 2022. Foto: IEF<\/figcaption><\/figure>\n<\/div>\n<p><!-- \/wp:image --><\/p>\n<p><!-- wp:file {\"id\":2614,\"href\":\"https:\\\/\\\/erim.ief.hr\\\/wp-content\\\/uploads\\\/2022\\\/10\\\/FINAL_knjizica_Banija-ZA-WEB.pdf\",\"kioblocks\":[]} --><\/p>\n<div class=\"wp-block-file\"><a href=\"https:\/\/erim.ief.hr\/wp-content\/uploads\/2022\/10\/FINAL_knjizica_Banija-ZA-WEB.pdf\">Program Banija kao metafora i metonimija<\/a><a href=\"https:\/\/erim.ief.hr\/wp-content\/uploads\/2022\/10\/FINAL_knjizica_Banija-ZA-WEB.pdf\" class=\"wp-block-file__button\" download>Preuzmi<\/a><\/div>\n<p><!-- \/wp:file --><\/p>\n<p><!-- wp:paragraph {\"kioblocks\":[]} --><\/p>\n<p><!-- \/wp:paragraph --><\/p>\n","comment_info":"0","_links":{"self":[{"href":"https:\/\/erim.ief.hr\/en\/wp-json\/wp\/v2\/posts\/2612"}],"collection":[{"href":"https:\/\/erim.ief.hr\/en\/wp-json\/wp\/v2\/posts"}],"about":[{"href":"https:\/\/erim.ief.hr\/en\/wp-json\/wp\/v2\/types\/post"}],"author":[{"embeddable":true,"href":"https:\/\/erim.ief.hr\/en\/wp-json\/wp\/v2\/users\/2"}],"replies":[{"embeddable":true,"href":"https:\/\/erim.ief.hr\/en\/wp-json\/wp\/v2\/comments?post=2612"}],"version-history":[{"count":3,"href":"https:\/\/erim.ief.hr\/en\/wp-json\/wp\/v2\/posts\/2612\/revisions"}],"predecessor-version":[{"id":2617,"href":"https:\/\/erim.ief.hr\/en\/wp-json\/wp\/v2\/posts\/2612\/revisions\/2617"}],"wp:featuredmedia":[{"embeddable":true,"href":"https:\/\/erim.ief.hr\/en\/wp-json\/wp\/v2\/media\/2613"}],"wp:attachment":[{"href":"https:\/\/erim.ief.hr\/en\/wp-json\/wp\/v2\/media?parent=2612"}],"wp:term":[{"taxonomy":"category","embeddable":true,"href":"https:\/\/erim.ief.hr\/en\/wp-json\/wp\/v2\/categories?post=2612"},{"taxonomy":"post_tag","embeddable":true,"href":"https:\/\/erim.ief.hr\/en\/wp-json\/wp\/v2\/tags?post=2612"}],"curies":[{"name":"wp","href":"https:\/\/api.w.org\/{rel}","templated":true}]}}