{"id":2625,"date":"2022-10-10T17:34:32","date_gmt":"2022-10-10T15:34:32","guid":{"rendered":"https:\/\/erim.ief.hr\/?p=2625"},"modified":"2022-10-10T17:35:23","modified_gmt":"2022-10-10T15:35:23","slug":"predstavljanje-radova-nike-autor-i-josta-franka-filmska-projekcija-uz-razgovor","status":"publish","type":"post","link":"https:\/\/erim.ief.hr\/en\/predavanja-i-tribine\/predstavljanje-radova-nike-autor-i-josta-franka-filmska-projekcija-uz-razgovor\/","title":{"rendered":"Predstavljanje radova Nike Autor i Jo\u0161ta Franka \u2013 filmska projekcija uz razgovor"},"content":{"rendered":"<p>Pozivamo vas na projekciju filmova <strong>Nike Autor <\/strong>i na predstavljanje publikacije <em>Keine Chance <\/em>koju je uredio fotograf <strong>Jo\u0161t Franko<\/strong>. Projekcija i predstavljanje \u0107e se odr\u017eati 14. listopada 2022. godine u <a href=\"https:\/\/dokukino.net\/\" target=\"_blank\" rel=\"noreferrer noopener\">Dokukinu KIC<\/a> (Preradovi\u0107eva 5, Zagreb) s po\u010detkom u 19 sati. \u00a0<\/p>\n\n\n\n<p>Predstavljamo dva filma Nike Autor koji kroz razli\u010dite \u017eanrovske pristupe doti\u010du svakodnevicu ljudi u pokretu zaglavljenih na vanjskim granicama Europske unije. Njihova iregularizacija odvija se u hrvatskom geopoliti\u010dkom susjedstvu.<\/p>\n\n\n\n<p><strong>Preko vode do slobode<\/strong> &nbsp;je filmski portret Zieda Abdellaouija koji je, u potrazi za boljim \u017eivotom, do Be\u010da propje\u0161a\u010dio 4 517 km, a usput pro\u017eivio 26 lan\u010danih pu\u0161beka, kao i niz drugih situacija sistemske zlouporabe nasilja. Njegovi narativi pribli\u017eavaju nam surovu stvarnost \u201ebalkanske rute\u201c i kao prostora marginalizacije i kao prostora svakodnevnog otpora, a usto, pru\u017eaju uvid i u bogatu osobnu filozofiju protagonista filma. &nbsp;&nbsp;&nbsp;&nbsp;&nbsp;&nbsp;&nbsp;<\/p>\n\n\n\n<p><strong>Crvene \u0160ume <\/strong>su eksperimentalni film esej snimljen analognom kamerom kojim autorica \u201epromi\u0161lja postavljanje \u017eilet \u017eice po poljima i \u0161umama uz granice Europske unije, dok &nbsp;\u0161umi pristupa kao politi\u010dkom prostoru. Krajolik pro\u017eet povije\u0161\u0107u tajnih skloni\u0161ta i tajnih praksisolidarnosti u razli\u010ditim kontekstima, vremenima i razdobljima\u201c.&nbsp;&nbsp;&nbsp;&nbsp;&nbsp;&nbsp; &nbsp;<\/p>\n\n\n\n<p>Nakon filmskih projekcija slijedi razgovor s <strong>Nikom Autor<\/strong> u kojem sudjeluje fotograf i snimatelj prvog filma \u2013 <strong>Jo\u0161t Franko<\/strong>. Razgovor zapo\u010dinjemo predstavljanjem \u010dasopisa <strong><em>Keine Chance<\/em><\/strong> kojeg potpisuje kao urednik, a kojim se, prema autoru \u201eistra\u017euju uvjeti, te\u017enje, i nevolje ljudi na balkanskoj izbjegli\u010dkoj ruti koji u Europskoj uniji tra\u017ee bolji i sigurniji \u017eivot. <em>Keine Chance<\/em> dokumentira trenutnu politi\u010dku i dru\u0161tvenu stvarnost na balkanskoj izbjegli\u010dkoj ruti, dovodi u pitanje politike koje kreiraju postoje\u0107e stanje\u201c.<\/p>\n\n\n\n<p>Organizator tribine: ERIM. Razgovor moderira Bojan Mucko.<\/p>\n\n\n\n<p>Poveznica na FB doga\u0111aj: <a href=\"https:\/\/fb.me\/e\/299r4QchA\">https:\/\/fb.me\/e\/299r4QchA<\/a><\/p>\n\n\n\n<p><strong>Program:<\/strong><\/p>\n\n\n\n<p><strong>19:00<\/strong><\/p>\n\n\n\n<p><strong>Preko vode do slobode<\/strong><\/p>\n\n\n\n<p><em>Obzorni\u0161ka fronta<\/em>, 35\u2019, 4K, 2022.<\/p>\n\n\n\n<p>Izvorni naslov: <em>Obzornik 4517 \u2013 Preko vode do slobode<\/em><\/p>\n\n\n\n<p>Nastupa: Zied Abdellaoui<\/p>\n\n\n\n<p>Monta\u017ea: Nika Autor<\/p>\n\n\n\n<p>Snimatelji: Nika Autor, Jo\u0161t Franko<\/p>\n\n\n\n<p>Zvuk: Matev\u017e Kolenc<\/p>\n\n\n\n<p>Najava filma: <a href=\"https:\/\/vimeo.com\/663320242\">https:\/\/vimeo.com\/663320242<\/a> &nbsp;<\/p>\n\n\n\n<p><strong>19:35<\/strong><\/p>\n\n\n\n<p><strong>Crvene \u0160ume<\/strong><\/p>\n\n\n\n<p><em>Obzorni\u0161ka fronta<\/em>, 16\u2019, 16mm, 2022.<\/p>\n\n\n\n<p>Izvorni naslov: <em>Obzornik 670 \u2013 Crvene \u0160ume<\/em><\/p>\n\n\n\n<p>Monta\u017ea: Nika Autor<\/p>\n\n\n\n<p>Snimatelj: Jo\u0161t Franko<\/p>\n\n\n\n<p>Glazba: <em>Deep Waters<\/em>, <em>Dirty Three<\/em><\/p>\n\n\n\n<p>Najava filma: <a href=\"https:\/\/vimeo.com\/667201558\">https:\/\/vimeo.com\/667201558<\/a><\/p>\n\n\n\n<p><strong>19:50<\/strong><\/p>\n\n\n\n<p><strong>Razgovor: Nika Autor i Jo\u0161t Franko.<\/strong><\/p>\n\n\n\n<p>Moderira: Bojan Mucko (ERIM).<\/p>\n\n\n\n<p><strong>Nika Autor<\/strong> je vizualna umjetnica i predava\u010dica. Njezina praksa uklju\u010duje eksperimentalni video, dokumentarni film, film esej, fotografiju, kola\u017e i prostorne video-instalacije. U svom radu bavi se migracijskim i politikama azila, radni\u010dkim pravima i politikama sje\u0107anja. Dio je kolektiva<em> Obzorni\u0161ka Fronta<\/em> \u2013 neformalnog kolektiva radnika koji dolaze iz polja filmske teorije i umjetni\u010dke prakse.<\/p>\n\n\n\n<p><strong>Jo\u0161t Franko<\/strong> je fotograf i predava\u010d. Njegovi dosada\u0161nji istra\u017eiva\u010dki, dokumentarni projekti uklju\u010duju dugotrajno bavljenje takozvanom tampon zonom pojasa Gaze (<em>Farming on the Frontline<\/em>, 2013-2014); istra\u017eivanje dje\u010djeg rada u izbjegli\u010dkom kontekstu u Libanonu (2014); istra\u017eivanje globalnog<\/p>\n\n\n\n<p>lanca opskrbe industrije pamuka u Burkini Faso, SAD-u, Banglade\u0161u, Rumunjskoj i UK-u (<em>Cotton Black, Cotton Blue<\/em>, 2015-2016). Posljednjih godina, od 2017. godine, fokusiran je na podru\u010dje Balkana.<\/p>\n\n\n\n<p><strong>Predstavljanje publikacije <em>Keine Chance<\/em><\/strong><\/p>\n\n\n\n<p>Urednik: Jo\u0161t Franko. Autori\/ce tekstova: Kristina Bo\u017ei\u010d, Desmond Happy, Matiullah Intizar, Mirjana Dragosavljevi\u0107, Jo\u0161t Franko. Publikacija je izdana uz podr\u0161ku Znanstveno istra\u017eiva\u010dkog centra Slovenske akademije znanosti i umjetnosti (ZRC SAZU).<\/p>\n\n\n\n<figure class=\"wp-block-image size-large\"><img loading=\"lazy\" width=\"1024\" height=\"768\" src=\"https:\/\/erim.ief.hr\/wp-content\/uploads\/2022\/10\/RedForests-1024x768.jpg\" alt=\"\" class=\"wp-image-2626\" srcset=\"https:\/\/erim.ief.hr\/wp-content\/uploads\/2022\/10\/RedForests-1024x768.jpg 1024w, https:\/\/erim.ief.hr\/wp-content\/uploads\/2022\/10\/RedForests-300x225.jpg 300w, https:\/\/erim.ief.hr\/wp-content\/uploads\/2022\/10\/RedForests-768x576.jpg 768w, https:\/\/erim.ief.hr\/wp-content\/uploads\/2022\/10\/RedForests-1536x1152.jpg 1536w, https:\/\/erim.ief.hr\/wp-content\/uploads\/2022\/10\/RedForests-2048x1536.jpg 2048w, https:\/\/erim.ief.hr\/wp-content\/uploads\/2022\/10\/RedForests-16x12.jpg 16w, https:\/\/erim.ief.hr\/wp-content\/uploads\/2022\/10\/RedForests-187x140.jpg 187w, https:\/\/erim.ief.hr\/wp-content\/uploads\/2022\/10\/RedForests-450x338.jpg 450w, https:\/\/erim.ief.hr\/wp-content\/uploads\/2022\/10\/RedForests-280x210.jpg 280w\" sizes=\"(max-width: 1024px) 100vw, 1024px\" \/><figcaption>Red Forests. Autor: Nika Autor<\/figcaption><\/figure>\n\n\n\n<p><\/p>","protected":false},"excerpt":{"rendered":"<p>Pozivamo vas na projekciju filmova Nike Autor i na predstavljanje publikacije Keine Chance koju je uredio fotograf Jo\u0161t Franko. Projekcija i predstavljanje \u0107e se odr\u017eati 14. listopada 2022. godine &hellip;<\/p>","protected":false},"author":2,"featured_media":2626,"comment_status":"closed","ping_status":"closed","sticky":false,"template":"","format":"standard","meta":{"_monsterinsights_skip_tracking":false,"_monsterinsights_sitenote_active":false,"_monsterinsights_sitenote_note":"","_monsterinsights_sitenote_category":0,"kk_blocks_editor_width":"","_kiokenblocks_attr":"","_kiokenblocks_dimensions":""},"categories":[28,68,4],"tags":[],"aioseo_notices":[],"featured_image_src":"https:\/\/erim.ief.hr\/wp-content\/uploads\/2022\/10\/RedForests.jpg","featured_image_src_square":"https:\/\/erim.ief.hr\/wp-content\/uploads\/2022\/10\/RedForests.jpg","author_info":{"display_name":"Marijana Hamersak","author_link":"https:\/\/erim.ief.hr\/en\/author\/marijana\/"},"category_info":"<a href=\"https:\/\/erim.ief.hr\/en\/category\/predavanja-i-tribine\/predavanja-tribine\/\" rel=\"category tag\">predavanja i tribine<\/a>, <a href=\"https:\/\/erim.ief.hr\/en\/category\/predavanja-i-tribine\/predavanja-tribine\/tribine-iii\/\" rel=\"category tag\">tribine III<\/a>, <a href=\"https:\/\/erim.ief.hr\/en\/category\/predavanja-i-tribine\/\" rel=\"category tag\">znanstvene konferencije, predavanja i tribine<\/a>","tags_info":"","social_share_info":"<a data-share=\"facebook\" href=\"https:\/\/www.facebook.com\/sharer.php?u=https:\/\/erim.ief.hr\/en\/predavanja-i-tribine\/predstavljanje-radova-nike-autor-i-josta-franka-filmska-projekcija-uz-razgovor\/\" class=\"tb-facebook-share social-share-default tb-social-share\" target=\"_blank\"><i class=\"fab fa-facebook-f\" aria-hidden=\"true\"><\/i><\/a><a data-share=\"twitter\" href=\"https:\/\/twitter.com\/share?url=https:\/\/erim.ief.hr\/en\/predavanja-i-tribine\/predstavljanje-radova-nike-autor-i-josta-franka-filmska-projekcija-uz-razgovor\/\" class=\"tb-twiiter-share social-share-default tb-social-share\" target=\"_blank\"><i class=\"fab fa-twitter\" aria-hidden=\"true\"><\/i><\/a><a data-share=\"linkedin\" href=\"https:\/\/www.linkedin.com\/shareArticle?url=https:\/\/erim.ief.hr\/en\/predavanja-i-tribine\/predstavljanje-radova-nike-autor-i-josta-franka-filmska-projekcija-uz-razgovor\/\" class=\"tb-linkedin-share social-share-default tb-social-share\" target=\"_blank\"><i class=\"fab fa-linkedin-in\" aria-hidden=\"true\"><\/i><\/a>","wordExcerpt_info":"<p><!-- wp:paragraph {\"kioblocks\":[]} --><\/p>\n<p>Pozivamo vas na projekciju filmova <strong>Nike Autor <\/strong>i na predstavljanje publikacije <em>Keine Chance <\/em>koju je uredio fotograf <strong>Jo\u0161t Franko<\/strong>. Projekcija i predstavljanje \u0107e se odr\u017eati 14. listopada 2022. godine u <a href=\"https:\/\/dokukino.net\/\" target=\"_blank\" rel=\"noreferrer noopener\">Dokukinu KIC<\/a> (Preradovi\u0107eva 5, Zagreb) s po\u010detkom u 19 sati. \u00a0<\/p>\n<p><!-- \/wp:paragraph --><\/p>\n<p><!-- wp:paragraph {\"kioblocks\":[]} --><\/p>\n<p>Predstavljamo dva filma Nike Autor koji kroz razli\u010dite \u017eanrovske pristupe doti\u010du svakodnevicu ljudi u pokretu zaglavljenih na vanjskim granicama Europske unije. Njihova iregularizacija odvija se u hrvatskom geopoliti\u010dkom susjedstvu.<\/p>\n<p><!-- \/wp:paragraph --><\/p>\n<p><!-- wp:paragraph {\"kioblocks\":[]} --><\/p>\n<p><strong>Preko vode do slobode<\/strong> &nbsp;je filmski portret Zieda Abdellaouija koji je, u potrazi za boljim \u017eivotom, do Be\u010da propje\u0161a\u010dio 4 517 km, a usput pro\u017eivio 26 lan\u010danih pu\u0161beka, kao i niz drugih situacija sistemske zlouporabe nasilja. Njegovi narativi pribli\u017eavaju nam surovu stvarnost \u201ebalkanske rute\u201c i kao prostora marginalizacije i kao prostora svakodnevnog otpora, a usto, pru\u017eaju uvid i u bogatu osobnu filozofiju protagonista filma. &nbsp;&nbsp;&nbsp;&nbsp;&nbsp;&nbsp;&nbsp;<\/p>\n<p><!-- \/wp:paragraph --><\/p>\n<p><!-- wp:paragraph {\"kioblocks\":[]} --><\/p>\n<p><strong>Crvene \u0160ume <\/strong>su eksperimentalni film esej snimljen analognom kamerom kojim autorica \u201epromi\u0161lja postavljanje \u017eilet \u017eice po poljima i \u0161umama uz granice Europske unije, dok &nbsp;\u0161umi pristupa kao politi\u010dkom prostoru. Krajolik pro\u017eet povije\u0161\u0107u tajnih skloni\u0161ta i tajnih praksisolidarnosti u razli\u010ditim kontekstima, vremenima i razdobljima\u201c.&nbsp;&nbsp;&nbsp;&nbsp;&nbsp;&nbsp; &nbsp;<\/p>\n<p><!-- \/wp:paragraph --><\/p>\n<p><!-- wp:paragraph {\"kioblocks\":[]} --><\/p>\n<p>Nakon filmskih projekcija slijedi razgovor s <strong>Nikom Autor<\/strong> u kojem sudjeluje fotograf i snimatelj prvog filma \u2013 <strong>Jo\u0161t Franko<\/strong>. Razgovor zapo\u010dinjemo predstavljanjem \u010dasopisa <strong><em>Keine Chance<\/em><\/strong> kojeg potpisuje kao urednik, a kojim se, prema autoru \u201eistra\u017euju uvjeti, te\u017enje, i nevolje ljudi na balkanskoj izbjegli\u010dkoj ruti koji u Europskoj uniji tra\u017ee bolji i sigurniji \u017eivot. <em>Keine Chance<\/em> dokumentira trenutnu politi\u010dku i dru\u0161tvenu stvarnost na balkanskoj izbjegli\u010dkoj ruti, dovodi u pitanje politike koje kreiraju postoje\u0107e stanje\u201c.<\/p>\n<p><!-- \/wp:paragraph --><\/p>\n<p><!-- wp:paragraph {\"kioblocks\":[]} --><\/p>\n<p>Organizator tribine: ERIM. Razgovor moderira Bojan Mucko.<\/p>\n<p><!-- \/wp:paragraph --><\/p>\n<p><!-- wp:paragraph {\"kioblocks\":[]} --><\/p>\n<p>Poveznica na FB doga\u0111aj: <a href=\"https:\/\/fb.me\/e\/299r4QchA\">https:\/\/fb.me\/e\/299r4QchA<\/a><\/p>\n<p><!-- \/wp:paragraph --><\/p>\n<p><!-- wp:paragraph {\"kioblocks\":[]} --><\/p>\n<p><strong>Program:<\/strong><\/p>\n<p><!-- \/wp:paragraph --><\/p>\n<p><!-- wp:paragraph {\"kioblocks\":[]} --><\/p>\n<p><strong>19:00<\/strong><\/p>\n<p><!-- \/wp:paragraph --><\/p>\n<p><!-- wp:paragraph {\"kioblocks\":[]} --><\/p>\n<p><strong>Preko vode do slobode<\/strong><\/p>\n<p><!-- \/wp:paragraph --><\/p>\n<p><!-- wp:paragraph {\"kioblocks\":[]} --><\/p>\n<p><em>Obzorni\u0161ka fronta<\/em>, 35\u2019, 4K, 2022.<\/p>\n<p><!-- \/wp:paragraph --><\/p>\n<p><!-- wp:paragraph {\"kioblocks\":[]} --><\/p>\n<p>Izvorni naslov: <em>Obzornik 4517 \u2013 Preko vode do slobode<\/em><\/p>\n<p><!-- \/wp:paragraph --><\/p>\n<p><!-- wp:paragraph {\"kioblocks\":[]} --><\/p>\n<p>Nastupa: Zied Abdellaoui<\/p>\n<p><!-- \/wp:paragraph --><\/p>\n<p><!-- wp:paragraph {\"kioblocks\":[]} --><\/p>\n<p>Monta\u017ea: Nika Autor<\/p>\n<p><!-- \/wp:paragraph --><\/p>\n<p><!-- wp:paragraph {\"kioblocks\":[]} --><\/p>\n<p>Snimatelji: Nika Autor, Jo\u0161t Franko<\/p>\n<p><!-- \/wp:paragraph --><\/p>\n<p><!-- wp:paragraph {\"kioblocks\":[]} --><\/p>\n<p>Zvuk: Matev\u017e Kolenc<\/p>\n<p><!-- \/wp:paragraph --><\/p>\n<p><!-- wp:paragraph {\"kioblocks\":[]} --><\/p>\n<p>Najava filma: <a href=\"https:\/\/vimeo.com\/663320242\">https:\/\/vimeo.com\/663320242<\/a> &nbsp;<\/p>\n<p><!-- \/wp:paragraph --><\/p>\n<p><!-- wp:paragraph {\"kioblocks\":[]} --><\/p>\n<p><strong>19:35<\/strong><\/p>\n<p><!-- \/wp:paragraph --><\/p>\n<p><!-- wp:paragraph {\"kioblocks\":[]} --><\/p>\n<p><strong>Crvene \u0160ume<\/strong><\/p>\n<p><!-- \/wp:paragraph --><\/p>\n<p><!-- wp:paragraph {\"kioblocks\":[]} --><\/p>\n<p><em>Obzorni\u0161ka fronta<\/em>, 16\u2019, 16mm, 2022.<\/p>\n<p><!-- \/wp:paragraph --><\/p>\n<p><!-- wp:paragraph {\"kioblocks\":[]} --><\/p>\n<p>Izvorni naslov: <em>Obzornik 670 \u2013 Crvene \u0160ume<\/em><\/p>\n<p><!-- \/wp:paragraph --><\/p>\n<p><!-- wp:paragraph {\"kioblocks\":[]} --><\/p>\n<p>Monta\u017ea: Nika Autor<\/p>\n<p><!-- \/wp:paragraph --><\/p>\n<p><!-- wp:paragraph {\"kioblocks\":[]} --><\/p>\n<p>Snimatelj: Jo\u0161t Franko<\/p>\n<p><!-- \/wp:paragraph --><\/p>\n<p><!-- wp:paragraph {\"kioblocks\":[]} --><\/p>\n<p>Glazba: <em>Deep Waters<\/em>, <em>Dirty Three<\/em><\/p>\n<p><!-- \/wp:paragraph --><\/p>\n<p><!-- wp:paragraph {\"kioblocks\":[]} --><\/p>\n<p>Najava filma: <a href=\"https:\/\/vimeo.com\/667201558\">https:\/\/vimeo.com\/667201558<\/a><\/p>\n<p><!-- \/wp:paragraph --><\/p>\n<p><!-- wp:paragraph {\"kioblocks\":[]} --><\/p>\n<p><strong>19:50<\/strong><\/p>\n<p><!-- \/wp:paragraph --><\/p>\n<p><!-- wp:paragraph {\"kioblocks\":[]} --><\/p>\n<p><strong>Razgovor: Nika Autor i Jo\u0161t Franko.<\/strong><\/p>\n<p><!-- \/wp:paragraph --><\/p>\n<p><!-- wp:paragraph {\"kioblocks\":[]} --><\/p>\n<p>Moderira: Bojan Mucko (ERIM).<\/p>\n<p><!-- \/wp:paragraph --><\/p>\n<p><!-- wp:paragraph {\"kioblocks\":[]} --><\/p>\n<p><strong>Nika Autor<\/strong> je vizualna umjetnica i predava\u010dica. Njezina praksa uklju\u010duje eksperimentalni video, dokumentarni film, film esej, fotografiju, kola\u017e i prostorne video-instalacije. U svom radu bavi se migracijskim i politikama azila, radni\u010dkim pravima i politikama sje\u0107anja. Dio je kolektiva<em> Obzorni\u0161ka Fronta<\/em> \u2013 neformalnog kolektiva radnika koji dolaze iz polja filmske teorije i umjetni\u010dke prakse.<\/p>\n<p><!-- \/wp:paragraph --><\/p>\n<p><!-- wp:paragraph {\"kioblocks\":[]} --><\/p>\n<p><strong>Jo\u0161t Franko<\/strong> je fotograf i predava\u010d. Njegovi dosada\u0161nji istra\u017eiva\u010dki, dokumentarni projekti uklju\u010duju dugotrajno bavljenje takozvanom tampon zonom pojasa Gaze (<em>Farming on the Frontline<\/em>, 2013-2014); istra\u017eivanje dje\u010djeg rada u izbjegli\u010dkom kontekstu u Libanonu (2014); istra\u017eivanje globalnog<\/p>\n<p><!-- \/wp:paragraph --><\/p>\n<p><!-- wp:paragraph {\"kioblocks\":[]} --><\/p>\n<p>lanca opskrbe industrije pamuka u Burkini Faso, SAD-u, Banglade\u0161u, Rumunjskoj i UK-u (<em>Cotton Black, Cotton Blue<\/em>, 2015-2016). Posljednjih godina, od 2017. godine, fokusiran je na podru\u010dje Balkana.<\/p>\n<p><!-- \/wp:paragraph --><\/p>\n<p><!-- wp:paragraph {\"kioblocks\":[]} --><\/p>\n<p><strong>Predstavljanje publikacije <em>Keine Chance<\/em><\/strong><\/p>\n<p><!-- \/wp:paragraph --><\/p>\n<p><!-- wp:paragraph {\"kioblocks\":[]} --><\/p>\n<p>Urednik: Jo\u0161t Franko. Autori\/ce tekstova: Kristina Bo\u017ei\u010d, Desmond Happy, Matiullah Intizar, Mirjana Dragosavljevi\u0107, Jo\u0161t Franko. Publikacija je izdana uz podr\u0161ku Znanstveno istra\u017eiva\u010dkog centra Slovenske akademije znanosti i umjetnosti (ZRC SAZU).<\/p>\n<p><!-- \/wp:paragraph --><\/p>\n<p><!-- wp:image {\"id\":2626,\"sizeSlug\":\"large\",\"linkDestination\":\"none\",\"kioblocks\":[]} --><\/p>\n<figure class=\"wp-block-image size-large\"><img loading=\"lazy\" width=\"1024\" height=\"768\" src=\"https:\/\/erim.ief.hr\/wp-content\/uploads\/2022\/10\/RedForests-1024x768.jpg\" alt=\"\" class=\"wp-image-2626\" \/><figcaption>Red Forests. Autor: Nika Autor<\/figcaption><\/figure>\n<p><!-- \/wp:image --><\/p>\n<p><!-- wp:paragraph {\"kioblocks\":[]} --><\/p>\n<p><!-- \/wp:paragraph --><\/p>\n","comment_info":"0","_links":{"self":[{"href":"https:\/\/erim.ief.hr\/en\/wp-json\/wp\/v2\/posts\/2625"}],"collection":[{"href":"https:\/\/erim.ief.hr\/en\/wp-json\/wp\/v2\/posts"}],"about":[{"href":"https:\/\/erim.ief.hr\/en\/wp-json\/wp\/v2\/types\/post"}],"author":[{"embeddable":true,"href":"https:\/\/erim.ief.hr\/en\/wp-json\/wp\/v2\/users\/2"}],"replies":[{"embeddable":true,"href":"https:\/\/erim.ief.hr\/en\/wp-json\/wp\/v2\/comments?post=2625"}],"version-history":[{"count":2,"href":"https:\/\/erim.ief.hr\/en\/wp-json\/wp\/v2\/posts\/2625\/revisions"}],"predecessor-version":[{"id":2628,"href":"https:\/\/erim.ief.hr\/en\/wp-json\/wp\/v2\/posts\/2625\/revisions\/2628"}],"wp:featuredmedia":[{"embeddable":true,"href":"https:\/\/erim.ief.hr\/en\/wp-json\/wp\/v2\/media\/2626"}],"wp:attachment":[{"href":"https:\/\/erim.ief.hr\/en\/wp-json\/wp\/v2\/media?parent=2625"}],"wp:term":[{"taxonomy":"category","embeddable":true,"href":"https:\/\/erim.ief.hr\/en\/wp-json\/wp\/v2\/categories?post=2625"},{"taxonomy":"post_tag","embeddable":true,"href":"https:\/\/erim.ief.hr\/en\/wp-json\/wp\/v2\/tags?post=2625"}],"curies":[{"name":"wp","href":"https:\/\/api.w.org\/{rel}","templated":true}]}}