{"id":2664,"date":"2022-11-07T22:01:06","date_gmt":"2022-11-07T21:01:06","guid":{"rendered":"https:\/\/erim.ief.hr\/?p=2664"},"modified":"2024-06-18T21:01:54","modified_gmt":"2024-06-18T19:01:54","slug":"objavljen-rad-u-zborniku-von-moria-bis-hanau-brutalisierung-und-widerstand","status":"publish","type":"post","link":"https:\/\/erim.ief.hr\/en\/publikacije\/objavljen-rad-u-zborniku-von-moria-bis-hanau-brutalisierung-und-widerstand\/","title":{"rendered":"Objavljen rad u zborniku Von Moria bis Hanau \u2013 Brutalisierung und Widerstand"},"content":{"rendered":"<p>U zborniku <em>Von Moria bis Hanau \u2013 Brutalisierung und Widerstand: Grenzregime IV<\/em> koji su uredili Valeria H\u00e4nsel,\u00a0Karl Heyer,\u00a0Matthias Schmidt-Sembdner\u00a0i Nina V. Schwarz (2022, Berlin \u2013 Hamburg: Assoziation A.) objavljen je \u010dlanak Marijane Hamer\u0161ak \u201e&#8217;Er setzte sich auf einen Sthuhl und erkl\u00e4rte&#8217;. Textuelle Antworten von unten auf Pushbacks as EUropas R\u00e4ndern\u201c (str, 123-141). \u010clanak je skra\u0107ena varijanta \u010dlanka \u201c<a href=\"https:\/\/intersections.tk.mta.hu\/index.php\/intersections\/article\/view\/752\" target=\"_blank\" rel=\"noreferrer noopener\">Between Supporting and Reporting. Grassroots Textual Responses to the Pushbacks at the Fringes of EU<\/a>\u201c objavljenog u  \u010dasopisu<em> Inetersections<\/em> (2021, 7\/2).<\/p>\n\n\n\n<p><\/p>","protected":false},"excerpt":{"rendered":"<p>U zborniku Von Moria bis Hanau \u2013 Brutalisierung und Widerstand: Grenzregime IV koji su uredili Valeria H\u00e4nsel,\u00a0Karl Heyer,\u00a0Matthias Schmidt-Sembdner\u00a0i Nina V. Schwarz (2022, Berlin \u2013 Hamburg: Assoziation A.) objavljen &hellip;<\/p>","protected":false},"author":2,"featured_media":2046,"comment_status":"closed","ping_status":"closed","sticky":false,"template":"","format":"standard","meta":{"_monsterinsights_skip_tracking":false,"_monsterinsights_sitenote_active":false,"_monsterinsights_sitenote_note":"","_monsterinsights_sitenote_category":0,"kk_blocks_editor_width":"","_kiokenblocks_attr":"","_kiokenblocks_dimensions":""},"categories":[25,54],"tags":[],"aioseo_notices":[],"featured_image_src":"https:\/\/erim.ief.hr\/wp-content\/uploads\/2021\/09\/IMG_20200617_161549-scaled.jpg","featured_image_src_square":"https:\/\/erim.ief.hr\/wp-content\/uploads\/2021\/09\/IMG_20200617_161549-scaled.jpg","author_info":{"display_name":"Marijana Hamersak","author_link":"https:\/\/erim.ief.hr\/en\/author\/marijana\/"},"category_info":"<a href=\"https:\/\/erim.ief.hr\/en\/category\/publikacije\/\" rel=\"category tag\">publikacije<\/a>, <a href=\"https:\/\/erim.ief.hr\/en\/category\/publikacije\/publikacije-iii\/\" rel=\"category tag\">publikacije III<\/a>","tags_info":"","social_share_info":"<a data-share=\"facebook\" href=\"https:\/\/www.facebook.com\/sharer.php?u=https:\/\/erim.ief.hr\/en\/publikacije\/objavljen-rad-u-zborniku-von-moria-bis-hanau-brutalisierung-und-widerstand\/\" class=\"tb-facebook-share social-share-default tb-social-share\" target=\"_blank\"><i class=\"fab fa-facebook-f\" aria-hidden=\"true\"><\/i><\/a><a data-share=\"twitter\" href=\"https:\/\/twitter.com\/share?url=https:\/\/erim.ief.hr\/en\/publikacije\/objavljen-rad-u-zborniku-von-moria-bis-hanau-brutalisierung-und-widerstand\/\" class=\"tb-twiiter-share social-share-default tb-social-share\" target=\"_blank\"><i class=\"fab fa-twitter\" aria-hidden=\"true\"><\/i><\/a><a data-share=\"linkedin\" href=\"https:\/\/www.linkedin.com\/shareArticle?url=https:\/\/erim.ief.hr\/en\/publikacije\/objavljen-rad-u-zborniku-von-moria-bis-hanau-brutalisierung-und-widerstand\/\" class=\"tb-linkedin-share social-share-default tb-social-share\" target=\"_blank\"><i class=\"fab fa-linkedin-in\" aria-hidden=\"true\"><\/i><\/a>","wordExcerpt_info":"<p><!-- wp:paragraph {\"kioblocks\":[]} --><\/p>\n<p>U zborniku <em>Von Moria bis Hanau \u2013 Brutalisierung und Widerstand: Grenzregime IV<\/em> koji su uredili Valeria H\u00e4nsel,\u00a0Karl Heyer,\u00a0Matthias Schmidt-Sembdner\u00a0i Nina V. Schwarz (2022, Berlin \u2013 Hamburg: Assoziation A.) objavljen je \u010dlanak Marijane Hamer\u0161ak \u201e&#8217;Er setzte sich auf einen Sthuhl und erkl\u00e4rte&#8217;. Textuelle Antworten von unten auf Pushbacks as EUropas R\u00e4ndern\u201c (str, 123-141). \u010clanak je skra\u0107ena varijanta \u010dlanka \u201c<a href=\"https:\/\/intersections.tk.mta.hu\/index.php\/intersections\/article\/view\/752\" target=\"_blank\" rel=\"noreferrer noopener\">Between Supporting and Reporting. Grassroots Textual Responses to the Pushbacks at the Fringes of EU<\/a>\u201c objavljenog u  \u010dasopisu<em> Inetersections<\/em> (2021, 7\/2).<\/p>\n<p><!-- \/wp:paragraph --><\/p>\n<p><!-- wp:paragraph {\"kioblocks\":[]} --><\/p>\n<p><!-- \/wp:paragraph --><\/p>\n","comment_info":"0","_links":{"self":[{"href":"https:\/\/erim.ief.hr\/en\/wp-json\/wp\/v2\/posts\/2664"}],"collection":[{"href":"https:\/\/erim.ief.hr\/en\/wp-json\/wp\/v2\/posts"}],"about":[{"href":"https:\/\/erim.ief.hr\/en\/wp-json\/wp\/v2\/types\/post"}],"author":[{"embeddable":true,"href":"https:\/\/erim.ief.hr\/en\/wp-json\/wp\/v2\/users\/2"}],"replies":[{"embeddable":true,"href":"https:\/\/erim.ief.hr\/en\/wp-json\/wp\/v2\/comments?post=2664"}],"version-history":[{"count":2,"href":"https:\/\/erim.ief.hr\/en\/wp-json\/wp\/v2\/posts\/2664\/revisions"}],"predecessor-version":[{"id":2667,"href":"https:\/\/erim.ief.hr\/en\/wp-json\/wp\/v2\/posts\/2664\/revisions\/2667"}],"wp:featuredmedia":[{"embeddable":true,"href":"https:\/\/erim.ief.hr\/en\/wp-json\/wp\/v2\/media\/2046"}],"wp:attachment":[{"href":"https:\/\/erim.ief.hr\/en\/wp-json\/wp\/v2\/media?parent=2664"}],"wp:term":[{"taxonomy":"category","embeddable":true,"href":"https:\/\/erim.ief.hr\/en\/wp-json\/wp\/v2\/categories?post=2664"},{"taxonomy":"post_tag","embeddable":true,"href":"https:\/\/erim.ief.hr\/en\/wp-json\/wp\/v2\/tags?post=2664"}],"curies":[{"name":"wp","href":"https:\/\/api.w.org\/{rel}","templated":true}]}}