{"id":2710,"date":"2022-12-22T12:58:55","date_gmt":"2022-12-22T11:58:55","guid":{"rendered":"https:\/\/erim.ief.hr\/?p=2710"},"modified":"2024-06-18T21:00:38","modified_gmt":"2024-06-18T19:00:38","slug":"intervju-s-jasonom-de-leonom","status":"publish","type":"post","link":"https:\/\/erim.ief.hr\/en\/publikacije\/clanci\/intervju-s-jasonom-de-leonom\/","title":{"rendered":"Intervju s Jasonom De Le\u00f3nom"},"content":{"rendered":"<div class=\"wp-block-media-text alignwide has-media-on-the-right is-stacked-on-mobile\"><figure class=\"wp-block-media-text__media\"><img loading=\"lazy\" width=\"276\" height=\"276\" src=\"https:\/\/erim.ief.hr\/wp-content\/uploads\/2022\/12\/Jason-De-Leon-photo-UMP.jpeg\" alt=\"\" class=\"wp-image-2711 size-full\" srcset=\"https:\/\/erim.ief.hr\/wp-content\/uploads\/2022\/12\/Jason-De-Leon-photo-UMP.jpeg 276w, https:\/\/erim.ief.hr\/wp-content\/uploads\/2022\/12\/Jason-De-Leon-photo-UMP-150x150.jpeg 150w, https:\/\/erim.ief.hr\/wp-content\/uploads\/2022\/12\/Jason-De-Leon-photo-UMP-12x12.jpeg 12w, https:\/\/erim.ief.hr\/wp-content\/uploads\/2022\/12\/Jason-De-Leon-photo-UMP-140x140.jpeg 140w, https:\/\/erim.ief.hr\/wp-content\/uploads\/2022\/12\/Jason-De-Leon-photo-UMP-210x210.jpeg 210w\" sizes=\"(max-width: 276px) 100vw, 276px\" \/><\/figure><div class=\"wp-block-media-text__content\">\n<p style=\"font-size:18px\">U novom broju <em><a href=\"https:\/\/hrcak.srce.hr\/broj\/22305\" target=\"_blank\" rel=\"noreferrer noopener\">Etnolo\u0161ke tribine<\/a> <\/em>(2022, vol. 52) objavljen je <a href=\"https:\/\/hrcak.srce.hr\/file\/416906\" target=\"_blank\" rel=\"noreferrer noopener\">intervju<\/a> Marijane Hamer\u0161ak s ameri\u010dkim antropologom Jasonom De Le\u00f3nom, autorom knjige <em>The Land <\/em>Open Grave<em>s: Living and Dying on the Migrant Trail <\/em>(2015) i voditeljem Undocumented Migration Project (UMP, 2009-). Fotografija preuzeta s mre\u017enih stranica  <a href=\"https:\/\/www.undocumentedmigrationproject.org\/team\" target=\"_blank\" rel=\"noreferrer noopener\">UMP<\/a>.<\/p>\n<\/div><\/div>\n\n\n\n<div class=\"wp-block-file\"><a href=\"https:\/\/erim.ief.hr\/wp-content\/uploads\/2022\/12\/MH-2022.-Interview-with-Jason-De-Leon.pdf\">Interview with Jason De Leon&#8221;. Etnolo\u0161ka tribina (2022) 52\/45: 238-249.<\/a><a href=\"https:\/\/erim.ief.hr\/wp-content\/uploads\/2022\/12\/MH-2022.-Interview-with-Jason-De-Leon.pdf\" class=\"wp-block-file__button\" download>Preuzmi<\/a><\/div>\n\n\n\n<p><\/p>","protected":false},"excerpt":{"rendered":"<p>U novom broju Etnolo\u0161ke tribine (2022, vol. 52) objavljen je intervju Marijane Hamer\u0161ak s ameri\u010dkim antropologom Jasonom De Le\u00f3nom, autorom knjige The Land Open Graves: Living and Dying on &hellip;<\/p>","protected":false},"author":2,"featured_media":2711,"comment_status":"closed","ping_status":"closed","sticky":false,"template":"","format":"standard","meta":{"_monsterinsights_skip_tracking":false,"_monsterinsights_sitenote_active":false,"_monsterinsights_sitenote_note":"","_monsterinsights_sitenote_category":0,"kk_blocks_editor_width":"","_kiokenblocks_attr":"","_kiokenblocks_dimensions":""},"categories":[25,54,56,13],"tags":[],"aioseo_notices":[],"featured_image_src":"https:\/\/erim.ief.hr\/wp-content\/uploads\/2022\/12\/Jason-De-Leon-photo-UMP.jpeg","featured_image_src_square":"https:\/\/erim.ief.hr\/wp-content\/uploads\/2022\/12\/Jason-De-Leon-photo-UMP.jpeg","author_info":{"display_name":"Marijana Hamersak","author_link":"https:\/\/erim.ief.hr\/en\/author\/marijana\/"},"category_info":"<a href=\"https:\/\/erim.ief.hr\/en\/category\/publikacije\/\" rel=\"category tag\">publikacije<\/a>, <a href=\"https:\/\/erim.ief.hr\/en\/category\/publikacije\/publikacije-iii\/\" rel=\"category tag\">publikacije III<\/a>, <a href=\"https:\/\/erim.ief.hr\/en\/category\/publikacije\/clanci\/strucni-clanci-iii\/\" rel=\"category tag\">stru\u010dni \u010dlanci III<\/a>, <a href=\"https:\/\/erim.ief.hr\/en\/category\/publikacije\/clanci\/\" rel=\"category tag\">znanstveni i stru\u010dni \u010dlanci<\/a>","tags_info":"","social_share_info":"<a data-share=\"facebook\" href=\"https:\/\/www.facebook.com\/sharer.php?u=https:\/\/erim.ief.hr\/en\/publikacije\/clanci\/intervju-s-jasonom-de-leonom\/\" class=\"tb-facebook-share social-share-default tb-social-share\" target=\"_blank\"><i class=\"fab fa-facebook-f\" aria-hidden=\"true\"><\/i><\/a><a data-share=\"twitter\" href=\"https:\/\/twitter.com\/share?url=https:\/\/erim.ief.hr\/en\/publikacije\/clanci\/intervju-s-jasonom-de-leonom\/\" class=\"tb-twiiter-share social-share-default tb-social-share\" target=\"_blank\"><i class=\"fab fa-twitter\" aria-hidden=\"true\"><\/i><\/a><a data-share=\"linkedin\" href=\"https:\/\/www.linkedin.com\/shareArticle?url=https:\/\/erim.ief.hr\/en\/publikacije\/clanci\/intervju-s-jasonom-de-leonom\/\" class=\"tb-linkedin-share social-share-default tb-social-share\" target=\"_blank\"><i class=\"fab fa-linkedin-in\" aria-hidden=\"true\"><\/i><\/a>","wordExcerpt_info":"<p><!-- wp:media-text {\"mediaPosition\":\"right\",\"mediaId\":2711,\"mediaType\":\"image\",\"kioblocks\":[]} --><\/p>\n<div class=\"wp-block-media-text alignwide has-media-on-the-right is-stacked-on-mobile\">\n<figure class=\"wp-block-media-text__media\"><img loading=\"lazy\" width=\"276\" height=\"276\" src=\"https:\/\/erim.ief.hr\/wp-content\/uploads\/2022\/12\/Jason-De-Leon-photo-UMP.jpeg\" alt=\"\" class=\"wp-image-2711 size-full\" \/><\/figure>\n<div class=\"wp-block-media-text__content\"><!-- wp:paragraph {\"placeholder\":\"Sadr\\u017eaj\\u2026\",\"style\":{\"typography\":{\"fontSize\":18}},\"kioblocks\":[]} --><\/p>\n<p style=\"font-size:18px\">U novom broju <em><a href=\"https:\/\/hrcak.srce.hr\/broj\/22305\" target=\"_blank\" rel=\"noreferrer noopener\">Etnolo\u0161ke tribine<\/a> <\/em>(2022, vol. 52) objavljen je <a href=\"https:\/\/hrcak.srce.hr\/file\/416906\" target=\"_blank\" rel=\"noreferrer noopener\">intervju<\/a> Marijane Hamer\u0161ak s ameri\u010dkim antropologom Jasonom De Le\u00f3nom, autorom knjige <em>The Land <\/em>Open Grave<em>s: Living and Dying on the Migrant Trail <\/em>(2015) i voditeljem Undocumented Migration Project (UMP, 2009-). Fotografija preuzeta s mre\u017enih stranica  <a href=\"https:\/\/www.undocumentedmigrationproject.org\/team\" target=\"_blank\" rel=\"noreferrer noopener\">UMP<\/a>.<\/p>\n<p><!-- \/wp:paragraph --><\/div>\n<\/div>\n<p><!-- \/wp:media-text --><\/p>\n<p><!-- wp:file {\"id\":2722,\"href\":\"https:\\\/\\\/erim.ief.hr\\\/wp-content\\\/uploads\\\/2022\\\/12\\\/MH-2022.-Interview-with-Jason-De-Leon.pdf\",\"kioblocks\":[]} --><\/p>\n<div class=\"wp-block-file\"><a href=\"https:\/\/erim.ief.hr\/wp-content\/uploads\/2022\/12\/MH-2022.-Interview-with-Jason-De-Leon.pdf\">Interview with Jason De Leon&#8221;. Etnolo\u0161ka tribina (2022) 52\/45: 238-249.<\/a><a href=\"https:\/\/erim.ief.hr\/wp-content\/uploads\/2022\/12\/MH-2022.-Interview-with-Jason-De-Leon.pdf\" class=\"wp-block-file__button\" download>Preuzmi<\/a><\/div>\n<p><!-- \/wp:file --><\/p>\n<p><!-- wp:paragraph {\"kioblocks\":[]} --><\/p>\n<p><!-- \/wp:paragraph --><\/p>\n","comment_info":"0","_links":{"self":[{"href":"https:\/\/erim.ief.hr\/en\/wp-json\/wp\/v2\/posts\/2710"}],"collection":[{"href":"https:\/\/erim.ief.hr\/en\/wp-json\/wp\/v2\/posts"}],"about":[{"href":"https:\/\/erim.ief.hr\/en\/wp-json\/wp\/v2\/types\/post"}],"author":[{"embeddable":true,"href":"https:\/\/erim.ief.hr\/en\/wp-json\/wp\/v2\/users\/2"}],"replies":[{"embeddable":true,"href":"https:\/\/erim.ief.hr\/en\/wp-json\/wp\/v2\/comments?post=2710"}],"version-history":[{"count":4,"href":"https:\/\/erim.ief.hr\/en\/wp-json\/wp\/v2\/posts\/2710\/revisions"}],"predecessor-version":[{"id":2724,"href":"https:\/\/erim.ief.hr\/en\/wp-json\/wp\/v2\/posts\/2710\/revisions\/2724"}],"wp:featuredmedia":[{"embeddable":true,"href":"https:\/\/erim.ief.hr\/en\/wp-json\/wp\/v2\/media\/2711"}],"wp:attachment":[{"href":"https:\/\/erim.ief.hr\/en\/wp-json\/wp\/v2\/media?parent=2710"}],"wp:term":[{"taxonomy":"category","embeddable":true,"href":"https:\/\/erim.ief.hr\/en\/wp-json\/wp\/v2\/categories?post=2710"},{"taxonomy":"post_tag","embeddable":true,"href":"https:\/\/erim.ief.hr\/en\/wp-json\/wp\/v2\/tags?post=2710"}],"curies":[{"name":"wp","href":"https:\/\/api.w.org\/{rel}","templated":true}]}}