{"id":2715,"date":"2022-12-23T14:15:45","date_gmt":"2022-12-23T13:15:45","guid":{"rendered":"https:\/\/erim.ief.hr\/?p=2715"},"modified":"2024-06-18T21:00:30","modified_gmt":"2024-06-18T19:00:30","slug":"lipovec-cebron-i-skraban-intercultural-mediation-and-its-conflicting-allegiances-in-slovenia","status":"publish","type":"post","link":"https:\/\/erim.ief.hr\/en\/publikacije\/clanci\/lipovec-cebron-i-skraban-intercultural-mediation-and-its-conflicting-allegiances-in-slovenia\/","title":{"rendered":"\u010clanak Ur\u0161ule Lipovec \u010cebron i Ju\u0161a \u0160krabana: &#8220;Intercultural Mediation and its Conflicting Allegiances in Slovenia\u201d"},"content":{"rendered":"<p>U \u010dasopisu <em>Ethnologia Europaea<\/em> (2022, 52\/2: 1\u201323) objavljen je znanstveni \u010dlanak Ur\u0161ule Lipovec \u010cebron i Ju\u0161a \u0160krabana \u201cIntercultural Mediation and its Conflicting Allegiances in Slovenia\u201d. \u010clanak je u cijelosti dostupan <a href=\"https:\/\/ee.openlibhums.org\/article\/3103\/galley\/22656\/download\/\" target=\"_blank\" rel=\"noreferrer noopener\">online<\/a>. <\/p>\n\n\n\n<div class=\"wp-block-file\"><a href=\"https:\/\/erim.ief.hr\/wp-content\/uploads\/2022\/12\/ULC-i-JS-2022.-Intercultural-Mediation-and-its-Conflicting.pdf\">Lipovec \u010cebron, Ur\u0161ula &amp; Ju\u0161 \u0160raban. 2022. \u201cIntercultural Mediation and its Conflicting Allegiances in Slovenia\u201d, Ethnologia Europaea 52\/2: 1\u201323.<\/a><a href=\"https:\/\/erim.ief.hr\/wp-content\/uploads\/2022\/12\/ULC-i-JS-2022.-Intercultural-Mediation-and-its-Conflicting.pdf\" class=\"wp-block-file__button\" download>Preuzmi<\/a><\/div>\n\n\n\n<p><\/p>","protected":false},"excerpt":{"rendered":"<p>U \u010dasopisu Ethnologia Europaea (2022, 52\/2: 1\u201323) objavljen je znanstveni \u010dlanak Ur\u0161ule Lipovec \u010cebron i Ju\u0161a \u0160krabana \u201cIntercultural Mediation and its Conflicting Allegiances in Slovenia\u201d. \u010clanak je u cijelosti &hellip;<\/p>","protected":false},"author":2,"featured_media":2717,"comment_status":"closed","ping_status":"closed","sticky":false,"template":"","format":"standard","meta":{"_monsterinsights_skip_tracking":false,"_monsterinsights_sitenote_active":false,"_monsterinsights_sitenote_note":"","_monsterinsights_sitenote_category":0,"kk_blocks_editor_width":"","_kiokenblocks_attr":"","_kiokenblocks_dimensions":""},"categories":[25,54,57,13],"tags":[],"aioseo_notices":[],"featured_image_src":"https:\/\/erim.ief.hr\/wp-content\/uploads\/2022\/12\/ee.jpg","featured_image_src_square":"https:\/\/erim.ief.hr\/wp-content\/uploads\/2022\/12\/ee.jpg","author_info":{"display_name":"Marijana Hamersak","author_link":"https:\/\/erim.ief.hr\/en\/author\/marijana\/"},"category_info":"<a href=\"https:\/\/erim.ief.hr\/en\/category\/publikacije\/\" rel=\"category tag\">publikacije<\/a>, <a href=\"https:\/\/erim.ief.hr\/en\/category\/publikacije\/publikacije-iii\/\" rel=\"category tag\">publikacije III<\/a>, <a href=\"https:\/\/erim.ief.hr\/en\/category\/publikacije\/clanci\/znanstveni-clanci-iii\/\" rel=\"category tag\">znanstveni \u010dlanci III<\/a>, <a href=\"https:\/\/erim.ief.hr\/en\/category\/publikacije\/clanci\/\" rel=\"category tag\">znanstveni i stru\u010dni \u010dlanci<\/a>","tags_info":"","social_share_info":"<a data-share=\"facebook\" href=\"https:\/\/www.facebook.com\/sharer.php?u=https:\/\/erim.ief.hr\/en\/publikacije\/clanci\/lipovec-cebron-i-skraban-intercultural-mediation-and-its-conflicting-allegiances-in-slovenia\/\" class=\"tb-facebook-share social-share-default tb-social-share\" target=\"_blank\"><i class=\"fab fa-facebook-f\" aria-hidden=\"true\"><\/i><\/a><a data-share=\"twitter\" href=\"https:\/\/twitter.com\/share?url=https:\/\/erim.ief.hr\/en\/publikacije\/clanci\/lipovec-cebron-i-skraban-intercultural-mediation-and-its-conflicting-allegiances-in-slovenia\/\" class=\"tb-twiiter-share social-share-default tb-social-share\" target=\"_blank\"><i class=\"fab fa-twitter\" aria-hidden=\"true\"><\/i><\/a><a data-share=\"linkedin\" href=\"https:\/\/www.linkedin.com\/shareArticle?url=https:\/\/erim.ief.hr\/en\/publikacije\/clanci\/lipovec-cebron-i-skraban-intercultural-mediation-and-its-conflicting-allegiances-in-slovenia\/\" class=\"tb-linkedin-share social-share-default tb-social-share\" target=\"_blank\"><i class=\"fab fa-linkedin-in\" aria-hidden=\"true\"><\/i><\/a>","wordExcerpt_info":"<p><!-- wp:paragraph {\"kioblocks\":[]} --><\/p>\n<p>U \u010dasopisu <em>Ethnologia Europaea<\/em> (2022, 52\/2: 1\u201323) objavljen je znanstveni \u010dlanak Ur\u0161ule Lipovec \u010cebron i Ju\u0161a \u0160krabana \u201cIntercultural Mediation and its Conflicting Allegiances in Slovenia\u201d. \u010clanak je u cijelosti dostupan <a href=\"https:\/\/ee.openlibhums.org\/article\/3103\/galley\/22656\/download\/\" target=\"_blank\" rel=\"noreferrer noopener\">online<\/a>. <\/p>\n<p><!-- \/wp:paragraph --><\/p>\n<p><!-- wp:file {\"id\":2716,\"href\":\"https:\\\/\\\/erim.ief.hr\\\/wp-content\\\/uploads\\\/2022\\\/12\\\/ULC-i-JS-2022.-Intercultural-Mediation-and-its-Conflicting.pdf\",\"kioblocks\":[]} --><\/p>\n<div class=\"wp-block-file\"><a href=\"https:\/\/erim.ief.hr\/wp-content\/uploads\/2022\/12\/ULC-i-JS-2022.-Intercultural-Mediation-and-its-Conflicting.pdf\">Lipovec \u010cebron, Ur\u0161ula &amp; Ju\u0161 \u0160raban. 2022. \u201cIntercultural Mediation and its Conflicting Allegiances in Slovenia\u201d, Ethnologia Europaea 52\/2: 1\u201323.<\/a><a href=\"https:\/\/erim.ief.hr\/wp-content\/uploads\/2022\/12\/ULC-i-JS-2022.-Intercultural-Mediation-and-its-Conflicting.pdf\" class=\"wp-block-file__button\" download>Preuzmi<\/a><\/div>\n<p><!-- \/wp:file --><\/p>\n<p><!-- wp:paragraph {\"kioblocks\":[]} --><\/p>\n<p><!-- \/wp:paragraph --><\/p>\n","comment_info":"0","_links":{"self":[{"href":"https:\/\/erim.ief.hr\/en\/wp-json\/wp\/v2\/posts\/2715"}],"collection":[{"href":"https:\/\/erim.ief.hr\/en\/wp-json\/wp\/v2\/posts"}],"about":[{"href":"https:\/\/erim.ief.hr\/en\/wp-json\/wp\/v2\/types\/post"}],"author":[{"embeddable":true,"href":"https:\/\/erim.ief.hr\/en\/wp-json\/wp\/v2\/users\/2"}],"replies":[{"embeddable":true,"href":"https:\/\/erim.ief.hr\/en\/wp-json\/wp\/v2\/comments?post=2715"}],"version-history":[{"count":7,"href":"https:\/\/erim.ief.hr\/en\/wp-json\/wp\/v2\/posts\/2715\/revisions"}],"predecessor-version":[{"id":2970,"href":"https:\/\/erim.ief.hr\/en\/wp-json\/wp\/v2\/posts\/2715\/revisions\/2970"}],"wp:featuredmedia":[{"embeddable":true,"href":"https:\/\/erim.ief.hr\/en\/wp-json\/wp\/v2\/media\/2717"}],"wp:attachment":[{"href":"https:\/\/erim.ief.hr\/en\/wp-json\/wp\/v2\/media?parent=2715"}],"wp:term":[{"taxonomy":"category","embeddable":true,"href":"https:\/\/erim.ief.hr\/en\/wp-json\/wp\/v2\/categories?post=2715"},{"taxonomy":"post_tag","embeddable":true,"href":"https:\/\/erim.ief.hr\/en\/wp-json\/wp\/v2\/tags?post=2715"}],"curies":[{"name":"wp","href":"https:\/\/api.w.org\/{rel}","templated":true}]}}