{"id":2728,"date":"2022-12-27T21:08:41","date_gmt":"2022-12-27T20:08:41","guid":{"rendered":"https:\/\/erim.ief.hr\/?p=2728"},"modified":"2023-02-01T21:21:51","modified_gmt":"2023-02-01T20:21:51","slug":"dusko-petrovic-posrnuli-suverenitet","status":"publish","type":"post","link":"https:\/\/erim.ief.hr\/en\/publikacije\/clanci\/dusko-petrovic-posrnuli-suverenitet\/","title":{"rendered":"\u010clanak Du\u0161ka Petrovi\u0107a: &#8220;Posrnuli suverenitet?&#8221;"},"content":{"rendered":"<div class=\"wp-block-media-text alignwide is-stacked-on-mobile\"><figure class=\"wp-block-media-text__media\"><img loading=\"lazy\" width=\"400\" height=\"400\" src=\"https:\/\/erim.ief.hr\/wp-content\/uploads\/2022\/12\/sic.png\" alt=\"\" class=\"wp-image-2729 size-full\" srcset=\"https:\/\/erim.ief.hr\/wp-content\/uploads\/2022\/12\/sic.png 400w, https:\/\/erim.ief.hr\/wp-content\/uploads\/2022\/12\/sic-300x300.png 300w, https:\/\/erim.ief.hr\/wp-content\/uploads\/2022\/12\/sic-150x150.png 150w, https:\/\/erim.ief.hr\/wp-content\/uploads\/2022\/12\/sic-12x12.png 12w, https:\/\/erim.ief.hr\/wp-content\/uploads\/2022\/12\/sic-140x140.png 140w, https:\/\/erim.ief.hr\/wp-content\/uploads\/2022\/12\/sic-210x210.png 210w\" sizes=\"(max-width: 400px) 100vw, 400px\" \/><\/figure><div class=\"wp-block-media-text__content\">\n<p style=\"font-size:22px\">U \u010dasopisu <em><a href=\"https:\/\/hrcak.srce.hr\/sic\" target=\"_blank\" rel=\"noreferrer noopener\">sic<\/a><\/em> (2022, 1\/1) objavljen je znanstveni \u010dlanak Du\u0161ka Petrovi\u0107a &#8220;Posrnuli suverenitet? Dva slu\u010daja posrnu\u0107a suvereniteta nacije dr\u017eave na primjeru Hrvatske&#8221;. \u010clanak je u cijelosti dostupan putem <a href=\"https:\/\/hrcak.srce.hr\/file\/417728\" target=\"_blank\" rel=\"noreferrer noopener\">poveznice<\/a>.<\/p>\n<\/div><\/div>\n\n\n\n<div class=\"wp-block-file\"><a href=\"https:\/\/erim.ief.hr\/wp-content\/uploads\/2022\/12\/DP-2022-Posrnuli-suverenitet.pdf\">DP-2022-Posrnuli-suverenitet<\/a><a href=\"https:\/\/erim.ief.hr\/wp-content\/uploads\/2022\/12\/DP-2022-Posrnuli-suverenitet.pdf\" class=\"wp-block-file__button\" download>Preuzmi<\/a><\/div>\n\n\n\n<p><\/p>","protected":false},"excerpt":{"rendered":"<p>U \u010dasopisu sic (2022, 1\/1) objavljen je znanstveni \u010dlanak Du\u0161ka Petrovi\u0107a &#8220;Posrnuli suverenitet? Dva slu\u010daja posrnu\u0107a suvereniteta nacije dr\u017eave na primjeru Hrvatske&#8221;. \u010clanak je u cijelosti dostupan putem poveznice.<\/p>","protected":false},"author":2,"featured_media":2729,"comment_status":"open","ping_status":"open","sticky":false,"template":"","format":"standard","meta":{"_monsterinsights_skip_tracking":false,"_monsterinsights_sitenote_active":false,"_monsterinsights_sitenote_note":"","_monsterinsights_sitenote_category":0,"kk_blocks_editor_width":"","_kiokenblocks_attr":"","_kiokenblocks_dimensions":""},"categories":[25,54,57,13],"tags":[],"aioseo_notices":[],"featured_image_src":"https:\/\/erim.ief.hr\/wp-content\/uploads\/2022\/12\/sic.png","featured_image_src_square":"https:\/\/erim.ief.hr\/wp-content\/uploads\/2022\/12\/sic.png","author_info":{"display_name":"Marijana Hamersak","author_link":"https:\/\/erim.ief.hr\/en\/author\/marijana\/"},"category_info":"<a href=\"https:\/\/erim.ief.hr\/en\/category\/publikacije\/\" rel=\"category tag\">publikacije<\/a>, <a href=\"https:\/\/erim.ief.hr\/en\/category\/publikacije\/publikacije-iii\/\" rel=\"category tag\">publikacije III<\/a>, <a href=\"https:\/\/erim.ief.hr\/en\/category\/publikacije\/clanci\/znanstveni-clanci-iii\/\" rel=\"category tag\">znanstveni \u010dlanci III<\/a>, <a href=\"https:\/\/erim.ief.hr\/en\/category\/publikacije\/clanci\/\" rel=\"category tag\">znanstveni i stru\u010dni \u010dlanci<\/a>","tags_info":"","social_share_info":"<a data-share=\"facebook\" href=\"https:\/\/www.facebook.com\/sharer.php?u=https:\/\/erim.ief.hr\/en\/publikacije\/clanci\/dusko-petrovic-posrnuli-suverenitet\/\" class=\"tb-facebook-share social-share-default tb-social-share\" target=\"_blank\"><i class=\"fab fa-facebook-f\" aria-hidden=\"true\"><\/i><\/a><a data-share=\"twitter\" href=\"https:\/\/twitter.com\/share?url=https:\/\/erim.ief.hr\/en\/publikacije\/clanci\/dusko-petrovic-posrnuli-suverenitet\/\" class=\"tb-twiiter-share social-share-default tb-social-share\" target=\"_blank\"><i class=\"fab fa-twitter\" aria-hidden=\"true\"><\/i><\/a><a data-share=\"linkedin\" href=\"https:\/\/www.linkedin.com\/shareArticle?url=https:\/\/erim.ief.hr\/en\/publikacije\/clanci\/dusko-petrovic-posrnuli-suverenitet\/\" class=\"tb-linkedin-share social-share-default tb-social-share\" target=\"_blank\"><i class=\"fab fa-linkedin-in\" aria-hidden=\"true\"><\/i><\/a>","wordExcerpt_info":"<p><!-- wp:media-text {\"mediaId\":2729,\"mediaLink\":\"https:\\\/\\\/erim.ief.hr\\\/?attachment_id=2729\",\"mediaType\":\"image\",\"kioblocks\":[]} --><\/p>\n<div class=\"wp-block-media-text alignwide is-stacked-on-mobile\">\n<figure class=\"wp-block-media-text__media\"><img loading=\"lazy\" width=\"400\" height=\"400\" src=\"https:\/\/erim.ief.hr\/wp-content\/uploads\/2022\/12\/sic.png\" alt=\"\" class=\"wp-image-2729 size-full\" \/><\/figure>\n<div class=\"wp-block-media-text__content\"><!-- wp:paragraph {\"placeholder\":\"Sadr\\u017eaj\\u2026\",\"style\":{\"typography\":{\"fontSize\":22}},\"kioblocks\":[]} --><\/p>\n<p style=\"font-size:22px\">U \u010dasopisu <em><a href=\"https:\/\/hrcak.srce.hr\/sic\" target=\"_blank\" rel=\"noreferrer noopener\">sic<\/a><\/em> (2022, 1\/1) objavljen je znanstveni \u010dlanak Du\u0161ka Petrovi\u0107a &#8220;Posrnuli suverenitet? Dva slu\u010daja posrnu\u0107a suvereniteta nacije dr\u017eave na primjeru Hrvatske&#8221;. \u010clanak je u cijelosti dostupan putem <a href=\"https:\/\/hrcak.srce.hr\/file\/417728\" target=\"_blank\" rel=\"noreferrer noopener\">poveznice<\/a>.<\/p>\n<p><!-- \/wp:paragraph --><\/div>\n<\/div>\n<p><!-- \/wp:media-text --><\/p>\n<p><!-- wp:file {\"id\":2730,\"href\":\"https:\\\/\\\/erim.ief.hr\\\/wp-content\\\/uploads\\\/2022\\\/12\\\/DP-2022-Posrnuli-suverenitet.pdf\",\"kioblocks\":[]} --><\/p>\n<div class=\"wp-block-file\"><a href=\"https:\/\/erim.ief.hr\/wp-content\/uploads\/2022\/12\/DP-2022-Posrnuli-suverenitet.pdf\">DP-2022-Posrnuli-suverenitet<\/a><a href=\"https:\/\/erim.ief.hr\/wp-content\/uploads\/2022\/12\/DP-2022-Posrnuli-suverenitet.pdf\" class=\"wp-block-file__button\" download>Preuzmi<\/a><\/div>\n<p><!-- \/wp:file --><\/p>\n<p><!-- wp:paragraph {\"kioblocks\":[]} --><\/p>\n<p><!-- \/wp:paragraph --><\/p>\n","comment_info":"0","_links":{"self":[{"href":"https:\/\/erim.ief.hr\/en\/wp-json\/wp\/v2\/posts\/2728"}],"collection":[{"href":"https:\/\/erim.ief.hr\/en\/wp-json\/wp\/v2\/posts"}],"about":[{"href":"https:\/\/erim.ief.hr\/en\/wp-json\/wp\/v2\/types\/post"}],"author":[{"embeddable":true,"href":"https:\/\/erim.ief.hr\/en\/wp-json\/wp\/v2\/users\/2"}],"replies":[{"embeddable":true,"href":"https:\/\/erim.ief.hr\/en\/wp-json\/wp\/v2\/comments?post=2728"}],"version-history":[{"count":3,"href":"https:\/\/erim.ief.hr\/en\/wp-json\/wp\/v2\/posts\/2728\/revisions"}],"predecessor-version":[{"id":2774,"href":"https:\/\/erim.ief.hr\/en\/wp-json\/wp\/v2\/posts\/2728\/revisions\/2774"}],"wp:featuredmedia":[{"embeddable":true,"href":"https:\/\/erim.ief.hr\/en\/wp-json\/wp\/v2\/media\/2729"}],"wp:attachment":[{"href":"https:\/\/erim.ief.hr\/en\/wp-json\/wp\/v2\/media?parent=2728"}],"wp:term":[{"taxonomy":"category","embeddable":true,"href":"https:\/\/erim.ief.hr\/en\/wp-json\/wp\/v2\/categories?post=2728"},{"taxonomy":"post_tag","embeddable":true,"href":"https:\/\/erim.ief.hr\/en\/wp-json\/wp\/v2\/tags?post=2728"}],"curies":[{"name":"wp","href":"https:\/\/api.w.org\/{rel}","templated":true}]}}