{"id":2789,"date":"2023-02-14T17:07:54","date_gmt":"2023-02-14T16:07:54","guid":{"rendered":"https:\/\/erim.ief.hr\/?p=2789"},"modified":"2023-02-26T14:01:28","modified_gmt":"2023-02-26T13:01:28","slug":"izlaganje-teodore-jovanovic-u-drustvenom-centru-krov","status":"publish","type":"post","link":"https:\/\/erim.ief.hr\/en\/predavanja-i-tribine\/izlaganje-teodore-jovanovic-u-drustvenom-centru-krov\/","title":{"rendered":"Izlaganje Teodore Jovanovi\u0107 u Dru\u0161tvenom centru Krov"},"content":{"rendered":"<p>Teodora Jovanovi\u0107 je 08. 02. 2023. u Dru\u0161tvenom centru Krov u Beogradu odr\u017eala predavanje &#8220;Na putu od Srednjeg istoka ka Zapadnoj Evropi&#8221;. Predstavila je rezultate dosada\u0161njih istra\u017eivanja i razgovarala sa publikom o mnogobrojnim aspektima prisile u migracijama i iregularizaciji migracija.<\/p>\n\n\n\n<figure class=\"wp-block-gallery columns-1 is-cropped\"><ul class=\"blocks-gallery-grid\"><li class=\"blocks-gallery-item\"><figure><img loading=\"lazy\" width=\"1024\" height=\"768\" src=\"https:\/\/erim.ief.hr\/wp-content\/uploads\/2023\/02\/WhatsApp-Image-2023-02-14-at-16.50.30-1-1024x768.jpeg\" alt=\"\" data-id=\"2790\" data-full-url=\"https:\/\/erim.ief.hr\/wp-content\/uploads\/2023\/02\/WhatsApp-Image-2023-02-14-at-16.50.30-1.jpeg\" data-link=\"https:\/\/erim.ief.hr\/?attachment_id=2790\" class=\"wp-image-2790\" srcset=\"https:\/\/erim.ief.hr\/wp-content\/uploads\/2023\/02\/WhatsApp-Image-2023-02-14-at-16.50.30-1-1024x768.jpeg 1024w, https:\/\/erim.ief.hr\/wp-content\/uploads\/2023\/02\/WhatsApp-Image-2023-02-14-at-16.50.30-1-300x225.jpeg 300w, https:\/\/erim.ief.hr\/wp-content\/uploads\/2023\/02\/WhatsApp-Image-2023-02-14-at-16.50.30-1-768x576.jpeg 768w, https:\/\/erim.ief.hr\/wp-content\/uploads\/2023\/02\/WhatsApp-Image-2023-02-14-at-16.50.30-1-1536x1152.jpeg 1536w, https:\/\/erim.ief.hr\/wp-content\/uploads\/2023\/02\/WhatsApp-Image-2023-02-14-at-16.50.30-1-16x12.jpeg 16w, https:\/\/erim.ief.hr\/wp-content\/uploads\/2023\/02\/WhatsApp-Image-2023-02-14-at-16.50.30-1-187x140.jpeg 187w, https:\/\/erim.ief.hr\/wp-content\/uploads\/2023\/02\/WhatsApp-Image-2023-02-14-at-16.50.30-1-450x338.jpeg 450w, https:\/\/erim.ief.hr\/wp-content\/uploads\/2023\/02\/WhatsApp-Image-2023-02-14-at-16.50.30-1-280x210.jpeg 280w, https:\/\/erim.ief.hr\/wp-content\/uploads\/2023\/02\/WhatsApp-Image-2023-02-14-at-16.50.30-1.jpeg 1600w\" sizes=\"(max-width: 1024px) 100vw, 1024px\" \/><figcaption class=\"blocks-gallery-item__caption\">Teodora Jovanovi\u0107, Dru\u0161tveni centar Krov, Beograd,  8. 2. 2023. Foto: Marta Stoji\u0107 Mitrovi\u0107<\/figcaption><\/figure><\/li><\/ul><\/figure>\n\n\n\n<p><\/p>","protected":false},"excerpt":{"rendered":"<p>Teodora Jovanovi\u0107 je 08. 02. 2023. u Dru\u0161tvenom centru Krov u Beogradu odr\u017eala predavanje &#8220;Na putu od Srednjeg istoka ka Zapadnoj Evropi&#8221;. Predstavila je rezultate dosada\u0161njih istra\u017eivanja i razgovarala &hellip;<\/p>","protected":false},"author":2,"featured_media":2793,"comment_status":"closed","ping_status":"closed","sticky":false,"template":"","format":"standard","meta":{"_monsterinsights_skip_tracking":false,"_monsterinsights_sitenote_active":false,"_monsterinsights_sitenote_note":"","_monsterinsights_sitenote_category":0,"kk_blocks_editor_width":"","_kiokenblocks_attr":"","_kiokenblocks_dimensions":""},"categories":[28,67,4],"tags":[],"aioseo_notices":[],"featured_image_src":"https:\/\/erim.ief.hr\/wp-content\/uploads\/2023\/02\/WhatsApp-Image-2023-02-14-at-16.50.30-4.jpeg","featured_image_src_square":"https:\/\/erim.ief.hr\/wp-content\/uploads\/2023\/02\/WhatsApp-Image-2023-02-14-at-16.50.30-4.jpeg","author_info":{"display_name":"Marijana Hamersak","author_link":"https:\/\/erim.ief.hr\/en\/author\/marijana\/"},"category_info":"<a href=\"https:\/\/erim.ief.hr\/en\/category\/predavanja-i-tribine\/predavanja-tribine\/\" rel=\"category tag\">predavanja i tribine<\/a>, <a href=\"https:\/\/erim.ief.hr\/en\/category\/predavanja-i-tribine\/predavanja-tribine\/predavanja-iii\/\" rel=\"category tag\">predavanja III<\/a>, <a href=\"https:\/\/erim.ief.hr\/en\/category\/predavanja-i-tribine\/\" rel=\"category tag\">znanstvene konferencije, predavanja i tribine<\/a>","tags_info":"","social_share_info":"<a data-share=\"facebook\" href=\"https:\/\/www.facebook.com\/sharer.php?u=https:\/\/erim.ief.hr\/en\/predavanja-i-tribine\/izlaganje-teodore-jovanovic-u-drustvenom-centru-krov\/\" class=\"tb-facebook-share social-share-default tb-social-share\" target=\"_blank\"><i class=\"fab fa-facebook-f\" aria-hidden=\"true\"><\/i><\/a><a data-share=\"twitter\" href=\"https:\/\/twitter.com\/share?url=https:\/\/erim.ief.hr\/en\/predavanja-i-tribine\/izlaganje-teodore-jovanovic-u-drustvenom-centru-krov\/\" class=\"tb-twiiter-share social-share-default tb-social-share\" target=\"_blank\"><i class=\"fab fa-twitter\" aria-hidden=\"true\"><\/i><\/a><a data-share=\"linkedin\" href=\"https:\/\/www.linkedin.com\/shareArticle?url=https:\/\/erim.ief.hr\/en\/predavanja-i-tribine\/izlaganje-teodore-jovanovic-u-drustvenom-centru-krov\/\" class=\"tb-linkedin-share social-share-default tb-social-share\" target=\"_blank\"><i class=\"fab fa-linkedin-in\" aria-hidden=\"true\"><\/i><\/a>","wordExcerpt_info":"<p><!-- wp:paragraph {\"kioblocks\":[]} --><\/p>\n<p>Teodora Jovanovi\u0107 je 08. 02. 2023. u Dru\u0161tvenom centru Krov u Beogradu odr\u017eala predavanje &#8220;Na putu od Srednjeg istoka ka Zapadnoj Evropi&#8221;. Predstavila je rezultate dosada\u0161njih istra\u017eivanja i razgovarala sa publikom o mnogobrojnim aspektima prisile u migracijama i iregularizaciji migracija.<\/p>\n<p><!-- \/wp:paragraph --><\/p>\n<p><!-- wp:gallery {\"ids\":[2790],\"linkTo\":\"none\",\"kioblocks\":[]} --><\/p>\n<figure class=\"wp-block-gallery columns-1 is-cropped\">\n<ul class=\"blocks-gallery-grid\">\n<li class=\"blocks-gallery-item\">\n<figure><img loading=\"lazy\" width=\"1024\" height=\"768\" src=\"https:\/\/erim.ief.hr\/wp-content\/uploads\/2023\/02\/WhatsApp-Image-2023-02-14-at-16.50.30-1-1024x768.jpeg\" alt=\"\" data-id=\"2790\" data-full-url=\"https:\/\/erim.ief.hr\/wp-content\/uploads\/2023\/02\/WhatsApp-Image-2023-02-14-at-16.50.30-1.jpeg\" data-link=\"https:\/\/erim.ief.hr\/?attachment_id=2790\" class=\"wp-image-2790\" \/><figcaption class=\"blocks-gallery-item__caption\">Teodora Jovanovi\u0107, Dru\u0161tveni centar Krov, Beograd,  8. 2. 2023. Foto: Marta Stoji\u0107 Mitrovi\u0107<\/figcaption><\/figure>\n<\/li>\n<\/ul>\n<\/figure>\n<p><!-- \/wp:gallery --><\/p>\n<p><!-- wp:paragraph {\"kioblocks\":[]} --><\/p>\n<p><!-- \/wp:paragraph --><\/p>\n","comment_info":"0","_links":{"self":[{"href":"https:\/\/erim.ief.hr\/en\/wp-json\/wp\/v2\/posts\/2789"}],"collection":[{"href":"https:\/\/erim.ief.hr\/en\/wp-json\/wp\/v2\/posts"}],"about":[{"href":"https:\/\/erim.ief.hr\/en\/wp-json\/wp\/v2\/types\/post"}],"author":[{"embeddable":true,"href":"https:\/\/erim.ief.hr\/en\/wp-json\/wp\/v2\/users\/2"}],"replies":[{"embeddable":true,"href":"https:\/\/erim.ief.hr\/en\/wp-json\/wp\/v2\/comments?post=2789"}],"version-history":[{"count":4,"href":"https:\/\/erim.ief.hr\/en\/wp-json\/wp\/v2\/posts\/2789\/revisions"}],"predecessor-version":[{"id":2837,"href":"https:\/\/erim.ief.hr\/en\/wp-json\/wp\/v2\/posts\/2789\/revisions\/2837"}],"wp:featuredmedia":[{"embeddable":true,"href":"https:\/\/erim.ief.hr\/en\/wp-json\/wp\/v2\/media\/2793"}],"wp:attachment":[{"href":"https:\/\/erim.ief.hr\/en\/wp-json\/wp\/v2\/media?parent=2789"}],"wp:term":[{"taxonomy":"category","embeddable":true,"href":"https:\/\/erim.ief.hr\/en\/wp-json\/wp\/v2\/categories?post=2789"},{"taxonomy":"post_tag","embeddable":true,"href":"https:\/\/erim.ief.hr\/en\/wp-json\/wp\/v2\/tags?post=2789"}],"curies":[{"name":"wp","href":"https:\/\/api.w.org\/{rel}","templated":true}]}}