{"id":2813,"date":"2023-02-20T12:21:49","date_gmt":"2023-02-20T11:21:49","guid":{"rendered":"https:\/\/erim.ief.hr\/?p=2813"},"modified":"2023-02-27T09:53:52","modified_gmt":"2023-02-27T08:53:52","slug":"studentska-suradnja-ivana-budimir","status":"publish","type":"post","link":"https:\/\/erim.ief.hr\/en\/studijski-boravci\/studentska-suradnja-ivana-budimir\/","title":{"rendered":"Studentska suradnja: Ivana Budimir"},"content":{"rendered":"<p>Ivana Budimir (Po\u017eega, 1999) zavr\u0161ila je 2021. godine preddiplomski studij Antropologije te Etnologije i kulturne antropologije pri Odsjeku za etnologiju i kulturnu antropologiju Filozofskog fakulteta u Zagrebu. Iste godine upisuje diplomski studij na kojem trenutno pi\u0161e diplomski rad. Tijekom studija sudjelovala je na studentskim terenskim istra\u017eivanja te je bila jedna od autorica izlo\u017ebe &#8221;POGLED U BUDU\u0106NOST: GRAD 2030.&#8221; pod mentorstvom dr. sc. Valentine Gulin Zrni\u0107. \u010clanica je Kluba studenata antropologije te glavna urednica studentskog \u010dasopisa <em>Antropolo\u0161ki almanah<\/em>.<\/p>\n\n\n\n<p>Podru\u010dja interesa obuhva\u0107aju antropologiju migracija, urbanu antropologiju i antropologiju nasilja i sukoba. Godine 2023. vi\u0161e se posve\u0107uje temama migracije i izbjegli\u0161tva, sa \u017eeljom ve\u0107eg djelovanja u tom podru\u010dju, od velja\u010de sura\u0111uje sa znanstveno-istra\u017eiva\u010dkim projektom ERIM.<\/p>\n\n\n\n<div class=\"wp-block-image\"><figure class=\"aligncenter size-large is-resized\"><img loading=\"lazy\" src=\"https:\/\/erim.ief.hr\/wp-content\/uploads\/2023\/02\/IMG_5921-2-768x1024.jpg\" alt=\"\" class=\"wp-image-2827\" width=\"506\" height=\"675\" srcset=\"https:\/\/erim.ief.hr\/wp-content\/uploads\/2023\/02\/IMG_5921-2-768x1024.jpg 768w, https:\/\/erim.ief.hr\/wp-content\/uploads\/2023\/02\/IMG_5921-2-225x300.jpg 225w, https:\/\/erim.ief.hr\/wp-content\/uploads\/2023\/02\/IMG_5921-2-1152x1536.jpg 1152w, https:\/\/erim.ief.hr\/wp-content\/uploads\/2023\/02\/IMG_5921-2-1536x2048.jpg 1536w, https:\/\/erim.ief.hr\/wp-content\/uploads\/2023\/02\/IMG_5921-2-9x12.jpg 9w, https:\/\/erim.ief.hr\/wp-content\/uploads\/2023\/02\/IMG_5921-2-105x140.jpg 105w, https:\/\/erim.ief.hr\/wp-content\/uploads\/2023\/02\/IMG_5921-2-450x600.jpg 450w, https:\/\/erim.ief.hr\/wp-content\/uploads\/2023\/02\/IMG_5921-2-158x210.jpg 158w, https:\/\/erim.ief.hr\/wp-content\/uploads\/2023\/02\/IMG_5921-2-scaled.jpg 1920w\" sizes=\"(max-width: 506px) 100vw, 506px\" \/><figcaption>Foto: Marin Rako<\/figcaption><\/figure><\/div>","protected":false},"excerpt":{"rendered":"<p>Ivana Budimir (Po\u017eega, 1999) zavr\u0161ila je 2021. godine preddiplomski studij Antropologije te Etnologije i kulturne antropologije pri Odsjeku za etnologiju i kulturnu antropologiju Filozofskog fakulteta u Zagrebu. Iste godine &hellip;<\/p>","protected":false},"author":2,"featured_media":2816,"comment_status":"closed","ping_status":"closed","sticky":false,"template":"","format":"standard","meta":{"_monsterinsights_skip_tracking":false,"_monsterinsights_sitenote_active":false,"_monsterinsights_sitenote_note":"","_monsterinsights_sitenote_category":0,"kk_blocks_editor_width":"","_kiokenblocks_attr":"","_kiokenblocks_dimensions":""},"categories":[15,61],"tags":[],"aioseo_notices":[],"featured_image_src":"https:\/\/erim.ief.hr\/wp-content\/uploads\/2023\/02\/IMG_5921-scaled.jpg","featured_image_src_square":"https:\/\/erim.ief.hr\/wp-content\/uploads\/2023\/02\/IMG_5921-scaled.jpg","author_info":{"display_name":"Marijana Hamersak","author_link":"https:\/\/erim.ief.hr\/en\/author\/marijana\/"},"category_info":"<a href=\"https:\/\/erim.ief.hr\/en\/category\/studijski-boravci\/\" rel=\"category tag\">studijski boravci i usavr\u0161avanja<\/a>, <a href=\"https:\/\/erim.ief.hr\/en\/category\/studijski-boravci\/studijski-boravci-iii\/\" rel=\"category tag\">studijski boravci III<\/a>","tags_info":"","social_share_info":"<a data-share=\"facebook\" href=\"https:\/\/www.facebook.com\/sharer.php?u=https:\/\/erim.ief.hr\/en\/studijski-boravci\/studentska-suradnja-ivana-budimir\/\" class=\"tb-facebook-share social-share-default tb-social-share\" target=\"_blank\"><i class=\"fab fa-facebook-f\" aria-hidden=\"true\"><\/i><\/a><a data-share=\"twitter\" href=\"https:\/\/twitter.com\/share?url=https:\/\/erim.ief.hr\/en\/studijski-boravci\/studentska-suradnja-ivana-budimir\/\" class=\"tb-twiiter-share social-share-default tb-social-share\" target=\"_blank\"><i class=\"fab fa-twitter\" aria-hidden=\"true\"><\/i><\/a><a data-share=\"linkedin\" href=\"https:\/\/www.linkedin.com\/shareArticle?url=https:\/\/erim.ief.hr\/en\/studijski-boravci\/studentska-suradnja-ivana-budimir\/\" class=\"tb-linkedin-share social-share-default tb-social-share\" target=\"_blank\"><i class=\"fab fa-linkedin-in\" aria-hidden=\"true\"><\/i><\/a>","wordExcerpt_info":"<p><!-- wp:paragraph {\"kioblocks\":[]} --><\/p>\n<p>Ivana Budimir (Po\u017eega, 1999) zavr\u0161ila je 2021. godine preddiplomski studij Antropologije te Etnologije i kulturne antropologije pri Odsjeku za etnologiju i kulturnu antropologiju Filozofskog fakulteta u Zagrebu. Iste godine upisuje diplomski studij na kojem trenutno pi\u0161e diplomski rad. Tijekom studija sudjelovala je na studentskim terenskim istra\u017eivanja te je bila jedna od autorica izlo\u017ebe &#8221;POGLED U BUDU\u0106NOST: GRAD 2030.&#8221; pod mentorstvom dr. sc. Valentine Gulin Zrni\u0107. \u010clanica je Kluba studenata antropologije te glavna urednica studentskog \u010dasopisa <em>Antropolo\u0161ki almanah<\/em>.<\/p>\n<p><!-- \/wp:paragraph --><\/p>\n<p><!-- wp:paragraph {\"kioblocks\":[]} --><\/p>\n<p>Podru\u010dja interesa obuhva\u0107aju antropologiju migracija, urbanu antropologiju i antropologiju nasilja i sukoba. Godine 2023. vi\u0161e se posve\u0107uje temama migracije i izbjegli\u0161tva, sa \u017eeljom ve\u0107eg djelovanja u tom podru\u010dju, od velja\u010de sura\u0111uje sa znanstveno-istra\u017eiva\u010dkim projektom ERIM.<\/p>\n<p><!-- \/wp:paragraph --><\/p>\n<p><!-- wp:image {\"align\":\"center\",\"id\":2827,\"width\":506,\"height\":675,\"sizeSlug\":\"large\",\"linkDestination\":\"none\",\"kioblocks\":[]} --><\/p>\n<div class=\"wp-block-image\">\n<figure class=\"aligncenter size-large is-resized\"><img loading=\"lazy\" src=\"https:\/\/erim.ief.hr\/wp-content\/uploads\/2023\/02\/IMG_5921-2-768x1024.jpg\" alt=\"\" class=\"wp-image-2827\" width=\"506\" height=\"675\" \/><figcaption>Foto: Marin Rako<\/figcaption><\/figure>\n<\/div>\n<p><!-- \/wp:image --><\/p>\n","comment_info":"0","_links":{"self":[{"href":"https:\/\/erim.ief.hr\/en\/wp-json\/wp\/v2\/posts\/2813"}],"collection":[{"href":"https:\/\/erim.ief.hr\/en\/wp-json\/wp\/v2\/posts"}],"about":[{"href":"https:\/\/erim.ief.hr\/en\/wp-json\/wp\/v2\/types\/post"}],"author":[{"embeddable":true,"href":"https:\/\/erim.ief.hr\/en\/wp-json\/wp\/v2\/users\/2"}],"replies":[{"embeddable":true,"href":"https:\/\/erim.ief.hr\/en\/wp-json\/wp\/v2\/comments?post=2813"}],"version-history":[{"count":11,"href":"https:\/\/erim.ief.hr\/en\/wp-json\/wp\/v2\/posts\/2813\/revisions"}],"predecessor-version":[{"id":2844,"href":"https:\/\/erim.ief.hr\/en\/wp-json\/wp\/v2\/posts\/2813\/revisions\/2844"}],"wp:featuredmedia":[{"embeddable":true,"href":"https:\/\/erim.ief.hr\/en\/wp-json\/wp\/v2\/media\/2816"}],"wp:attachment":[{"href":"https:\/\/erim.ief.hr\/en\/wp-json\/wp\/v2\/media?parent=2813"}],"wp:term":[{"taxonomy":"category","embeddable":true,"href":"https:\/\/erim.ief.hr\/en\/wp-json\/wp\/v2\/categories?post=2813"},{"taxonomy":"post_tag","embeddable":true,"href":"https:\/\/erim.ief.hr\/en\/wp-json\/wp\/v2\/tags?post=2813"}],"curies":[{"name":"wp","href":"https:\/\/api.w.org\/{rel}","templated":true}]}}