{"id":2902,"date":"2023-04-02T14:22:09","date_gmt":"2023-04-02T12:22:09","guid":{"rendered":"https:\/\/erim.ief.hr\/?p=2902"},"modified":"2024-06-18T23:02:21","modified_gmt":"2024-06-18T21:02:21","slug":"odrzan-treci-erim-ov-kolokvij","status":"publish","type":"post","link":"https:\/\/erim.ief.hr\/en\/predavanja-i-tribine\/odrzan-treci-erim-ov-kolokvij\/","title":{"rendered":"Odr\u017ean Tre\u0107i ERIM-ov kolokvij"},"content":{"rendered":"<p>Na Institut u za etnologiju i folkloristiku 31. 3. 2023. odr\u017ean je Tre\u0107i ERIM-ov kolokvij na kojem su svoje recentne autorske i suautorske radove izlo\u017eili: Du\u0161ko Petrovi\u0107 i Ur\u0161ula Lipovec \u010cebron. Na Tre\u0107em ERIM-ovom kolokviju predsatvljeni su radovi: <\/p>\n\n\n\n<p>Petrovi\u0107, Du\u0161ko. 2022. \u201c<a href=\"https:\/\/hrcak.srce.hr\/file\/417728\" target=\"_blank\" rel=\"noreferrer noopener\">Posrnuli suverenitet? Dva slu\u010daja posrnu\u0107a suvereniteta nacije dr\u017eave na primjeru Hrvatske<\/a>\u201d.&nbsp;<em>sic: \u010dasopis za knji\u017eevnost, kulturu i knji\u017eevno prevo\u0111enje<\/em>&nbsp;13\/1.<\/p>\n\n\n\n<p>Lipovec \u010cebron, Ur\u0161ula &amp; Ju\u0161 \u0160kraban. 2022. \u201c<a href=\"https:\/\/ee.openlibhums.org\/article\/id\/3103\/\" target=\"_blank\" rel=\"noreferrer noopener\">Intercultural Mediation and its Conflicting Allegiances in Slovenia<\/a>\u201d.&nbsp;<em>Ethnologia Europaea<\/em>&nbsp;52\/2: 1\u201323.<\/p>\n\n\n\n<figure class=\"wp-block-gallery columns-3 is-cropped\"><ul class=\"blocks-gallery-grid\"><li class=\"blocks-gallery-item\"><figure><img loading=\"lazy\" width=\"1024\" height=\"462\" src=\"https:\/\/erim.ief.hr\/wp-content\/uploads\/2023\/04\/3.-erimov-kolokvij-foto-MH-3-1-1024x462.jpg\" alt=\"\" data-id=\"2911\" data-link=\"https:\/\/erim.ief.hr\/?attachment_id=2911\" class=\"wp-image-2911\" srcset=\"https:\/\/erim.ief.hr\/wp-content\/uploads\/2023\/04\/3.-erimov-kolokvij-foto-MH-3-1-1024x462.jpg 1024w, https:\/\/erim.ief.hr\/wp-content\/uploads\/2023\/04\/3.-erimov-kolokvij-foto-MH-3-1-300x135.jpg 300w, https:\/\/erim.ief.hr\/wp-content\/uploads\/2023\/04\/3.-erimov-kolokvij-foto-MH-3-1-768x346.jpg 768w, https:\/\/erim.ief.hr\/wp-content\/uploads\/2023\/04\/3.-erimov-kolokvij-foto-MH-3-1-1536x692.jpg 1536w, https:\/\/erim.ief.hr\/wp-content\/uploads\/2023\/04\/3.-erimov-kolokvij-foto-MH-3-1-2048x923.jpg 2048w, https:\/\/erim.ief.hr\/wp-content\/uploads\/2023\/04\/3.-erimov-kolokvij-foto-MH-3-1-18x8.jpg 18w, https:\/\/erim.ief.hr\/wp-content\/uploads\/2023\/04\/3.-erimov-kolokvij-foto-MH-3-1-311x140.jpg 311w, https:\/\/erim.ief.hr\/wp-content\/uploads\/2023\/04\/3.-erimov-kolokvij-foto-MH-3-1-450x203.jpg 450w, https:\/\/erim.ief.hr\/wp-content\/uploads\/2023\/04\/3.-erimov-kolokvij-foto-MH-3-1-466x210.jpg 466w\" sizes=\"(max-width: 1024px) 100vw, 1024px\" \/><\/figure><\/li><li class=\"blocks-gallery-item\"><figure><img loading=\"lazy\" width=\"1024\" height=\"462\" src=\"https:\/\/erim.ief.hr\/wp-content\/uploads\/2023\/04\/3.-erimov-kolokvij-foto-MH-6-1024x462.jpg\" alt=\"\" data-id=\"2904\" data-link=\"https:\/\/erim.ief.hr\/?attachment_id=2904\" class=\"wp-image-2904\" srcset=\"https:\/\/erim.ief.hr\/wp-content\/uploads\/2023\/04\/3.-erimov-kolokvij-foto-MH-6-1024x462.jpg 1024w, https:\/\/erim.ief.hr\/wp-content\/uploads\/2023\/04\/3.-erimov-kolokvij-foto-MH-6-300x135.jpg 300w, https:\/\/erim.ief.hr\/wp-content\/uploads\/2023\/04\/3.-erimov-kolokvij-foto-MH-6-768x346.jpg 768w, https:\/\/erim.ief.hr\/wp-content\/uploads\/2023\/04\/3.-erimov-kolokvij-foto-MH-6-1536x692.jpg 1536w, https:\/\/erim.ief.hr\/wp-content\/uploads\/2023\/04\/3.-erimov-kolokvij-foto-MH-6-2048x923.jpg 2048w, https:\/\/erim.ief.hr\/wp-content\/uploads\/2023\/04\/3.-erimov-kolokvij-foto-MH-6-18x8.jpg 18w, https:\/\/erim.ief.hr\/wp-content\/uploads\/2023\/04\/3.-erimov-kolokvij-foto-MH-6-311x140.jpg 311w, https:\/\/erim.ief.hr\/wp-content\/uploads\/2023\/04\/3.-erimov-kolokvij-foto-MH-6-450x203.jpg 450w, https:\/\/erim.ief.hr\/wp-content\/uploads\/2023\/04\/3.-erimov-kolokvij-foto-MH-6-466x210.jpg 466w\" sizes=\"(max-width: 1024px) 100vw, 1024px\" \/><\/figure><\/li><li class=\"blocks-gallery-item\"><figure><img loading=\"lazy\" width=\"1024\" height=\"462\" src=\"https:\/\/erim.ief.hr\/wp-content\/uploads\/2023\/04\/3.-erimov-kolokvij-foto-MH-11-1024x462.jpg\" alt=\"\" data-id=\"2908\" data-link=\"https:\/\/erim.ief.hr\/?attachment_id=2908\" class=\"wp-image-2908\" srcset=\"https:\/\/erim.ief.hr\/wp-content\/uploads\/2023\/04\/3.-erimov-kolokvij-foto-MH-11-1024x462.jpg 1024w, https:\/\/erim.ief.hr\/wp-content\/uploads\/2023\/04\/3.-erimov-kolokvij-foto-MH-11-300x135.jpg 300w, https:\/\/erim.ief.hr\/wp-content\/uploads\/2023\/04\/3.-erimov-kolokvij-foto-MH-11-768x346.jpg 768w, https:\/\/erim.ief.hr\/wp-content\/uploads\/2023\/04\/3.-erimov-kolokvij-foto-MH-11-1536x692.jpg 1536w, https:\/\/erim.ief.hr\/wp-content\/uploads\/2023\/04\/3.-erimov-kolokvij-foto-MH-11-2048x923.jpg 2048w, https:\/\/erim.ief.hr\/wp-content\/uploads\/2023\/04\/3.-erimov-kolokvij-foto-MH-11-18x8.jpg 18w, https:\/\/erim.ief.hr\/wp-content\/uploads\/2023\/04\/3.-erimov-kolokvij-foto-MH-11-311x140.jpg 311w, https:\/\/erim.ief.hr\/wp-content\/uploads\/2023\/04\/3.-erimov-kolokvij-foto-MH-11-450x203.jpg 450w, https:\/\/erim.ief.hr\/wp-content\/uploads\/2023\/04\/3.-erimov-kolokvij-foto-MH-11-466x210.jpg 466w\" sizes=\"(max-width: 1024px) 100vw, 1024px\" \/><\/figure><\/li><li class=\"blocks-gallery-item\"><figure><img loading=\"lazy\" width=\"1024\" height=\"462\" src=\"https:\/\/erim.ief.hr\/wp-content\/uploads\/2023\/04\/3.-erimov-kolokvij-foto-MH-10-1024x462.jpg\" alt=\"\" data-id=\"2909\" data-link=\"https:\/\/erim.ief.hr\/?attachment_id=2909\" class=\"wp-image-2909\" srcset=\"https:\/\/erim.ief.hr\/wp-content\/uploads\/2023\/04\/3.-erimov-kolokvij-foto-MH-10-1024x462.jpg 1024w, https:\/\/erim.ief.hr\/wp-content\/uploads\/2023\/04\/3.-erimov-kolokvij-foto-MH-10-300x135.jpg 300w, https:\/\/erim.ief.hr\/wp-content\/uploads\/2023\/04\/3.-erimov-kolokvij-foto-MH-10-768x346.jpg 768w, https:\/\/erim.ief.hr\/wp-content\/uploads\/2023\/04\/3.-erimov-kolokvij-foto-MH-10-1536x692.jpg 1536w, https:\/\/erim.ief.hr\/wp-content\/uploads\/2023\/04\/3.-erimov-kolokvij-foto-MH-10-2048x923.jpg 2048w, https:\/\/erim.ief.hr\/wp-content\/uploads\/2023\/04\/3.-erimov-kolokvij-foto-MH-10-18x8.jpg 18w, https:\/\/erim.ief.hr\/wp-content\/uploads\/2023\/04\/3.-erimov-kolokvij-foto-MH-10-311x140.jpg 311w, https:\/\/erim.ief.hr\/wp-content\/uploads\/2023\/04\/3.-erimov-kolokvij-foto-MH-10-450x203.jpg 450w, https:\/\/erim.ief.hr\/wp-content\/uploads\/2023\/04\/3.-erimov-kolokvij-foto-MH-10-466x210.jpg 466w\" sizes=\"(max-width: 1024px) 100vw, 1024px\" \/><\/figure><\/li><li class=\"blocks-gallery-item\"><figure><img loading=\"lazy\" width=\"1024\" height=\"462\" src=\"https:\/\/erim.ief.hr\/wp-content\/uploads\/2023\/04\/3.-erimov-kolokvij-foto-MH-9-1-1024x462.jpg\" alt=\"\" data-id=\"2912\" data-full-url=\"https:\/\/erim.ief.hr\/wp-content\/uploads\/2023\/04\/3.-erimov-kolokvij-foto-MH-9-1-scaled.jpg\" data-link=\"https:\/\/erim.ief.hr\/?attachment_id=2912\" class=\"wp-image-2912\" srcset=\"https:\/\/erim.ief.hr\/wp-content\/uploads\/2023\/04\/3.-erimov-kolokvij-foto-MH-9-1-1024x462.jpg 1024w, https:\/\/erim.ief.hr\/wp-content\/uploads\/2023\/04\/3.-erimov-kolokvij-foto-MH-9-1-300x135.jpg 300w, https:\/\/erim.ief.hr\/wp-content\/uploads\/2023\/04\/3.-erimov-kolokvij-foto-MH-9-1-768x346.jpg 768w, https:\/\/erim.ief.hr\/wp-content\/uploads\/2023\/04\/3.-erimov-kolokvij-foto-MH-9-1-1536x692.jpg 1536w, https:\/\/erim.ief.hr\/wp-content\/uploads\/2023\/04\/3.-erimov-kolokvij-foto-MH-9-1-2048x923.jpg 2048w, https:\/\/erim.ief.hr\/wp-content\/uploads\/2023\/04\/3.-erimov-kolokvij-foto-MH-9-1-18x8.jpg 18w, https:\/\/erim.ief.hr\/wp-content\/uploads\/2023\/04\/3.-erimov-kolokvij-foto-MH-9-1-311x140.jpg 311w, https:\/\/erim.ief.hr\/wp-content\/uploads\/2023\/04\/3.-erimov-kolokvij-foto-MH-9-1-450x203.jpg 450w, https:\/\/erim.ief.hr\/wp-content\/uploads\/2023\/04\/3.-erimov-kolokvij-foto-MH-9-1-466x210.jpg 466w\" sizes=\"(max-width: 1024px) 100vw, 1024px\" \/><\/figure><\/li><\/ul><figcaption class=\"blocks-gallery-caption\">Tre\u0107i ERIM-ov kolokvij. IEF, Zagreb. Foto: Marijana Hamer\u0161ak<\/figcaption><\/figure>","protected":false},"excerpt":{"rendered":"<p>Na Institut u za etnologiju i folkloristiku 31. 3. 2023. odr\u017ean je Tre\u0107i ERIM-ov kolokvij na kojem su svoje recentne autorske i suautorske radove izlo\u017eili: Du\u0161ko Petrovi\u0107 i Ur\u0161ula &hellip;<\/p>","protected":false},"author":2,"featured_media":2905,"comment_status":"closed","ping_status":"closed","sticky":false,"template":"","format":"standard","meta":{"_monsterinsights_skip_tracking":false,"_monsterinsights_sitenote_active":false,"_monsterinsights_sitenote_note":"","_monsterinsights_sitenote_category":0,"kk_blocks_editor_width":"","_kiokenblocks_attr":"","_kiokenblocks_dimensions":""},"categories":[66,28,68,4],"tags":[],"aioseo_notices":[],"featured_image_src":"https:\/\/erim.ief.hr\/wp-content\/uploads\/2023\/04\/3.-erimov-kolokvij-foto-MH-9-scaled.jpg","featured_image_src_square":"https:\/\/erim.ief.hr\/wp-content\/uploads\/2023\/04\/3.-erimov-kolokvij-foto-MH-9-scaled.jpg","author_info":{"display_name":"Marijana Hamersak","author_link":"https:\/\/erim.ief.hr\/en\/author\/marijana\/"},"category_info":"<a href=\"https:\/\/erim.ief.hr\/en\/category\/predavanja-i-tribine\/predavanja-tribine\/kolokviji-iii\/\" rel=\"category tag\">kolokviji III<\/a>, <a href=\"https:\/\/erim.ief.hr\/en\/category\/predavanja-i-tribine\/predavanja-tribine\/\" rel=\"category tag\">predavanja i tribine<\/a>, <a href=\"https:\/\/erim.ief.hr\/en\/category\/predavanja-i-tribine\/predavanja-tribine\/tribine-iii\/\" rel=\"category tag\">tribine III<\/a>, <a href=\"https:\/\/erim.ief.hr\/en\/category\/predavanja-i-tribine\/\" rel=\"category tag\">znanstvene konferencije, predavanja i tribine<\/a>","tags_info":"","social_share_info":"<a data-share=\"facebook\" href=\"https:\/\/www.facebook.com\/sharer.php?u=https:\/\/erim.ief.hr\/en\/predavanja-i-tribine\/odrzan-treci-erim-ov-kolokvij\/\" class=\"tb-facebook-share social-share-default tb-social-share\" target=\"_blank\"><i class=\"fab fa-facebook-f\" aria-hidden=\"true\"><\/i><\/a><a data-share=\"twitter\" href=\"https:\/\/twitter.com\/share?url=https:\/\/erim.ief.hr\/en\/predavanja-i-tribine\/odrzan-treci-erim-ov-kolokvij\/\" class=\"tb-twiiter-share social-share-default tb-social-share\" target=\"_blank\"><i class=\"fab fa-twitter\" aria-hidden=\"true\"><\/i><\/a><a data-share=\"linkedin\" href=\"https:\/\/www.linkedin.com\/shareArticle?url=https:\/\/erim.ief.hr\/en\/predavanja-i-tribine\/odrzan-treci-erim-ov-kolokvij\/\" class=\"tb-linkedin-share social-share-default tb-social-share\" target=\"_blank\"><i class=\"fab fa-linkedin-in\" aria-hidden=\"true\"><\/i><\/a>","wordExcerpt_info":"<p><!-- wp:paragraph {\"kioblocks\":[]} --><\/p>\n<p>Na Institut u za etnologiju i folkloristiku 31. 3. 2023. odr\u017ean je Tre\u0107i ERIM-ov kolokvij na kojem su svoje recentne autorske i suautorske radove izlo\u017eili: Du\u0161ko Petrovi\u0107 i Ur\u0161ula Lipovec \u010cebron. Na Tre\u0107em ERIM-ovom kolokviju predsatvljeni su radovi: <\/p>\n<p><!-- \/wp:paragraph --><\/p>\n<p><!-- wp:paragraph {\"kioblocks\":[]} --><\/p>\n<p>Petrovi\u0107, Du\u0161ko. 2022. \u201c<a href=\"https:\/\/hrcak.srce.hr\/file\/417728\" target=\"_blank\" rel=\"noreferrer noopener\">Posrnuli suverenitet? Dva slu\u010daja posrnu\u0107a suvereniteta nacije dr\u017eave na primjeru Hrvatske<\/a>\u201d.&nbsp;<em>sic: \u010dasopis za knji\u017eevnost, kulturu i knji\u017eevno prevo\u0111enje<\/em>&nbsp;13\/1.<\/p>\n<p><!-- \/wp:paragraph --><\/p>\n<p><!-- wp:paragraph {\"kioblocks\":[]} --><\/p>\n<p>Lipovec \u010cebron, Ur\u0161ula &amp; Ju\u0161 \u0160kraban. 2022. \u201c<a href=\"https:\/\/ee.openlibhums.org\/article\/id\/3103\/\" target=\"_blank\" rel=\"noreferrer noopener\">Intercultural Mediation and its Conflicting Allegiances in Slovenia<\/a>\u201d.&nbsp;<em>Ethnologia Europaea<\/em>&nbsp;52\/2: 1\u201323.<\/p>\n<p><!-- \/wp:paragraph --><\/p>\n<p><!-- wp:gallery {\"ids\":[2911,2904,2908,2909,2912],\"linkTo\":\"none\",\"kioblocks\":[]} --><\/p>\n<figure class=\"wp-block-gallery columns-3 is-cropped\">\n<ul class=\"blocks-gallery-grid\">\n<li class=\"blocks-gallery-item\">\n<figure><img loading=\"lazy\" width=\"1024\" height=\"462\" src=\"https:\/\/erim.ief.hr\/wp-content\/uploads\/2023\/04\/3.-erimov-kolokvij-foto-MH-3-1-1024x462.jpg\" alt=\"\" data-id=\"2911\" data-link=\"https:\/\/erim.ief.hr\/?attachment_id=2911\" class=\"wp-image-2911\" \/><\/figure>\n<\/li>\n<li class=\"blocks-gallery-item\">\n<figure><img loading=\"lazy\" width=\"1024\" height=\"462\" src=\"https:\/\/erim.ief.hr\/wp-content\/uploads\/2023\/04\/3.-erimov-kolokvij-foto-MH-6-1024x462.jpg\" alt=\"\" data-id=\"2904\" data-link=\"https:\/\/erim.ief.hr\/?attachment_id=2904\" class=\"wp-image-2904\" \/><\/figure>\n<\/li>\n<li class=\"blocks-gallery-item\">\n<figure><img loading=\"lazy\" width=\"1024\" height=\"462\" src=\"https:\/\/erim.ief.hr\/wp-content\/uploads\/2023\/04\/3.-erimov-kolokvij-foto-MH-11-1024x462.jpg\" alt=\"\" data-id=\"2908\" data-link=\"https:\/\/erim.ief.hr\/?attachment_id=2908\" class=\"wp-image-2908\" \/><\/figure>\n<\/li>\n<li class=\"blocks-gallery-item\">\n<figure><img loading=\"lazy\" width=\"1024\" height=\"462\" src=\"https:\/\/erim.ief.hr\/wp-content\/uploads\/2023\/04\/3.-erimov-kolokvij-foto-MH-10-1024x462.jpg\" alt=\"\" data-id=\"2909\" data-link=\"https:\/\/erim.ief.hr\/?attachment_id=2909\" class=\"wp-image-2909\" \/><\/figure>\n<\/li>\n<li class=\"blocks-gallery-item\">\n<figure><img loading=\"lazy\" width=\"1024\" height=\"462\" src=\"https:\/\/erim.ief.hr\/wp-content\/uploads\/2023\/04\/3.-erimov-kolokvij-foto-MH-9-1-1024x462.jpg\" alt=\"\" data-id=\"2912\" data-full-url=\"https:\/\/erim.ief.hr\/wp-content\/uploads\/2023\/04\/3.-erimov-kolokvij-foto-MH-9-1-scaled.jpg\" data-link=\"https:\/\/erim.ief.hr\/?attachment_id=2912\" class=\"wp-image-2912\" \/><\/figure>\n<\/li>\n<\/ul><figcaption class=\"blocks-gallery-caption\">Tre\u0107i ERIM-ov kolokvij. IEF, Zagreb. Foto: Marijana Hamer\u0161ak<\/figcaption><\/figure>\n<p><!-- \/wp:gallery --><\/p>\n","comment_info":"0","_links":{"self":[{"href":"https:\/\/erim.ief.hr\/en\/wp-json\/wp\/v2\/posts\/2902"}],"collection":[{"href":"https:\/\/erim.ief.hr\/en\/wp-json\/wp\/v2\/posts"}],"about":[{"href":"https:\/\/erim.ief.hr\/en\/wp-json\/wp\/v2\/types\/post"}],"author":[{"embeddable":true,"href":"https:\/\/erim.ief.hr\/en\/wp-json\/wp\/v2\/users\/2"}],"replies":[{"embeddable":true,"href":"https:\/\/erim.ief.hr\/en\/wp-json\/wp\/v2\/comments?post=2902"}],"version-history":[{"count":2,"href":"https:\/\/erim.ief.hr\/en\/wp-json\/wp\/v2\/posts\/2902\/revisions"}],"predecessor-version":[{"id":2971,"href":"https:\/\/erim.ief.hr\/en\/wp-json\/wp\/v2\/posts\/2902\/revisions\/2971"}],"wp:featuredmedia":[{"embeddable":true,"href":"https:\/\/erim.ief.hr\/en\/wp-json\/wp\/v2\/media\/2905"}],"wp:attachment":[{"href":"https:\/\/erim.ief.hr\/en\/wp-json\/wp\/v2\/media?parent=2902"}],"wp:term":[{"taxonomy":"category","embeddable":true,"href":"https:\/\/erim.ief.hr\/en\/wp-json\/wp\/v2\/categories?post=2902"},{"taxonomy":"post_tag","embeddable":true,"href":"https:\/\/erim.ief.hr\/en\/wp-json\/wp\/v2\/tags?post=2902"}],"curies":[{"name":"wp","href":"https:\/\/api.w.org\/{rel}","templated":true}]}}