{"id":2929,"date":"2023-04-27T22:32:23","date_gmt":"2023-04-27T20:32:23","guid":{"rendered":"https:\/\/erim.ief.hr\/?p=2929"},"modified":"2024-06-18T21:08:44","modified_gmt":"2024-06-18T19:08:44","slug":"odrzan-seminar-on-the-border","status":"publish","type":"post","link":"https:\/\/erim.ief.hr\/en\/predavanja-i-tribine\/odrzan-seminar-on-the-border\/","title":{"rendered":"U Gruszkiju odr\u017ean me\u0111unarodni Seminar on the Border"},"content":{"rendered":"<p>U okviru ciklusa Seminara na granici poljske inicijative Badaczki i Badacze na Granicy u Gruszkiju u Poljskoj je od 21. do 24. travnja 2023. godine  odr\u017eano me\u0111unarodno izdanje seminara. U  tri dana i osam panela izlo\u017eeno je gotovo trideset radova. Seminar on the Border  organizirali su Badaczki i Badacze na Granicy, Laboratorij za kriti\u010dko istra\u017eivanje migracija i grani\u010dnog re\u017eima Sveu\u010dili\u0161ta u G\u00f6ttingenu i ERIM, a na na njemu su izlagala i \u010detiri suradnika ERIM-a: Du\u0161ko Petrovi\u0107, Marijana Hamer\u0161ak, Marta Stoji\u0107 Mitrovi\u0107 i Jelka Zorn.<\/p>\n\n\n\n<div class=\"wp-block-file\"><a href=\"https:\/\/erim.ief.hr\/wp-content\/uploads\/2023\/04\/Seminar-on-the-Border-April-21-24_Agenda-final.pdf\">Program Seminar on the Border<\/a><a href=\"https:\/\/erim.ief.hr\/wp-content\/uploads\/2023\/04\/Seminar-on-the-Border-April-21-24_Agenda-final.pdf\" class=\"wp-block-file__button\" download>Preuzmi<\/a><\/div>\n\n\n\n<div class=\"wp-block-file\"><a href=\"https:\/\/erim.ief.hr\/wp-content\/uploads\/2023\/04\/JZ-2023-Seminar-on-the-Border.pdf\">Jelka Zorn State hunger for power, obsession with borders and resistance of the Erased as the<br>base for other workers_migrants struggles<\/a><a href=\"https:\/\/erim.ief.hr\/wp-content\/uploads\/2023\/04\/JZ-2023-Seminar-on-the-Border.pdf\" class=\"wp-block-file__button\" download>Preuzmi<\/a><\/div>\n\n\n\n<div class=\"wp-block-file\"><a href=\"https:\/\/erim.ief.hr\/wp-content\/uploads\/2023\/04\/MMS-2023-Seminar-on-the-Border.pdf\">Marta Stoji\u0107 Mitrovi\u0107 Becoming an external border of the EU: Serbia, as a part of the Western Balkans<\/a><a href=\"https:\/\/erim.ief.hr\/wp-content\/uploads\/2023\/04\/MMS-2023-Seminar-on-the-Border.pdf\" class=\"wp-block-file__button\" download>Preuzmi<\/a><\/div>\n\n\n\n<div class=\"wp-block-file\"><a href=\"https:\/\/erim.ief.hr\/wp-content\/uploads\/2023\/04\/MH-2023-Seminar-on-the-Border.pdf\">Marijana Hamer\u0161ak Border Deaths along Balkan Migratory Trail and their Research<\/a><a href=\"https:\/\/erim.ief.hr\/wp-content\/uploads\/2023\/04\/MH-2023-Seminar-on-the-Border.pdf\" class=\"wp-block-file__button\" download>Preuzmi<\/a><\/div>\n\n\n\n<figure class=\"wp-block-gallery columns-2 is-cropped\"><ul class=\"blocks-gallery-grid\"><li class=\"blocks-gallery-item\"><figure><img loading=\"lazy\" width=\"1024\" height=\"461\" src=\"https:\/\/erim.ief.hr\/wp-content\/uploads\/2023\/04\/Seminar-on-the-Border-21-23.-4.-2023.-MH-63-1024x461.jpg\" alt=\"\" data-id=\"2936\" data-link=\"https:\/\/erim.ief.hr\/?attachment_id=2936\" class=\"wp-image-2936\" srcset=\"https:\/\/erim.ief.hr\/wp-content\/uploads\/2023\/04\/Seminar-on-the-Border-21-23.-4.-2023.-MH-63-1024x461.jpg 1024w, https:\/\/erim.ief.hr\/wp-content\/uploads\/2023\/04\/Seminar-on-the-Border-21-23.-4.-2023.-MH-63-300x135.jpg 300w, https:\/\/erim.ief.hr\/wp-content\/uploads\/2023\/04\/Seminar-on-the-Border-21-23.-4.-2023.-MH-63-768x346.jpg 768w, https:\/\/erim.ief.hr\/wp-content\/uploads\/2023\/04\/Seminar-on-the-Border-21-23.-4.-2023.-MH-63-1536x691.jpg 1536w, https:\/\/erim.ief.hr\/wp-content\/uploads\/2023\/04\/Seminar-on-the-Border-21-23.-4.-2023.-MH-63-2048x922.jpg 2048w, https:\/\/erim.ief.hr\/wp-content\/uploads\/2023\/04\/Seminar-on-the-Border-21-23.-4.-2023.-MH-63-18x8.jpg 18w, https:\/\/erim.ief.hr\/wp-content\/uploads\/2023\/04\/Seminar-on-the-Border-21-23.-4.-2023.-MH-63-311x140.jpg 311w, https:\/\/erim.ief.hr\/wp-content\/uploads\/2023\/04\/Seminar-on-the-Border-21-23.-4.-2023.-MH-63-450x203.jpg 450w, https:\/\/erim.ief.hr\/wp-content\/uploads\/2023\/04\/Seminar-on-the-Border-21-23.-4.-2023.-MH-63-467x210.jpg 467w\" sizes=\"(max-width: 1024px) 100vw, 1024px\" \/><\/figure><\/li><li class=\"blocks-gallery-item\"><figure><img loading=\"lazy\" width=\"1024\" height=\"462\" src=\"https:\/\/erim.ief.hr\/wp-content\/uploads\/2023\/04\/Seminar-on-the-Border-21-23.-4.-2023.-MH-21-1024x462.jpg\" alt=\"\" data-id=\"2937\" data-link=\"https:\/\/erim.ief.hr\/?attachment_id=2937\" class=\"wp-image-2937\" srcset=\"https:\/\/erim.ief.hr\/wp-content\/uploads\/2023\/04\/Seminar-on-the-Border-21-23.-4.-2023.-MH-21-1024x462.jpg 1024w, https:\/\/erim.ief.hr\/wp-content\/uploads\/2023\/04\/Seminar-on-the-Border-21-23.-4.-2023.-MH-21-300x135.jpg 300w, https:\/\/erim.ief.hr\/wp-content\/uploads\/2023\/04\/Seminar-on-the-Border-21-23.-4.-2023.-MH-21-768x346.jpg 768w, https:\/\/erim.ief.hr\/wp-content\/uploads\/2023\/04\/Seminar-on-the-Border-21-23.-4.-2023.-MH-21-1536x692.jpg 1536w, https:\/\/erim.ief.hr\/wp-content\/uploads\/2023\/04\/Seminar-on-the-Border-21-23.-4.-2023.-MH-21-2048x923.jpg 2048w, https:\/\/erim.ief.hr\/wp-content\/uploads\/2023\/04\/Seminar-on-the-Border-21-23.-4.-2023.-MH-21-18x8.jpg 18w, https:\/\/erim.ief.hr\/wp-content\/uploads\/2023\/04\/Seminar-on-the-Border-21-23.-4.-2023.-MH-21-311x140.jpg 311w, https:\/\/erim.ief.hr\/wp-content\/uploads\/2023\/04\/Seminar-on-the-Border-21-23.-4.-2023.-MH-21-450x203.jpg 450w, https:\/\/erim.ief.hr\/wp-content\/uploads\/2023\/04\/Seminar-on-the-Border-21-23.-4.-2023.-MH-21-466x210.jpg 466w\" sizes=\"(max-width: 1024px) 100vw, 1024px\" \/><\/figure><\/li><\/ul><figcaption class=\"blocks-gallery-caption\">Seminar on the Border, Gruszki, 21-24. 4. 2023. Photo: Marijana Hamer\u0161ak<\/figcaption><\/figure>\n\n\n\n<p><\/p>","protected":false},"excerpt":{"rendered":"<p>U okviru ciklusa Seminara na granici poljske inicijative Badaczki i Badacze na Granicy u Gruszkiju u Poljskoj je od 21. do 24. travnja 2023. godine odr\u017eano me\u0111unarodno izdanje seminara. &hellip;<\/p>","protected":false},"author":2,"featured_media":2938,"comment_status":"closed","ping_status":"closed","sticky":false,"template":"","format":"standard","meta":{"_monsterinsights_skip_tracking":false,"_monsterinsights_sitenote_active":false,"_monsterinsights_sitenote_note":"","_monsterinsights_sitenote_category":0,"kk_blocks_editor_width":"","_kiokenblocks_attr":"","_kiokenblocks_dimensions":""},"categories":[29,47,5,69,4],"tags":[],"aioseo_notices":[],"featured_image_src":"https:\/\/erim.ief.hr\/wp-content\/uploads\/2023\/04\/Seminar-on-the-Border-21-23.-4.-2023.-MH-34-1-scaled.jpg","featured_image_src_square":"https:\/\/erim.ief.hr\/wp-content\/uploads\/2023\/04\/Seminar-on-the-Border-21-23.-4.-2023.-MH-34-1-scaled.jpg","author_info":{"display_name":"Marijana Hamersak","author_link":"https:\/\/erim.ief.hr\/en\/author\/marijana\/"},"category_info":"<a href=\"https:\/\/erim.ief.hr\/en\/category\/radionice-i-sastanci\/\" rel=\"category tag\">sastanci, radionice i seminari<\/a>, <a href=\"https:\/\/erim.ief.hr\/en\/category\/radionice-i-sastanci\/napredni-seminar\/\" rel=\"category tag\">seminar<\/a>, <a href=\"https:\/\/erim.ief.hr\/en\/category\/predavanja-i-tribine\/konferencije\/\" rel=\"category tag\">znanstvene konferencije<\/a>, <a href=\"https:\/\/erim.ief.hr\/en\/category\/predavanja-i-tribine\/konferencije\/znanstvene-konferencije-iii\/\" rel=\"category tag\">znanstvene konferencije III<\/a>, <a href=\"https:\/\/erim.ief.hr\/en\/category\/predavanja-i-tribine\/\" rel=\"category tag\">znanstvene konferencije, predavanja i tribine<\/a>","tags_info":"","social_share_info":"<a data-share=\"facebook\" href=\"https:\/\/www.facebook.com\/sharer.php?u=https:\/\/erim.ief.hr\/en\/predavanja-i-tribine\/odrzan-seminar-on-the-border\/\" class=\"tb-facebook-share social-share-default tb-social-share\" target=\"_blank\"><i class=\"fab fa-facebook-f\" aria-hidden=\"true\"><\/i><\/a><a data-share=\"twitter\" href=\"https:\/\/twitter.com\/share?url=https:\/\/erim.ief.hr\/en\/predavanja-i-tribine\/odrzan-seminar-on-the-border\/\" class=\"tb-twiiter-share social-share-default tb-social-share\" target=\"_blank\"><i class=\"fab fa-twitter\" aria-hidden=\"true\"><\/i><\/a><a data-share=\"linkedin\" href=\"https:\/\/www.linkedin.com\/shareArticle?url=https:\/\/erim.ief.hr\/en\/predavanja-i-tribine\/odrzan-seminar-on-the-border\/\" class=\"tb-linkedin-share social-share-default tb-social-share\" target=\"_blank\"><i class=\"fab fa-linkedin-in\" aria-hidden=\"true\"><\/i><\/a>","wordExcerpt_info":"<p><!-- wp:paragraph {\"kioblocks\":[]} --><\/p>\n<p>U okviru ciklusa Seminara na granici poljske inicijative Badaczki i Badacze na Granicy u Gruszkiju u Poljskoj je od 21. do 24. travnja 2023. godine  odr\u017eano me\u0111unarodno izdanje seminara. U  tri dana i osam panela izlo\u017eeno je gotovo trideset radova. Seminar on the Border  organizirali su Badaczki i Badacze na Granicy, Laboratorij za kriti\u010dko istra\u017eivanje migracija i grani\u010dnog re\u017eima Sveu\u010dili\u0161ta u G\u00f6ttingenu i ERIM, a na na njemu su izlagala i \u010detiri suradnika ERIM-a: Du\u0161ko Petrovi\u0107, Marijana Hamer\u0161ak, Marta Stoji\u0107 Mitrovi\u0107 i Jelka Zorn.<\/p>\n<p><!-- \/wp:paragraph --><\/p>\n<p><!-- wp:file {\"id\":2930,\"href\":\"https:\\\/\\\/erim.ief.hr\\\/wp-content\\\/uploads\\\/2023\\\/04\\\/Seminar-on-the-Border-April-21-24_Agenda-final.pdf\",\"kioblocks\":[]} --><\/p>\n<div class=\"wp-block-file\"><a href=\"https:\/\/erim.ief.hr\/wp-content\/uploads\/2023\/04\/Seminar-on-the-Border-April-21-24_Agenda-final.pdf\">Program Seminar on the Border<\/a><a href=\"https:\/\/erim.ief.hr\/wp-content\/uploads\/2023\/04\/Seminar-on-the-Border-April-21-24_Agenda-final.pdf\" class=\"wp-block-file__button\" download>Preuzmi<\/a><\/div>\n<p><!-- \/wp:file --><\/p>\n<p><!-- wp:file {\"id\":2932,\"href\":\"https:\\\/\\\/erim.ief.hr\\\/wp-content\\\/uploads\\\/2023\\\/04\\\/JZ-2023-Seminar-on-the-Border.pdf\",\"kioblocks\":[]} --><\/p>\n<div class=\"wp-block-file\"><a href=\"https:\/\/erim.ief.hr\/wp-content\/uploads\/2023\/04\/JZ-2023-Seminar-on-the-Border.pdf\">Jelka Zorn State hunger for power, obsession with borders and resistance of the Erased as the<br \/>base for other workers_migrants struggles<\/a><a href=\"https:\/\/erim.ief.hr\/wp-content\/uploads\/2023\/04\/JZ-2023-Seminar-on-the-Border.pdf\" class=\"wp-block-file__button\" download>Preuzmi<\/a><\/div>\n<p><!-- \/wp:file --><\/p>\n<p><!-- wp:file {\"id\":2933,\"href\":\"https:\\\/\\\/erim.ief.hr\\\/wp-content\\\/uploads\\\/2023\\\/04\\\/MMS-2023-Seminar-on-the-Border.pdf\",\"kioblocks\":[]} --><\/p>\n<div class=\"wp-block-file\"><a href=\"https:\/\/erim.ief.hr\/wp-content\/uploads\/2023\/04\/MMS-2023-Seminar-on-the-Border.pdf\">Marta Stoji\u0107 Mitrovi\u0107 Becoming an external border of the EU: Serbia, as a part of the Western Balkans<\/a><a href=\"https:\/\/erim.ief.hr\/wp-content\/uploads\/2023\/04\/MMS-2023-Seminar-on-the-Border.pdf\" class=\"wp-block-file__button\" download>Preuzmi<\/a><\/div>\n<p><!-- \/wp:file --><\/p>\n<p><!-- wp:file {\"id\":2934,\"href\":\"https:\\\/\\\/erim.ief.hr\\\/wp-content\\\/uploads\\\/2023\\\/04\\\/MH-2023-Seminar-on-the-Border.pdf\",\"kioblocks\":[]} --><\/p>\n<div class=\"wp-block-file\"><a href=\"https:\/\/erim.ief.hr\/wp-content\/uploads\/2023\/04\/MH-2023-Seminar-on-the-Border.pdf\">Marijana Hamer\u0161ak Border Deaths along Balkan Migratory Trail and their Research<\/a><a href=\"https:\/\/erim.ief.hr\/wp-content\/uploads\/2023\/04\/MH-2023-Seminar-on-the-Border.pdf\" class=\"wp-block-file__button\" download>Preuzmi<\/a><\/div>\n<p><!-- \/wp:file --><\/p>\n<p><!-- wp:gallery {\"ids\":[2936,2937],\"linkTo\":\"none\",\"kioblocks\":[]} --><\/p>\n<figure class=\"wp-block-gallery columns-2 is-cropped\">\n<ul class=\"blocks-gallery-grid\">\n<li class=\"blocks-gallery-item\">\n<figure><img loading=\"lazy\" width=\"1024\" height=\"461\" src=\"https:\/\/erim.ief.hr\/wp-content\/uploads\/2023\/04\/Seminar-on-the-Border-21-23.-4.-2023.-MH-63-1024x461.jpg\" alt=\"\" data-id=\"2936\" data-link=\"https:\/\/erim.ief.hr\/?attachment_id=2936\" class=\"wp-image-2936\" \/><\/figure>\n<\/li>\n<li class=\"blocks-gallery-item\">\n<figure><img loading=\"lazy\" width=\"1024\" height=\"462\" src=\"https:\/\/erim.ief.hr\/wp-content\/uploads\/2023\/04\/Seminar-on-the-Border-21-23.-4.-2023.-MH-21-1024x462.jpg\" alt=\"\" data-id=\"2937\" data-link=\"https:\/\/erim.ief.hr\/?attachment_id=2937\" class=\"wp-image-2937\" \/><\/figure>\n<\/li>\n<\/ul><figcaption class=\"blocks-gallery-caption\">Seminar on the Border, Gruszki, 21-24. 4. 2023. Photo: Marijana Hamer\u0161ak<\/figcaption><\/figure>\n<p><!-- \/wp:gallery --><\/p>\n<p><!-- wp:paragraph {\"kioblocks\":[]} --><\/p>\n<p><!-- \/wp:paragraph --><\/p>\n","comment_info":"0","_links":{"self":[{"href":"https:\/\/erim.ief.hr\/en\/wp-json\/wp\/v2\/posts\/2929"}],"collection":[{"href":"https:\/\/erim.ief.hr\/en\/wp-json\/wp\/v2\/posts"}],"about":[{"href":"https:\/\/erim.ief.hr\/en\/wp-json\/wp\/v2\/types\/post"}],"author":[{"embeddable":true,"href":"https:\/\/erim.ief.hr\/en\/wp-json\/wp\/v2\/users\/2"}],"replies":[{"embeddable":true,"href":"https:\/\/erim.ief.hr\/en\/wp-json\/wp\/v2\/comments?post=2929"}],"version-history":[{"count":5,"href":"https:\/\/erim.ief.hr\/en\/wp-json\/wp\/v2\/posts\/2929\/revisions"}],"predecessor-version":[{"id":3665,"href":"https:\/\/erim.ief.hr\/en\/wp-json\/wp\/v2\/posts\/2929\/revisions\/3665"}],"wp:featuredmedia":[{"embeddable":true,"href":"https:\/\/erim.ief.hr\/en\/wp-json\/wp\/v2\/media\/2938"}],"wp:attachment":[{"href":"https:\/\/erim.ief.hr\/en\/wp-json\/wp\/v2\/media?parent=2929"}],"wp:term":[{"taxonomy":"category","embeddable":true,"href":"https:\/\/erim.ief.hr\/en\/wp-json\/wp\/v2\/categories?post=2929"},{"taxonomy":"post_tag","embeddable":true,"href":"https:\/\/erim.ief.hr\/en\/wp-json\/wp\/v2\/tags?post=2929"}],"curies":[{"name":"wp","href":"https:\/\/api.w.org\/{rel}","templated":true}]}}