{"id":2989,"date":"2023-06-08T07:26:57","date_gmt":"2023-06-08T05:26:57","guid":{"rendered":"https:\/\/erim.ief.hr\/?p=2989"},"modified":"2023-06-20T18:49:27","modified_gmt":"2023-06-20T16:49:27","slug":"studentsko-usavrsavanje-eva-kolbas","status":"publish","type":"post","link":"https:\/\/erim.ief.hr\/en\/studijski-boravci\/studentsko-usavrsavanje-eva-kolbas\/","title":{"rendered":"Studentsko usavr\u0161avanje: Eva Kolbas"},"content":{"rendered":"<div class=\"wp-block-media-text alignwide has-media-on-the-right is-stacked-on-mobile is-vertically-aligned-top\"><figure class=\"wp-block-media-text__media\"><img loading=\"lazy\" width=\"471\" height=\"629\" src=\"https:\/\/erim.ief.hr\/wp-content\/uploads\/2023\/06\/eva-kolbas.jpg\" alt=\"\" class=\"wp-image-2991 size-full\" srcset=\"https:\/\/erim.ief.hr\/wp-content\/uploads\/2023\/06\/eva-kolbas.jpg 471w, https:\/\/erim.ief.hr\/wp-content\/uploads\/2023\/06\/eva-kolbas-225x300.jpg 225w, https:\/\/erim.ief.hr\/wp-content\/uploads\/2023\/06\/eva-kolbas-9x12.jpg 9w, https:\/\/erim.ief.hr\/wp-content\/uploads\/2023\/06\/eva-kolbas-105x140.jpg 105w, https:\/\/erim.ief.hr\/wp-content\/uploads\/2023\/06\/eva-kolbas-450x601.jpg 450w, https:\/\/erim.ief.hr\/wp-content\/uploads\/2023\/06\/eva-kolbas-157x210.jpg 157w\" sizes=\"(max-width: 471px) 100vw, 471px\" \/><\/figure><div class=\"wp-block-media-text__content\">\n<p style=\"font-size:25px\">Eva Kolbas zavr\u0161ila je preddiplomski studij politi\u010dkih znanosti na istra\u017eiva\u010dkom sveu\u010dili\u0161tu Sciences Po u Francuskoj te nastavlja diplomski studij istra\u017eivanja u komparativnoj politici u istom sveu\u010dili\u0161tu. Na ERIM-u je na studentskom usavr\u0161avanju od 5. lipnja do 21. srpnja 2023. godine. Zanimaju je ljudska prava i migracijski re\u017eimi u Europi i \u0161ire.<\/p>\n\n\n\n<p>Foto: Lara \u0106ati\u0107<\/p>\n<\/div><\/div>","protected":false},"excerpt":{"rendered":"<p>Eva Kolbas zavr\u0161ila je preddiplomski studij politi\u010dkih znanosti na istra\u017eiva\u010dkom sveu\u010dili\u0161tu Sciences Po u Francuskoj te nastavlja diplomski studij istra\u017eivanja u komparativnoj politici u istom sveu\u010dili\u0161tu. Na ERIM-u je &hellip;<\/p>","protected":false},"author":2,"featured_media":2991,"comment_status":"closed","ping_status":"closed","sticky":false,"template":"","format":"standard","meta":{"_monsterinsights_skip_tracking":false,"_monsterinsights_sitenote_active":false,"_monsterinsights_sitenote_note":"","_monsterinsights_sitenote_category":0,"kk_blocks_editor_width":"","_kiokenblocks_attr":"","_kiokenblocks_dimensions":""},"categories":[15,61],"tags":[],"aioseo_notices":[],"featured_image_src":"https:\/\/erim.ief.hr\/wp-content\/uploads\/2023\/06\/eva-kolbas.jpg","featured_image_src_square":"https:\/\/erim.ief.hr\/wp-content\/uploads\/2023\/06\/eva-kolbas.jpg","author_info":{"display_name":"Marijana Hamersak","author_link":"https:\/\/erim.ief.hr\/en\/author\/marijana\/"},"category_info":"<a href=\"https:\/\/erim.ief.hr\/en\/category\/studijski-boravci\/\" rel=\"category tag\">studijski boravci i usavr\u0161avanja<\/a>, <a href=\"https:\/\/erim.ief.hr\/en\/category\/studijski-boravci\/studijski-boravci-iii\/\" rel=\"category tag\">studijski boravci III<\/a>","tags_info":"","social_share_info":"<a data-share=\"facebook\" href=\"https:\/\/www.facebook.com\/sharer.php?u=https:\/\/erim.ief.hr\/en\/studijski-boravci\/studentsko-usavrsavanje-eva-kolbas\/\" class=\"tb-facebook-share social-share-default tb-social-share\" target=\"_blank\"><i class=\"fab fa-facebook-f\" aria-hidden=\"true\"><\/i><\/a><a data-share=\"twitter\" href=\"https:\/\/twitter.com\/share?url=https:\/\/erim.ief.hr\/en\/studijski-boravci\/studentsko-usavrsavanje-eva-kolbas\/\" class=\"tb-twiiter-share social-share-default tb-social-share\" target=\"_blank\"><i class=\"fab fa-twitter\" aria-hidden=\"true\"><\/i><\/a><a data-share=\"linkedin\" href=\"https:\/\/www.linkedin.com\/shareArticle?url=https:\/\/erim.ief.hr\/en\/studijski-boravci\/studentsko-usavrsavanje-eva-kolbas\/\" class=\"tb-linkedin-share social-share-default tb-social-share\" target=\"_blank\"><i class=\"fab fa-linkedin-in\" aria-hidden=\"true\"><\/i><\/a>","wordExcerpt_info":"<p><!-- wp:media-text {\"mediaPosition\":\"right\",\"mediaId\":2991,\"mediaLink\":\"https:\\\/\\\/erim.ief.hr\\\/?attachment_id=2991\",\"mediaType\":\"image\",\"verticalAlignment\":\"top\",\"kioblocks\":[]} --><\/p>\n<div class=\"wp-block-media-text alignwide has-media-on-the-right is-stacked-on-mobile is-vertically-aligned-top\">\n<figure class=\"wp-block-media-text__media\"><img loading=\"lazy\" width=\"471\" height=\"629\" src=\"https:\/\/erim.ief.hr\/wp-content\/uploads\/2023\/06\/eva-kolbas.jpg\" alt=\"\" class=\"wp-image-2991 size-full\" \/><\/figure>\n<div class=\"wp-block-media-text__content\"><!-- wp:paragraph {\"placeholder\":\"Sadr\\u017eaj\\u2026\",\"style\":{\"typography\":{\"fontSize\":25}},\"kioblocks\":[]} --><\/p>\n<p style=\"font-size:25px\">Eva Kolbas zavr\u0161ila je preddiplomski studij politi\u010dkih znanosti na istra\u017eiva\u010dkom sveu\u010dili\u0161tu Sciences Po u Francuskoj te nastavlja diplomski studij istra\u017eivanja u komparativnoj politici u istom sveu\u010dili\u0161tu. Na ERIM-u je na studentskom usavr\u0161avanju od 5. lipnja do 21. srpnja 2023. godine. Zanimaju je ljudska prava i migracijski re\u017eimi u Europi i \u0161ire.<\/p>\n<p><!-- \/wp:paragraph --><\/p>\n<p><!-- wp:paragraph {\"kioblocks\":[]} --><\/p>\n<p>Foto: Lara \u0106ati\u0107<\/p>\n<p><!-- \/wp:paragraph --><\/div>\n<\/div>\n<p><!-- \/wp:media-text --><\/p>\n","comment_info":"0","_links":{"self":[{"href":"https:\/\/erim.ief.hr\/en\/wp-json\/wp\/v2\/posts\/2989"}],"collection":[{"href":"https:\/\/erim.ief.hr\/en\/wp-json\/wp\/v2\/posts"}],"about":[{"href":"https:\/\/erim.ief.hr\/en\/wp-json\/wp\/v2\/types\/post"}],"author":[{"embeddable":true,"href":"https:\/\/erim.ief.hr\/en\/wp-json\/wp\/v2\/users\/2"}],"replies":[{"embeddable":true,"href":"https:\/\/erim.ief.hr\/en\/wp-json\/wp\/v2\/comments?post=2989"}],"version-history":[{"count":5,"href":"https:\/\/erim.ief.hr\/en\/wp-json\/wp\/v2\/posts\/2989\/revisions"}],"predecessor-version":[{"id":3026,"href":"https:\/\/erim.ief.hr\/en\/wp-json\/wp\/v2\/posts\/2989\/revisions\/3026"}],"wp:featuredmedia":[{"embeddable":true,"href":"https:\/\/erim.ief.hr\/en\/wp-json\/wp\/v2\/media\/2991"}],"wp:attachment":[{"href":"https:\/\/erim.ief.hr\/en\/wp-json\/wp\/v2\/media?parent=2989"}],"wp:term":[{"taxonomy":"category","embeddable":true,"href":"https:\/\/erim.ief.hr\/en\/wp-json\/wp\/v2\/categories?post=2989"},{"taxonomy":"post_tag","embeddable":true,"href":"https:\/\/erim.ief.hr\/en\/wp-json\/wp\/v2\/tags?post=2989"}],"curies":[{"name":"wp","href":"https:\/\/api.w.org\/{rel}","templated":true}]}}