{"id":3089,"date":"2023-09-11T08:11:49","date_gmt":"2023-09-11T06:11:49","guid":{"rendered":"https:\/\/erim.ief.hr\/?p=3089"},"modified":"2024-06-18T20:57:33","modified_gmt":"2024-06-18T18:57:33","slug":"sudjelovanje-na-okruglom-stolu-na-11-falisu","status":"publish","type":"post","link":"https:\/\/erim.ief.hr\/en\/predavanja-i-tribine\/sudjelovanje-na-okruglom-stolu-na-11-falisu\/","title":{"rendered":"Sudjelovanje na okruglom stolu na 11. FALI\u0160U"},"content":{"rendered":"<p>Na okruglom stolu &#8220;Jesmo li i rasisti&#8221; odr\u017eanom u \u0160ibeniku 9. 9. 2023. godine u okviru  \u010detvrte ve\u010deri FALI\u0160A &#8211; Festivala alternative i ljevice  sudjelovali su Marijana Hamer\u0161ak i Emina Bu\u017einki\u0107  te Drago \u017dupari\u0107-Ilji\u0107 kao moderator. <\/p>\n\n\n\n<p style=\"font-size:13px\"><strong>Opis okruglog stola:<\/strong> Konstruirane kriznosti raznih vrsta (gospodarsko-recesijska, \u201emigracijska\u201c, pandemijska, geopoliti\u010dka, etc.) oblikuju kut gledanja i dru\u0161tveno-politi\u010dkih reakcija na ne\u0161to \u0161to je u osnovi konstantan fenomen i neumitan proces u ljudskoj povijesti -kretanje prostorima i dru\u0161tvenim ljestvicama u potrazi za sigurnim i boljim \u017eivotom. Ljudi u pokretu koji su kategorijalnim dr\u017eavnim aparatom i kroz diskurse drugih zainteresiranih strana poput humanitarnih radnika, aktivista, gra\u0111ana, kategorizirani kao migranti, azilanti, vi\u0161e ili manje po\u017eeljni useljenici, sve su prisutniji i vidljiviji i u na\u0161im dru\u0161tvima, ili onkraj na marginama, dio i fizi\u010dki ogra\u0111en \u017eicom na granicama na kojima su zaustavljeni. Kroz pogled s teritorijalne, politi\u010dke i metodolo\u0161ke periferije Balkanskog prostora, raspravljat \u0107emo o tranzicijama i tranzitnostima kretanja, polo\u017eaja i statusa, kroz sagledavanje starih\/novih trendova tzv. upravljanja granicama i migracijskim politikama i praksama; onima koje smjeraju (p)odr\u017eavanju bazi\u010dno etno-nacionalisti\u010dkih diskurzivnih obrazaca za oblikovanje \u017eeljenih, potrebnih profila strane radne snage naj\u010de\u0161\u0107e prekarnog tipa, ili pak \u201ekulturno bli\u017eih ukrajinskih izbjeglica\u201c, naspram ne\u017eeljenih i odbijenih \u201eiregulariziranih migranata\u201c u poku\u0161aju dolaska u jezgru EU.<\/p>\n\n\n\n<p><strong>Program 11. FALI\u0160A<\/strong>: <a href=\"http:\/\/www.falis.com.hr\/?tip=stranica&amp;id=70&amp;title=program\"> http:\/\/www.falis.com.hr\/?tip=stranica&amp;id=70&amp;title=program<\/a><\/p>\n\n\n\n<figure class=\"wp-block-image size-large\"><img loading=\"lazy\" width=\"1024\" height=\"683\" src=\"https:\/\/erim.ief.hr\/wp-content\/uploads\/2023\/09\/Falis-9.-9.-2023.-1024x683.jpg\" alt=\"\" class=\"wp-image-3090\" srcset=\"https:\/\/erim.ief.hr\/wp-content\/uploads\/2023\/09\/Falis-9.-9.-2023.-1024x683.jpg 1024w, https:\/\/erim.ief.hr\/wp-content\/uploads\/2023\/09\/Falis-9.-9.-2023.-300x200.jpg 300w, https:\/\/erim.ief.hr\/wp-content\/uploads\/2023\/09\/Falis-9.-9.-2023.-768x512.jpg 768w, https:\/\/erim.ief.hr\/wp-content\/uploads\/2023\/09\/Falis-9.-9.-2023.-18x12.jpg 18w, https:\/\/erim.ief.hr\/wp-content\/uploads\/2023\/09\/Falis-9.-9.-2023.-600x400.jpg 600w, https:\/\/erim.ief.hr\/wp-content\/uploads\/2023\/09\/Falis-9.-9.-2023.-210x140.jpg 210w, https:\/\/erim.ief.hr\/wp-content\/uploads\/2023\/09\/Falis-9.-9.-2023.-450x300.jpg 450w, https:\/\/erim.ief.hr\/wp-content\/uploads\/2023\/09\/Falis-9.-9.-2023.-315x210.jpg 315w, https:\/\/erim.ief.hr\/wp-content\/uploads\/2023\/09\/Falis-9.-9.-2023.-526x350.jpg 526w, https:\/\/erim.ief.hr\/wp-content\/uploads\/2023\/09\/Falis-9.-9.-2023..jpg 1440w\" sizes=\"(max-width: 1024px) 100vw, 1024px\" \/><figcaption>11. FALI\u0160, Emina Bu\u017einki\u0107, Drago \u017dupari\u0107-Ilji\u0107 i Marijana Hamer\u0161ak, \u0160ibenik, 9. 9. 2023. Foto: FALI\u0160<\/figcaption><\/figure>\n\n\n\n<p><\/p>","protected":false},"excerpt":{"rendered":"<p>Na okruglom stolu &#8220;Jesmo li i rasisti&#8221; odr\u017eanom u \u0160ibeniku 9. 9. 2023. godine u okviru \u010detvrte ve\u010deri FALI\u0160A &#8211; Festivala alternative i ljevice sudjelovali su Marijana Hamer\u0161ak i &hellip;<\/p>","protected":false},"author":2,"featured_media":0,"comment_status":"closed","ping_status":"closed","sticky":false,"template":"","format":"standard","meta":{"_monsterinsights_skip_tracking":false,"_monsterinsights_sitenote_active":false,"_monsterinsights_sitenote_note":"","_monsterinsights_sitenote_category":0,"kk_blocks_editor_width":"","_kiokenblocks_attr":"","_kiokenblocks_dimensions":""},"categories":[28,67,4],"tags":[],"aioseo_notices":[],"featured_image_src":" ","featured_image_src_square":" ","author_info":{"display_name":"Marijana Hamersak","author_link":"https:\/\/erim.ief.hr\/en\/author\/marijana\/"},"category_info":"<a href=\"https:\/\/erim.ief.hr\/en\/category\/predavanja-i-tribine\/predavanja-tribine\/\" rel=\"category tag\">predavanja i tribine<\/a>, <a href=\"https:\/\/erim.ief.hr\/en\/category\/predavanja-i-tribine\/predavanja-tribine\/predavanja-iii\/\" rel=\"category tag\">predavanja III<\/a>, <a href=\"https:\/\/erim.ief.hr\/en\/category\/predavanja-i-tribine\/\" rel=\"category tag\">znanstvene konferencije, predavanja i tribine<\/a>","tags_info":"","social_share_info":"<a data-share=\"facebook\" href=\"https:\/\/www.facebook.com\/sharer.php?u=https:\/\/erim.ief.hr\/en\/predavanja-i-tribine\/sudjelovanje-na-okruglom-stolu-na-11-falisu\/\" class=\"tb-facebook-share social-share-default tb-social-share\" target=\"_blank\"><i class=\"fab fa-facebook-f\" aria-hidden=\"true\"><\/i><\/a><a data-share=\"twitter\" href=\"https:\/\/twitter.com\/share?url=https:\/\/erim.ief.hr\/en\/predavanja-i-tribine\/sudjelovanje-na-okruglom-stolu-na-11-falisu\/\" class=\"tb-twiiter-share social-share-default tb-social-share\" target=\"_blank\"><i class=\"fab fa-twitter\" aria-hidden=\"true\"><\/i><\/a><a data-share=\"linkedin\" href=\"https:\/\/www.linkedin.com\/shareArticle?url=https:\/\/erim.ief.hr\/en\/predavanja-i-tribine\/sudjelovanje-na-okruglom-stolu-na-11-falisu\/\" class=\"tb-linkedin-share social-share-default tb-social-share\" target=\"_blank\"><i class=\"fab fa-linkedin-in\" aria-hidden=\"true\"><\/i><\/a>","wordExcerpt_info":"<p><!-- wp:paragraph {\"kioblocks\":[]} --><\/p>\n<p>Na okruglom stolu &#8220;Jesmo li i rasisti&#8221; odr\u017eanom u \u0160ibeniku 9. 9. 2023. godine u okviru  \u010detvrte ve\u010deri FALI\u0160A &#8211; Festivala alternative i ljevice  sudjelovali su Marijana Hamer\u0161ak i Emina Bu\u017einki\u0107  te Drago \u017dupari\u0107-Ilji\u0107 kao moderator. <\/p>\n<p><!-- \/wp:paragraph --><\/p>\n<p><!-- wp:paragraph {\"style\":{\"typography\":{\"fontSize\":13}},\"kioblocks\":[]} --><\/p>\n<p style=\"font-size:13px\"><strong>Opis okruglog stola:<\/strong> Konstruirane kriznosti raznih vrsta (gospodarsko-recesijska, \u201emigracijska\u201c, pandemijska, geopoliti\u010dka, etc.) oblikuju kut gledanja i dru\u0161tveno-politi\u010dkih reakcija na ne\u0161to \u0161to je u osnovi konstantan fenomen i neumitan proces u ljudskoj povijesti -kretanje prostorima i dru\u0161tvenim ljestvicama u potrazi za sigurnim i boljim \u017eivotom. Ljudi u pokretu koji su kategorijalnim dr\u017eavnim aparatom i kroz diskurse drugih zainteresiranih strana poput humanitarnih radnika, aktivista, gra\u0111ana, kategorizirani kao migranti, azilanti, vi\u0161e ili manje po\u017eeljni useljenici, sve su prisutniji i vidljiviji i u na\u0161im dru\u0161tvima, ili onkraj na marginama, dio i fizi\u010dki ogra\u0111en \u017eicom na granicama na kojima su zaustavljeni. Kroz pogled s teritorijalne, politi\u010dke i metodolo\u0161ke periferije Balkanskog prostora, raspravljat \u0107emo o tranzicijama i tranzitnostima kretanja, polo\u017eaja i statusa, kroz sagledavanje starih\/novih trendova tzv. upravljanja granicama i migracijskim politikama i praksama; onima koje smjeraju (p)odr\u017eavanju bazi\u010dno etno-nacionalisti\u010dkih diskurzivnih obrazaca za oblikovanje \u017eeljenih, potrebnih profila strane radne snage naj\u010de\u0161\u0107e prekarnog tipa, ili pak \u201ekulturno bli\u017eih ukrajinskih izbjeglica\u201c, naspram ne\u017eeljenih i odbijenih \u201eiregulariziranih migranata\u201c u poku\u0161aju dolaska u jezgru EU.<\/p>\n<p><!-- \/wp:paragraph --><\/p>\n<p><!-- wp:paragraph {\"kioblocks\":[]} --><\/p>\n<p><strong>Program 11. FALI\u0160A<\/strong>: <a href=\"http:\/\/www.falis.com.hr\/?tip=stranica&amp;id=70&amp;title=program\"> http:\/\/www.falis.com.hr\/?tip=stranica&amp;id=70&amp;title=program<\/a><\/p>\n<p><!-- \/wp:paragraph --><\/p>\n<p><!-- wp:image {\"id\":3090,\"sizeSlug\":\"large\",\"linkDestination\":\"none\",\"kioblocks\":[]} --><\/p>\n<figure class=\"wp-block-image size-large\"><img loading=\"lazy\" width=\"1024\" height=\"683\" src=\"https:\/\/erim.ief.hr\/wp-content\/uploads\/2023\/09\/Falis-9.-9.-2023.-1024x683.jpg\" alt=\"\" class=\"wp-image-3090\" \/><figcaption>11. FALI\u0160, Emina Bu\u017einki\u0107, Drago \u017dupari\u0107-Ilji\u0107 i Marijana Hamer\u0161ak, \u0160ibenik, 9. 9. 2023. Foto: FALI\u0160<\/figcaption><\/figure>\n<p><!-- \/wp:image --><\/p>\n<p><!-- wp:paragraph {\"kioblocks\":[]} --><\/p>\n<p><!-- \/wp:paragraph --><\/p>\n","comment_info":"0","_links":{"self":[{"href":"https:\/\/erim.ief.hr\/en\/wp-json\/wp\/v2\/posts\/3089"}],"collection":[{"href":"https:\/\/erim.ief.hr\/en\/wp-json\/wp\/v2\/posts"}],"about":[{"href":"https:\/\/erim.ief.hr\/en\/wp-json\/wp\/v2\/types\/post"}],"author":[{"embeddable":true,"href":"https:\/\/erim.ief.hr\/en\/wp-json\/wp\/v2\/users\/2"}],"replies":[{"embeddable":true,"href":"https:\/\/erim.ief.hr\/en\/wp-json\/wp\/v2\/comments?post=3089"}],"version-history":[{"count":1,"href":"https:\/\/erim.ief.hr\/en\/wp-json\/wp\/v2\/posts\/3089\/revisions"}],"predecessor-version":[{"id":3091,"href":"https:\/\/erim.ief.hr\/en\/wp-json\/wp\/v2\/posts\/3089\/revisions\/3091"}],"wp:attachment":[{"href":"https:\/\/erim.ief.hr\/en\/wp-json\/wp\/v2\/media?parent=3089"}],"wp:term":[{"taxonomy":"category","embeddable":true,"href":"https:\/\/erim.ief.hr\/en\/wp-json\/wp\/v2\/categories?post=3089"},{"taxonomy":"post_tag","embeddable":true,"href":"https:\/\/erim.ief.hr\/en\/wp-json\/wp\/v2\/tags?post=3089"}],"curies":[{"name":"wp","href":"https:\/\/api.w.org\/{rel}","templated":true}]}}