{"id":3104,"date":"2023-09-14T11:28:58","date_gmt":"2023-09-14T09:28:58","guid":{"rendered":"https:\/\/erim.ief.hr\/?p=3104"},"modified":"2023-09-14T11:34:52","modified_gmt":"2023-09-14T09:34:52","slug":"izlaganje-duska-petrovica-na-asaee","status":"publish","type":"post","link":"https:\/\/erim.ief.hr\/en\/predavanja-i-tribine\/izlaganje-duska-petrovica-na-asaee\/","title":{"rendered":"Izlaganje Du\u0161ka Petrovi\u0107a na ASAEE"},"content":{"rendered":"<p>Du\u0161ko Petrovi\u0107 sudjelovao je s izlaganjem &#8220;Humanitarian Power vs State Sovereignty on the Balkan Refugee Corridor?&#8221; na XVI me\u0111unarodnoj antropolo\u0161koj konferenciji ASAEE (Asociaci\u00f3n de Antropolox\u00eda do Estado Espa\u00f1ol) odr\u017eanoj u Coru\u00f1i od 5. do 8. rujna 2023.<\/p>\n\n\n\n<div class=\"wp-block-file\"><a href=\"https:\/\/erim.ief.hr\/wp-content\/uploads\/2023\/09\/PROGRAMA-COMPLETO-XVI-Congreso-ASAEE.pdf\">Program XVI Congreso Antropolox\u00eda ASAEE<\/a><a href=\"https:\/\/erim.ief.hr\/wp-content\/uploads\/2023\/09\/PROGRAMA-COMPLETO-XVI-Congreso-ASAEE.pdf\" class=\"wp-block-file__button\" download>Preuzmi<\/a><\/div>\n\n\n\n<figure class=\"wp-block-gallery columns-2 is-cropped\"><ul class=\"blocks-gallery-grid\"><li class=\"blocks-gallery-item\"><figure><img loading=\"lazy\" width=\"1024\" height=\"407\" src=\"https:\/\/erim.ief.hr\/wp-content\/uploads\/2023\/09\/Antropoloxia_Congreso_AGANTRO-1024x407.jpg\" alt=\"\" data-id=\"3106\" data-full-url=\"https:\/\/erim.ief.hr\/wp-content\/uploads\/2023\/09\/Antropoloxia_Congreso_AGANTRO.jpg\" data-link=\"https:\/\/erim.ief.hr\/?attachment_id=3106\" class=\"wp-image-3106\" srcset=\"https:\/\/erim.ief.hr\/wp-content\/uploads\/2023\/09\/Antropoloxia_Congreso_AGANTRO-1024x407.jpg 1024w, https:\/\/erim.ief.hr\/wp-content\/uploads\/2023\/09\/Antropoloxia_Congreso_AGANTRO-300x119.jpg 300w, https:\/\/erim.ief.hr\/wp-content\/uploads\/2023\/09\/Antropoloxia_Congreso_AGANTRO-768x305.jpg 768w, https:\/\/erim.ief.hr\/wp-content\/uploads\/2023\/09\/Antropoloxia_Congreso_AGANTRO-18x7.jpg 18w, https:\/\/erim.ief.hr\/wp-content\/uploads\/2023\/09\/Antropoloxia_Congreso_AGANTRO-352x140.jpg 352w, https:\/\/erim.ief.hr\/wp-content\/uploads\/2023\/09\/Antropoloxia_Congreso_AGANTRO-450x179.jpg 450w, https:\/\/erim.ief.hr\/wp-content\/uploads\/2023\/09\/Antropoloxia_Congreso_AGANTRO-529x210.jpg 529w, https:\/\/erim.ief.hr\/wp-content\/uploads\/2023\/09\/Antropoloxia_Congreso_AGANTRO.jpg 1500w\" sizes=\"(max-width: 1024px) 100vw, 1024px\" \/><\/figure><\/li><li class=\"blocks-gallery-item\"><figure><img loading=\"lazy\" width=\"300\" height=\"268\" src=\"https:\/\/erim.ief.hr\/wp-content\/uploads\/2023\/09\/logo.png\" alt=\"\" data-id=\"3107\" data-full-url=\"https:\/\/erim.ief.hr\/wp-content\/uploads\/2023\/09\/logo.png\" data-link=\"https:\/\/erim.ief.hr\/?attachment_id=3107\" class=\"wp-image-3107\" srcset=\"https:\/\/erim.ief.hr\/wp-content\/uploads\/2023\/09\/logo.png 300w, https:\/\/erim.ief.hr\/wp-content\/uploads\/2023\/09\/logo-13x12.png 13w, https:\/\/erim.ief.hr\/wp-content\/uploads\/2023\/09\/logo-157x140.png 157w, https:\/\/erim.ief.hr\/wp-content\/uploads\/2023\/09\/logo-235x210.png 235w\" sizes=\"(max-width: 300px) 100vw, 300px\" \/><\/figure><\/li><\/ul><\/figure>\n\n\n\n<p><\/p>","protected":false},"excerpt":{"rendered":"<p>Du\u0161ko Petrovi\u0107 sudjelovao je s izlaganjem &#8220;Humanitarian Power vs State Sovereignty on the Balkan Refugee Corridor?&#8221; na XVI me\u0111unarodnoj antropolo\u0161koj konferenciji ASAEE (Asociaci\u00f3n de Antropolox\u00eda do Estado Espa\u00f1ol) odr\u017eanoj &hellip;<\/p>","protected":false},"author":2,"featured_media":3106,"comment_status":"open","ping_status":"open","sticky":false,"template":"","format":"standard","meta":{"_monsterinsights_skip_tracking":false,"_monsterinsights_sitenote_active":false,"_monsterinsights_sitenote_note":"","_monsterinsights_sitenote_category":0,"kk_blocks_editor_width":"","_kiokenblocks_attr":"","_kiokenblocks_dimensions":""},"categories":[5,69,4],"tags":[],"aioseo_notices":[],"featured_image_src":"https:\/\/erim.ief.hr\/wp-content\/uploads\/2023\/09\/Antropoloxia_Congreso_AGANTRO.jpg","featured_image_src_square":"https:\/\/erim.ief.hr\/wp-content\/uploads\/2023\/09\/Antropoloxia_Congreso_AGANTRO.jpg","author_info":{"display_name":"Marijana Hamersak","author_link":"https:\/\/erim.ief.hr\/en\/author\/marijana\/"},"category_info":"<a href=\"https:\/\/erim.ief.hr\/en\/category\/predavanja-i-tribine\/konferencije\/\" rel=\"category tag\">znanstvene konferencije<\/a>, <a href=\"https:\/\/erim.ief.hr\/en\/category\/predavanja-i-tribine\/konferencije\/znanstvene-konferencije-iii\/\" rel=\"category tag\">znanstvene konferencije III<\/a>, <a href=\"https:\/\/erim.ief.hr\/en\/category\/predavanja-i-tribine\/\" rel=\"category tag\">znanstvene konferencije, predavanja i tribine<\/a>","tags_info":"","social_share_info":"<a data-share=\"facebook\" href=\"https:\/\/www.facebook.com\/sharer.php?u=https:\/\/erim.ief.hr\/en\/predavanja-i-tribine\/izlaganje-duska-petrovica-na-asaee\/\" class=\"tb-facebook-share social-share-default tb-social-share\" target=\"_blank\"><i class=\"fab fa-facebook-f\" aria-hidden=\"true\"><\/i><\/a><a data-share=\"twitter\" href=\"https:\/\/twitter.com\/share?url=https:\/\/erim.ief.hr\/en\/predavanja-i-tribine\/izlaganje-duska-petrovica-na-asaee\/\" class=\"tb-twiiter-share social-share-default tb-social-share\" target=\"_blank\"><i class=\"fab fa-twitter\" aria-hidden=\"true\"><\/i><\/a><a data-share=\"linkedin\" href=\"https:\/\/www.linkedin.com\/shareArticle?url=https:\/\/erim.ief.hr\/en\/predavanja-i-tribine\/izlaganje-duska-petrovica-na-asaee\/\" class=\"tb-linkedin-share social-share-default tb-social-share\" target=\"_blank\"><i class=\"fab fa-linkedin-in\" aria-hidden=\"true\"><\/i><\/a>","wordExcerpt_info":"<p><!-- wp:paragraph {\"kioblocks\":[]} --><\/p>\n<p>Du\u0161ko Petrovi\u0107 sudjelovao je s izlaganjem &#8220;Humanitarian Power vs State Sovereignty on the Balkan Refugee Corridor?&#8221; na XVI me\u0111unarodnoj antropolo\u0161koj konferenciji ASAEE (Asociaci\u00f3n de Antropolox\u00eda do Estado Espa\u00f1ol) odr\u017eanoj u Coru\u00f1i od 5. do 8. rujna 2023.<\/p>\n<p><!-- \/wp:paragraph --><\/p>\n<p><!-- wp:file {\"id\":3105,\"href\":\"https:\\\/\\\/erim.ief.hr\\\/wp-content\\\/uploads\\\/2023\\\/09\\\/PROGRAMA-COMPLETO-XVI-Congreso-ASAEE.pdf\",\"kioblocks\":[]} --><\/p>\n<div class=\"wp-block-file\"><a href=\"https:\/\/erim.ief.hr\/wp-content\/uploads\/2023\/09\/PROGRAMA-COMPLETO-XVI-Congreso-ASAEE.pdf\">Program XVI Congreso Antropolox\u00eda ASAEE<\/a><a href=\"https:\/\/erim.ief.hr\/wp-content\/uploads\/2023\/09\/PROGRAMA-COMPLETO-XVI-Congreso-ASAEE.pdf\" class=\"wp-block-file__button\" download>Preuzmi<\/a><\/div>\n<p><!-- \/wp:file --><\/p>\n<p><!-- wp:gallery {\"ids\":[3106,3107],\"linkTo\":\"none\",\"kioblocks\":[]} --><\/p>\n<figure class=\"wp-block-gallery columns-2 is-cropped\">\n<ul class=\"blocks-gallery-grid\">\n<li class=\"blocks-gallery-item\">\n<figure><img loading=\"lazy\" width=\"1024\" height=\"407\" src=\"https:\/\/erim.ief.hr\/wp-content\/uploads\/2023\/09\/Antropoloxia_Congreso_AGANTRO-1024x407.jpg\" alt=\"\" data-id=\"3106\" data-full-url=\"https:\/\/erim.ief.hr\/wp-content\/uploads\/2023\/09\/Antropoloxia_Congreso_AGANTRO.jpg\" data-link=\"https:\/\/erim.ief.hr\/?attachment_id=3106\" class=\"wp-image-3106\" \/><\/figure>\n<\/li>\n<li class=\"blocks-gallery-item\">\n<figure><img loading=\"lazy\" width=\"300\" height=\"268\" src=\"https:\/\/erim.ief.hr\/wp-content\/uploads\/2023\/09\/logo.png\" alt=\"\" data-id=\"3107\" data-full-url=\"https:\/\/erim.ief.hr\/wp-content\/uploads\/2023\/09\/logo.png\" data-link=\"https:\/\/erim.ief.hr\/?attachment_id=3107\" class=\"wp-image-3107\" \/><\/figure>\n<\/li>\n<\/ul>\n<\/figure>\n<p><!-- \/wp:gallery --><\/p>\n<p><!-- wp:paragraph {\"kioblocks\":[]} --><\/p>\n<p><!-- \/wp:paragraph --><\/p>\n","comment_info":"0","_links":{"self":[{"href":"https:\/\/erim.ief.hr\/en\/wp-json\/wp\/v2\/posts\/3104"}],"collection":[{"href":"https:\/\/erim.ief.hr\/en\/wp-json\/wp\/v2\/posts"}],"about":[{"href":"https:\/\/erim.ief.hr\/en\/wp-json\/wp\/v2\/types\/post"}],"author":[{"embeddable":true,"href":"https:\/\/erim.ief.hr\/en\/wp-json\/wp\/v2\/users\/2"}],"replies":[{"embeddable":true,"href":"https:\/\/erim.ief.hr\/en\/wp-json\/wp\/v2\/comments?post=3104"}],"version-history":[{"count":2,"href":"https:\/\/erim.ief.hr\/en\/wp-json\/wp\/v2\/posts\/3104\/revisions"}],"predecessor-version":[{"id":3109,"href":"https:\/\/erim.ief.hr\/en\/wp-json\/wp\/v2\/posts\/3104\/revisions\/3109"}],"wp:featuredmedia":[{"embeddable":true,"href":"https:\/\/erim.ief.hr\/en\/wp-json\/wp\/v2\/media\/3106"}],"wp:attachment":[{"href":"https:\/\/erim.ief.hr\/en\/wp-json\/wp\/v2\/media?parent=3104"}],"wp:term":[{"taxonomy":"category","embeddable":true,"href":"https:\/\/erim.ief.hr\/en\/wp-json\/wp\/v2\/categories?post=3104"},{"taxonomy":"post_tag","embeddable":true,"href":"https:\/\/erim.ief.hr\/en\/wp-json\/wp\/v2\/tags?post=3104"}],"curies":[{"name":"wp","href":"https:\/\/api.w.org\/{rel}","templated":true}]}}