{"id":3126,"date":"2023-09-21T17:27:05","date_gmt":"2023-09-21T15:27:05","guid":{"rendered":"https:\/\/erim.ief.hr\/?p=3126"},"modified":"2024-01-10T10:33:07","modified_gmt":"2024-01-10T09:33:07","slug":"predavanje-cristine-del-biaggio","status":"publish","type":"post","link":"https:\/\/erim.ief.hr\/en\/predavanja-i-tribine\/predavanje-cristine-del-biaggio\/","title":{"rendered":"Predavanje Cristine Del Biaggio"},"content":{"rendered":"<p>Cristina Del Biaggio sa Sveu\u010dili\u0161ta u Grenobleu odr\u017eala je 21. 9. 2023. godine  na Institutu za etnologiju i folkloristiku predavanje o kontraistrazi smrti Blessing Matthew,  kori\u0161tenju alata forenzi\u010dke arhitekture za istra\u017eivanje  smrti na kopnenim granicama i  potencijalu znanstvenih prinosa tra\u017eenju pravde za umrle na granicama. Predavanje je organizirano u okviru Tribina IEF-a. <\/p>\n\n\n\n<figure class=\"wp-block-embed is-type-video is-provider-youtube wp-block-embed-youtube wp-embed-aspect-16-9 wp-has-aspect-ratio\"><div class=\"wp-block-embed__wrapper\">\n<iframe loading=\"lazy\" title=\"The death of Blessing Matthew, a counter-investigation at Alpine\u2019s borders\" width=\"840\" height=\"473\" src=\"https:\/\/www.youtube.com\/embed\/eVYAXa_wnAg?feature=oembed\" frameborder=\"0\" allow=\"accelerometer; autoplay; clipboard-write; encrypted-media; gyroscope; picture-in-picture; web-share\" allowfullscreen><\/iframe>\n<\/div><\/figure>\n\n\n\n<figure class=\"wp-block-gallery columns-2 is-cropped\"><ul class=\"blocks-gallery-grid\"><li class=\"blocks-gallery-item\"><figure><img loading=\"lazy\" width=\"1024\" height=\"768\" src=\"https:\/\/erim.ief.hr\/wp-content\/uploads\/2023\/09\/20230921_133457-1024x768.jpg\" alt=\"\" data-id=\"3127\" data-full-url=\"https:\/\/erim.ief.hr\/wp-content\/uploads\/2023\/09\/20230921_133457-scaled.jpg\" data-link=\"https:\/\/erim.ief.hr\/?attachment_id=3127\" class=\"wp-image-3127\" srcset=\"https:\/\/erim.ief.hr\/wp-content\/uploads\/2023\/09\/20230921_133457-1024x768.jpg 1024w, https:\/\/erim.ief.hr\/wp-content\/uploads\/2023\/09\/20230921_133457-300x225.jpg 300w, https:\/\/erim.ief.hr\/wp-content\/uploads\/2023\/09\/20230921_133457-768x576.jpg 768w, https:\/\/erim.ief.hr\/wp-content\/uploads\/2023\/09\/20230921_133457-1536x1152.jpg 1536w, https:\/\/erim.ief.hr\/wp-content\/uploads\/2023\/09\/20230921_133457-2048x1536.jpg 2048w, https:\/\/erim.ief.hr\/wp-content\/uploads\/2023\/09\/20230921_133457-16x12.jpg 16w, https:\/\/erim.ief.hr\/wp-content\/uploads\/2023\/09\/20230921_133457-187x140.jpg 187w, https:\/\/erim.ief.hr\/wp-content\/uploads\/2023\/09\/20230921_133457-450x338.jpg 450w, https:\/\/erim.ief.hr\/wp-content\/uploads\/2023\/09\/20230921_133457-280x210.jpg 280w\" sizes=\"(max-width: 1024px) 100vw, 1024px\" \/><\/figure><\/li><li class=\"blocks-gallery-item\"><figure><img loading=\"lazy\" width=\"724\" height=\"1024\" src=\"https:\/\/erim.ief.hr\/wp-content\/uploads\/2023\/09\/erim_tribina_del_biaggio_2023-724x1024.jpg\" alt=\"\" data-id=\"3129\" data-full-url=\"https:\/\/erim.ief.hr\/wp-content\/uploads\/2023\/09\/erim_tribina_del_biaggio_2023.jpg\" data-link=\"https:\/\/erim.ief.hr\/?attachment_id=3129\" class=\"wp-image-3129\" srcset=\"https:\/\/erim.ief.hr\/wp-content\/uploads\/2023\/09\/erim_tribina_del_biaggio_2023-724x1024.jpg 724w, https:\/\/erim.ief.hr\/wp-content\/uploads\/2023\/09\/erim_tribina_del_biaggio_2023-212x300.jpg 212w, https:\/\/erim.ief.hr\/wp-content\/uploads\/2023\/09\/erim_tribina_del_biaggio_2023-768x1087.jpg 768w, https:\/\/erim.ief.hr\/wp-content\/uploads\/2023\/09\/erim_tribina_del_biaggio_2023-1086x1536.jpg 1086w, https:\/\/erim.ief.hr\/wp-content\/uploads\/2023\/09\/erim_tribina_del_biaggio_2023-1448x2048.jpg 1448w, https:\/\/erim.ief.hr\/wp-content\/uploads\/2023\/09\/erim_tribina_del_biaggio_2023-8x12.jpg 8w, https:\/\/erim.ief.hr\/wp-content\/uploads\/2023\/09\/erim_tribina_del_biaggio_2023-99x140.jpg 99w, https:\/\/erim.ief.hr\/wp-content\/uploads\/2023\/09\/erim_tribina_del_biaggio_2023-450x637.jpg 450w, https:\/\/erim.ief.hr\/wp-content\/uploads\/2023\/09\/erim_tribina_del_biaggio_2023-148x210.jpg 148w, https:\/\/erim.ief.hr\/wp-content\/uploads\/2023\/09\/erim_tribina_del_biaggio_2023.jpg 1753w\" sizes=\"(max-width: 724px) 100vw, 724px\" \/><\/figure><\/li><\/ul><\/figure>\n\n\n\n<p><\/p>","protected":false},"excerpt":{"rendered":"<p>Cristina Del Biaggio sa Sveu\u010dili\u0161ta u Grenobleu odr\u017eala je 21. 9. 2023. godine na Institutu za etnologiju i folkloristiku predavanje o kontraistrazi smrti Blessing Matthew, kori\u0161tenju alata forenzi\u010dke arhitekture &hellip;<\/p>","protected":false},"author":2,"featured_media":3127,"comment_status":"closed","ping_status":"closed","sticky":false,"template":"","format":"standard","meta":{"_monsterinsights_skip_tracking":false,"_monsterinsights_sitenote_active":false,"_monsterinsights_sitenote_note":"","_monsterinsights_sitenote_category":0,"kk_blocks_editor_width":"","_kiokenblocks_attr":"","_kiokenblocks_dimensions":""},"categories":[68,4],"tags":[],"aioseo_notices":[],"featured_image_src":"https:\/\/erim.ief.hr\/wp-content\/uploads\/2023\/09\/20230921_133457-scaled.jpg","featured_image_src_square":"https:\/\/erim.ief.hr\/wp-content\/uploads\/2023\/09\/20230921_133457-scaled.jpg","author_info":{"display_name":"Marijana Hamersak","author_link":"https:\/\/erim.ief.hr\/en\/author\/marijana\/"},"category_info":"<a href=\"https:\/\/erim.ief.hr\/en\/category\/predavanja-i-tribine\/predavanja-tribine\/tribine-iii\/\" rel=\"category tag\">tribine III<\/a>, <a href=\"https:\/\/erim.ief.hr\/en\/category\/predavanja-i-tribine\/\" rel=\"category tag\">znanstvene konferencije, predavanja i tribine<\/a>","tags_info":"","social_share_info":"<a data-share=\"facebook\" href=\"https:\/\/www.facebook.com\/sharer.php?u=https:\/\/erim.ief.hr\/en\/predavanja-i-tribine\/predavanje-cristine-del-biaggio\/\" class=\"tb-facebook-share social-share-default tb-social-share\" target=\"_blank\"><i class=\"fab fa-facebook-f\" aria-hidden=\"true\"><\/i><\/a><a data-share=\"twitter\" href=\"https:\/\/twitter.com\/share?url=https:\/\/erim.ief.hr\/en\/predavanja-i-tribine\/predavanje-cristine-del-biaggio\/\" class=\"tb-twiiter-share social-share-default tb-social-share\" target=\"_blank\"><i class=\"fab fa-twitter\" aria-hidden=\"true\"><\/i><\/a><a data-share=\"linkedin\" href=\"https:\/\/www.linkedin.com\/shareArticle?url=https:\/\/erim.ief.hr\/en\/predavanja-i-tribine\/predavanje-cristine-del-biaggio\/\" class=\"tb-linkedin-share social-share-default tb-social-share\" target=\"_blank\"><i class=\"fab fa-linkedin-in\" aria-hidden=\"true\"><\/i><\/a>","wordExcerpt_info":"<p><!-- wp:paragraph {\"kioblocks\":[]} --><\/p>\n<p>Cristina Del Biaggio sa Sveu\u010dili\u0161ta u Grenobleu odr\u017eala je 21. 9. 2023. godine  na Institutu za etnologiju i folkloristiku predavanje o kontraistrazi smrti Blessing Matthew,  kori\u0161tenju alata forenzi\u010dke arhitekture za istra\u017eivanje  smrti na kopnenim granicama i  potencijalu znanstvenih prinosa tra\u017eenju pravde za umrle na granicama. Predavanje je organizirano u okviru Tribina IEF-a. <\/p>\n<p><!-- \/wp:paragraph --><\/p>\n<p><!-- wp:embed {\"url\":\"https:\\\/\\\/www.youtube.com\\\/watch?v=eVYAXa_wnAg\",\"type\":\"video\",\"providerNameSlug\":\"youtube\",\"responsive\":true,\"className\":\"wp-embed-aspect-16-9 wp-has-aspect-ratio\",\"kioblocks\":[]} --><\/p>\n<figure class=\"wp-block-embed is-type-video is-provider-youtube wp-block-embed-youtube wp-embed-aspect-16-9 wp-has-aspect-ratio\">\n<div class=\"wp-block-embed__wrapper\">\nhttps:\/\/www.youtube.com\/watch?v=eVYAXa_wnAg\n<\/div>\n<\/figure>\n<p><!-- \/wp:embed --><\/p>\n<p><!-- wp:gallery {\"ids\":[3127,3129],\"linkTo\":\"none\",\"kioblocks\":[]} --><\/p>\n<figure class=\"wp-block-gallery columns-2 is-cropped\">\n<ul class=\"blocks-gallery-grid\">\n<li class=\"blocks-gallery-item\">\n<figure><img loading=\"lazy\" width=\"1024\" height=\"768\" src=\"https:\/\/erim.ief.hr\/wp-content\/uploads\/2023\/09\/20230921_133457-1024x768.jpg\" alt=\"\" data-id=\"3127\" data-full-url=\"https:\/\/erim.ief.hr\/wp-content\/uploads\/2023\/09\/20230921_133457-scaled.jpg\" data-link=\"https:\/\/erim.ief.hr\/?attachment_id=3127\" class=\"wp-image-3127\" \/><\/figure>\n<\/li>\n<li class=\"blocks-gallery-item\">\n<figure><img loading=\"lazy\" width=\"724\" height=\"1024\" src=\"https:\/\/erim.ief.hr\/wp-content\/uploads\/2023\/09\/erim_tribina_del_biaggio_2023-724x1024.jpg\" alt=\"\" data-id=\"3129\" data-full-url=\"https:\/\/erim.ief.hr\/wp-content\/uploads\/2023\/09\/erim_tribina_del_biaggio_2023.jpg\" data-link=\"https:\/\/erim.ief.hr\/?attachment_id=3129\" class=\"wp-image-3129\" \/><\/figure>\n<\/li>\n<\/ul>\n<\/figure>\n<p><!-- \/wp:gallery --><\/p>\n<p><!-- wp:paragraph {\"kioblocks\":[]} --><\/p>\n<p><!-- \/wp:paragraph --><\/p>\n","comment_info":"0","_links":{"self":[{"href":"https:\/\/erim.ief.hr\/en\/wp-json\/wp\/v2\/posts\/3126"}],"collection":[{"href":"https:\/\/erim.ief.hr\/en\/wp-json\/wp\/v2\/posts"}],"about":[{"href":"https:\/\/erim.ief.hr\/en\/wp-json\/wp\/v2\/types\/post"}],"author":[{"embeddable":true,"href":"https:\/\/erim.ief.hr\/en\/wp-json\/wp\/v2\/users\/2"}],"replies":[{"embeddable":true,"href":"https:\/\/erim.ief.hr\/en\/wp-json\/wp\/v2\/comments?post=3126"}],"version-history":[{"count":4,"href":"https:\/\/erim.ief.hr\/en\/wp-json\/wp\/v2\/posts\/3126\/revisions"}],"predecessor-version":[{"id":3327,"href":"https:\/\/erim.ief.hr\/en\/wp-json\/wp\/v2\/posts\/3126\/revisions\/3327"}],"wp:featuredmedia":[{"embeddable":true,"href":"https:\/\/erim.ief.hr\/en\/wp-json\/wp\/v2\/media\/3127"}],"wp:attachment":[{"href":"https:\/\/erim.ief.hr\/en\/wp-json\/wp\/v2\/media?parent=3126"}],"wp:term":[{"taxonomy":"category","embeddable":true,"href":"https:\/\/erim.ief.hr\/en\/wp-json\/wp\/v2\/categories?post=3126"},{"taxonomy":"post_tag","embeddable":true,"href":"https:\/\/erim.ief.hr\/en\/wp-json\/wp\/v2\/tags?post=3126"}],"curies":[{"name":"wp","href":"https:\/\/api.w.org\/{rel}","templated":true}]}}