{"id":3147,"date":"2023-09-28T08:17:17","date_gmt":"2023-09-28T06:17:17","guid":{"rendered":"https:\/\/erim.ief.hr\/?p=3147"},"modified":"2024-06-18T20:57:06","modified_gmt":"2024-06-18T18:57:06","slug":"u-ljubljani-odrzan-okrugli-stol-smrti-na-granicama","status":"publish","type":"post","link":"https:\/\/erim.ief.hr\/en\/predavanja-i-tribine\/u-ljubljani-odrzan-okrugli-stol-smrti-na-granicama\/","title":{"rendered":"U Ljubljani odr\u017ean okrugli stol &#8220;Smrti na granicama&#8221;"},"content":{"rendered":"<p>U Ljubljani je 27. 9. 2023. godine odr\u017ean okrugli stol &#8220;Smrti na granicama &#8211; u Alpama i na Balkanu&#8221; na kojem su Cristina Del Biaggio, Sameer Arkawi i Marijana Hamer\u0161ak, uz  moderaciju Ur\u0161ule Lipovec \u010cebron, predstavili istra\u017eivanja i iskustva vezana uz smrti na granicama. Okrugli stol je odr\u017ean u organizaciju Odjela za etnologiju i kulturnu antropologiju Filozofskog fakulteta u Ljubljani i Pritli\u010dja.  <\/p>\n\n\n\n<figure class=\"wp-block-image size-large\"><img loading=\"lazy\" width=\"1024\" height=\"536\" src=\"https:\/\/erim.ief.hr\/wp-content\/uploads\/2023\/09\/poziv-1024x536.jpg\" alt=\"\" class=\"wp-image-3148\" srcset=\"https:\/\/erim.ief.hr\/wp-content\/uploads\/2023\/09\/poziv-1024x536.jpg 1024w, https:\/\/erim.ief.hr\/wp-content\/uploads\/2023\/09\/poziv-300x157.jpg 300w, https:\/\/erim.ief.hr\/wp-content\/uploads\/2023\/09\/poziv-768x402.jpg 768w, https:\/\/erim.ief.hr\/wp-content\/uploads\/2023\/09\/poziv-1536x804.jpg 1536w, https:\/\/erim.ief.hr\/wp-content\/uploads\/2023\/09\/poziv-18x9.jpg 18w, https:\/\/erim.ief.hr\/wp-content\/uploads\/2023\/09\/poziv-268x140.jpg 268w, https:\/\/erim.ief.hr\/wp-content\/uploads\/2023\/09\/poziv-450x235.jpg 450w, https:\/\/erim.ief.hr\/wp-content\/uploads\/2023\/09\/poziv-401x210.jpg 401w, https:\/\/erim.ief.hr\/wp-content\/uploads\/2023\/09\/poziv.jpg 1900w\" sizes=\"(max-width: 1024px) 100vw, 1024px\" \/><\/figure>\n\n\n\n<figure class=\"wp-block-embed aligncenter is-type-video is-provider-youtube wp-block-embed-youtube wp-embed-aspect-16-9 wp-has-aspect-ratio\"><div class=\"wp-block-embed__wrapper\">\n<iframe loading=\"lazy\" title=\"27.9.2023 | Smrti na mejah - v Alpah in na Balkanu\" width=\"840\" height=\"473\" src=\"https:\/\/www.youtube.com\/embed\/SDDkyjFLZlg?feature=oembed\" frameborder=\"0\" allow=\"accelerometer; autoplay; clipboard-write; encrypted-media; gyroscope; picture-in-picture; web-share\" allowfullscreen><\/iframe>\n<\/div><\/figure>\n\n\n\n<p>Poziv: <a href=\"https:\/\/prevajalstvo.ff.uni-lj.si\/dogodki\/okrogla-miza-smrti-na-mejah-v-alpah-na-balkanu\">Okrogla miza Smrti na mejah \u2013 v Alpah in na Balkanu | Oddelek za prevajalstvo | Filozofska fakulteta Univerze v Ljubljani (uni-lj.si)<\/a> <\/p>\n\n\n\n<p><\/p>","protected":false},"excerpt":{"rendered":"<p>U Ljubljani je 27. 9. 2023. godine odr\u017ean okrugli stol &#8220;Smrti na granicama &#8211; u Alpama i na Balkanu&#8221; na kojem su Cristina Del Biaggio, Sameer Arkawi i Marijana &hellip;<\/p>","protected":false},"author":2,"featured_media":0,"comment_status":"closed","ping_status":"closed","sticky":false,"template":"","format":"standard","meta":{"_monsterinsights_skip_tracking":false,"_monsterinsights_sitenote_active":false,"_monsterinsights_sitenote_note":"","_monsterinsights_sitenote_category":0,"kk_blocks_editor_width":"","_kiokenblocks_attr":"","_kiokenblocks_dimensions":""},"categories":[28,68,4],"tags":[],"aioseo_notices":[],"featured_image_src":" ","featured_image_src_square":" ","author_info":{"display_name":"Marijana Hamersak","author_link":"https:\/\/erim.ief.hr\/en\/author\/marijana\/"},"category_info":"<a href=\"https:\/\/erim.ief.hr\/en\/category\/predavanja-i-tribine\/predavanja-tribine\/\" rel=\"category tag\">predavanja i tribine<\/a>, <a href=\"https:\/\/erim.ief.hr\/en\/category\/predavanja-i-tribine\/predavanja-tribine\/tribine-iii\/\" rel=\"category tag\">tribine III<\/a>, <a href=\"https:\/\/erim.ief.hr\/en\/category\/predavanja-i-tribine\/\" rel=\"category tag\">znanstvene konferencije, predavanja i tribine<\/a>","tags_info":"","social_share_info":"<a data-share=\"facebook\" href=\"https:\/\/www.facebook.com\/sharer.php?u=https:\/\/erim.ief.hr\/en\/predavanja-i-tribine\/u-ljubljani-odrzan-okrugli-stol-smrti-na-granicama\/\" class=\"tb-facebook-share social-share-default tb-social-share\" target=\"_blank\"><i class=\"fab fa-facebook-f\" aria-hidden=\"true\"><\/i><\/a><a data-share=\"twitter\" href=\"https:\/\/twitter.com\/share?url=https:\/\/erim.ief.hr\/en\/predavanja-i-tribine\/u-ljubljani-odrzan-okrugli-stol-smrti-na-granicama\/\" class=\"tb-twiiter-share social-share-default tb-social-share\" target=\"_blank\"><i class=\"fab fa-twitter\" aria-hidden=\"true\"><\/i><\/a><a data-share=\"linkedin\" href=\"https:\/\/www.linkedin.com\/shareArticle?url=https:\/\/erim.ief.hr\/en\/predavanja-i-tribine\/u-ljubljani-odrzan-okrugli-stol-smrti-na-granicama\/\" class=\"tb-linkedin-share social-share-default tb-social-share\" target=\"_blank\"><i class=\"fab fa-linkedin-in\" aria-hidden=\"true\"><\/i><\/a>","wordExcerpt_info":"<p><!-- wp:paragraph {\"kioblocks\":[]} --><\/p>\n<p>U Ljubljani je 27. 9. 2023. godine odr\u017ean okrugli stol &#8220;Smrti na granicama &#8211; u Alpama i na Balkanu&#8221; na kojem su Cristina Del Biaggio, Sameer Arkawi i Marijana Hamer\u0161ak, uz  moderaciju Ur\u0161ule Lipovec \u010cebron, predstavili istra\u017eivanja i iskustva vezana uz smrti na granicama. Okrugli stol je odr\u017ean u organizaciju Odjela za etnologiju i kulturnu antropologiju Filozofskog fakulteta u Ljubljani i Pritli\u010dja.  <\/p>\n<p><!-- \/wp:paragraph --><\/p>\n<p><!-- wp:image {\"id\":3148,\"sizeSlug\":\"large\",\"linkDestination\":\"none\",\"kioblocks\":[]} --><\/p>\n<figure class=\"wp-block-image size-large\"><img loading=\"lazy\" width=\"1024\" height=\"536\" src=\"https:\/\/erim.ief.hr\/wp-content\/uploads\/2023\/09\/poziv-1024x536.jpg\" alt=\"\" class=\"wp-image-3148\" \/><\/figure>\n<p><!-- \/wp:image --><\/p>\n<p><!-- wp:embed {\"url\":\"https:\\\/\\\/youtu.be\\\/SDDkyjFLZlg?si=oYUr7i3vNKwt2TIk\",\"type\":\"video\",\"providerNameSlug\":\"youtube\",\"responsive\":true,\"align\":\"center\",\"className\":\"wp-embed-aspect-16-9 wp-has-aspect-ratio\",\"kioblocks\":[]} --><\/p>\n<figure class=\"wp-block-embed aligncenter is-type-video is-provider-youtube wp-block-embed-youtube wp-embed-aspect-16-9 wp-has-aspect-ratio\">\n<div class=\"wp-block-embed__wrapper\">\nhttps:\/\/youtu.be\/SDDkyjFLZlg?si=oYUr7i3vNKwt2TIk\n<\/div>\n<\/figure>\n<p><!-- \/wp:embed --><\/p>\n<p><!-- wp:paragraph {\"kioblocks\":[]} --><\/p>\n<p>Poziv: <a href=\"https:\/\/prevajalstvo.ff.uni-lj.si\/dogodki\/okrogla-miza-smrti-na-mejah-v-alpah-na-balkanu\">Okrogla miza Smrti na mejah \u2013 v Alpah in na Balkanu | Oddelek za prevajalstvo | Filozofska fakulteta Univerze v Ljubljani (uni-lj.si)<\/a> <\/p>\n<p><!-- \/wp:paragraph --><\/p>\n<p><!-- wp:paragraph {\"kioblocks\":[]} --><\/p>\n<p><!-- \/wp:paragraph --><\/p>\n","comment_info":"0","_links":{"self":[{"href":"https:\/\/erim.ief.hr\/en\/wp-json\/wp\/v2\/posts\/3147"}],"collection":[{"href":"https:\/\/erim.ief.hr\/en\/wp-json\/wp\/v2\/posts"}],"about":[{"href":"https:\/\/erim.ief.hr\/en\/wp-json\/wp\/v2\/types\/post"}],"author":[{"embeddable":true,"href":"https:\/\/erim.ief.hr\/en\/wp-json\/wp\/v2\/users\/2"}],"replies":[{"embeddable":true,"href":"https:\/\/erim.ief.hr\/en\/wp-json\/wp\/v2\/comments?post=3147"}],"version-history":[{"count":5,"href":"https:\/\/erim.ief.hr\/en\/wp-json\/wp\/v2\/posts\/3147\/revisions"}],"predecessor-version":[{"id":3229,"href":"https:\/\/erim.ief.hr\/en\/wp-json\/wp\/v2\/posts\/3147\/revisions\/3229"}],"wp:attachment":[{"href":"https:\/\/erim.ief.hr\/en\/wp-json\/wp\/v2\/media?parent=3147"}],"wp:term":[{"taxonomy":"category","embeddable":true,"href":"https:\/\/erim.ief.hr\/en\/wp-json\/wp\/v2\/categories?post=3147"},{"taxonomy":"post_tag","embeddable":true,"href":"https:\/\/erim.ief.hr\/en\/wp-json\/wp\/v2\/tags?post=3147"}],"curies":[{"name":"wp","href":"https:\/\/api.w.org\/{rel}","templated":true}]}}