{"id":3267,"date":"2023-12-10T21:57:43","date_gmt":"2023-12-10T20:57:43","guid":{"rendered":"https:\/\/erim.ief.hr\/?p=3267"},"modified":"2023-12-11T09:34:19","modified_gmt":"2023-12-11T08:34:19","slug":"smrti-na-granicama-suradnja-s-novinarskim-timom-e-trafike","status":"publish","type":"post","link":"https:\/\/erim.ief.hr\/en\/vijesti\/smrti-na-granicama-suradnja-s-novinarskim-timom-e-trafike\/","title":{"rendered":"Smrti na granicama: suradnja s novinarskim timom etrafike"},"content":{"rendered":"<p>Istra\u017eiva\u010di  ERIMA sudjelovali su u novinarskom istra\u017eivanju o umrlima na granicama na rijekama Bosne i Hercegovine i susjednih zemalja koje je rezultiralo \u010dlankom &#8220;<a href=\"https:\/\/www.etrafika.net\/drustvo\/90275\/nezakljuceni-gubitak\/\" target=\"_blank\" rel=\"noreferrer noopener\">Nezaklju\u010deni gubitak<\/a>&#8221; i dokumentarnim filmom <a href=\"https:\/\/www.etrafika.net\/drustvo\/90667\/pogledajte-dokumentarni-film-brat\/\">Brat<\/a>. \u010clanak je na engleskom jeziku dostupan na <a href=\"https:\/\/www.etrafika.net\/eng\/90286\/ambiguous-loss\/\">poveznici<\/a>. <\/p>\n\n\n\n<figure class=\"wp-block-embed is-type-video is-provider-youtube wp-block-embed-youtube wp-embed-aspect-16-9 wp-has-aspect-ratio\"><div class=\"wp-block-embed__wrapper\">\n<iframe loading=\"lazy\" title=\"Dokumentarni film &quot;Brat&quot; - eTrafika\" width=\"840\" height=\"473\" src=\"https:\/\/www.youtube.com\/embed\/0oy36lmhg3k?feature=oembed\" frameborder=\"0\" allow=\"accelerometer; autoplay; clipboard-write; encrypted-media; gyroscope; picture-in-picture; web-share\" allowfullscreen><\/iframe>\n<\/div><\/figure>\n\n\n\n<p><\/p>","protected":false},"excerpt":{"rendered":"<p>Istra\u017eiva\u010di ERIMA sudjelovali su u novinarskom istra\u017eivanju o umrlima na granicama na rijekama Bosne i Hercegovine i susjednih zemalja koje je rezultiralo \u010dlankom &#8220;Nezaklju\u010deni gubitak&#8221; i dokumentarnim filmom Brat. &hellip;<\/p>","protected":false},"author":2,"featured_media":3268,"comment_status":"closed","ping_status":"closed","sticky":false,"template":"","format":"standard","meta":{"_monsterinsights_skip_tracking":false,"_monsterinsights_sitenote_active":false,"_monsterinsights_sitenote_note":"","_monsterinsights_sitenote_category":0,"kk_blocks_editor_width":"","_kiokenblocks_attr":"","_kiokenblocks_dimensions":""},"categories":[9,63,51,64,8,65],"tags":[],"aioseo_notices":[],"featured_image_src":"https:\/\/erim.ief.hr\/wp-content\/uploads\/2023\/12\/logo2015_440x160.png","featured_image_src_square":"https:\/\/erim.ief.hr\/wp-content\/uploads\/2023\/12\/logo2015_440x160.png","author_info":{"display_name":"Marijana Hamersak","author_link":"https:\/\/erim.ief.hr\/en\/author\/marijana\/"},"category_info":"<a href=\"https:\/\/erim.ief.hr\/en\/category\/vijesti\/mediji\/\" rel=\"category tag\">mediji<\/a>, <a href=\"https:\/\/erim.ief.hr\/en\/category\/vijesti\/mediji\/mediji-iii\/\" rel=\"category tag\">mediji III<\/a>, <a href=\"https:\/\/erim.ief.hr\/en\/category\/vijesti\/o-erimu\/\" rel=\"category tag\">o erimu<\/a>, <a href=\"https:\/\/erim.ief.hr\/en\/category\/vijesti\/o-erimu\/o-erimu-iii\/\" rel=\"category tag\">o erimu III<\/a>, <a href=\"https:\/\/erim.ief.hr\/en\/category\/vijesti\/\" rel=\"category tag\">vijesti<\/a>, <a href=\"https:\/\/erim.ief.hr\/en\/category\/vijesti\/vijesti-iii\/\" rel=\"category tag\">vijesti III<\/a>","tags_info":"","social_share_info":"<a data-share=\"facebook\" href=\"https:\/\/www.facebook.com\/sharer.php?u=https:\/\/erim.ief.hr\/en\/vijesti\/smrti-na-granicama-suradnja-s-novinarskim-timom-e-trafike\/\" class=\"tb-facebook-share social-share-default tb-social-share\" target=\"_blank\"><i class=\"fab fa-facebook-f\" aria-hidden=\"true\"><\/i><\/a><a data-share=\"twitter\" href=\"https:\/\/twitter.com\/share?url=https:\/\/erim.ief.hr\/en\/vijesti\/smrti-na-granicama-suradnja-s-novinarskim-timom-e-trafike\/\" class=\"tb-twiiter-share social-share-default tb-social-share\" target=\"_blank\"><i class=\"fab fa-twitter\" aria-hidden=\"true\"><\/i><\/a><a data-share=\"linkedin\" href=\"https:\/\/www.linkedin.com\/shareArticle?url=https:\/\/erim.ief.hr\/en\/vijesti\/smrti-na-granicama-suradnja-s-novinarskim-timom-e-trafike\/\" class=\"tb-linkedin-share social-share-default tb-social-share\" target=\"_blank\"><i class=\"fab fa-linkedin-in\" aria-hidden=\"true\"><\/i><\/a>","wordExcerpt_info":"<p><!-- wp:paragraph {\"kioblocks\":[]} --><\/p>\n<p>Istra\u017eiva\u010di  ERIMA sudjelovali su u novinarskom istra\u017eivanju o umrlima na granicama na rijekama Bosne i Hercegovine i susjednih zemalja koje je rezultiralo \u010dlankom &#8220;<a href=\"https:\/\/www.etrafika.net\/drustvo\/90275\/nezakljuceni-gubitak\/\" target=\"_blank\" rel=\"noreferrer noopener\">Nezaklju\u010deni gubitak<\/a>&#8221; i dokumentarnim filmom <a href=\"https:\/\/www.etrafika.net\/drustvo\/90667\/pogledajte-dokumentarni-film-brat\/\">Brat<\/a>. \u010clanak je na engleskom jeziku dostupan na <a href=\"https:\/\/www.etrafika.net\/eng\/90286\/ambiguous-loss\/\">poveznici<\/a>. <\/p>\n<p><!-- \/wp:paragraph --><\/p>\n<p><!-- wp:embed {\"url\":\"https:\\\/\\\/youtu.be\\\/0oy36lmhg3k\",\"type\":\"video\",\"providerNameSlug\":\"youtube\",\"responsive\":true,\"className\":\"wp-embed-aspect-16-9 wp-has-aspect-ratio\",\"kioblocks\":[]} --><\/p>\n<figure class=\"wp-block-embed is-type-video is-provider-youtube wp-block-embed-youtube wp-embed-aspect-16-9 wp-has-aspect-ratio\">\n<div class=\"wp-block-embed__wrapper\">\nhttps:\/\/youtu.be\/0oy36lmhg3k\n<\/div>\n<\/figure>\n<p><!-- \/wp:embed --><\/p>\n<p><!-- wp:paragraph {\"kioblocks\":[]} --><\/p>\n<p><!-- \/wp:paragraph --><\/p>\n","comment_info":"0","_links":{"self":[{"href":"https:\/\/erim.ief.hr\/en\/wp-json\/wp\/v2\/posts\/3267"}],"collection":[{"href":"https:\/\/erim.ief.hr\/en\/wp-json\/wp\/v2\/posts"}],"about":[{"href":"https:\/\/erim.ief.hr\/en\/wp-json\/wp\/v2\/types\/post"}],"author":[{"embeddable":true,"href":"https:\/\/erim.ief.hr\/en\/wp-json\/wp\/v2\/users\/2"}],"replies":[{"embeddable":true,"href":"https:\/\/erim.ief.hr\/en\/wp-json\/wp\/v2\/comments?post=3267"}],"version-history":[{"count":2,"href":"https:\/\/erim.ief.hr\/en\/wp-json\/wp\/v2\/posts\/3267\/revisions"}],"predecessor-version":[{"id":3285,"href":"https:\/\/erim.ief.hr\/en\/wp-json\/wp\/v2\/posts\/3267\/revisions\/3285"}],"wp:featuredmedia":[{"embeddable":true,"href":"https:\/\/erim.ief.hr\/en\/wp-json\/wp\/v2\/media\/3268"}],"wp:attachment":[{"href":"https:\/\/erim.ief.hr\/en\/wp-json\/wp\/v2\/media?parent=3267"}],"wp:term":[{"taxonomy":"category","embeddable":true,"href":"https:\/\/erim.ief.hr\/en\/wp-json\/wp\/v2\/categories?post=3267"},{"taxonomy":"post_tag","embeddable":true,"href":"https:\/\/erim.ief.hr\/en\/wp-json\/wp\/v2\/tags?post=3267"}],"curies":[{"name":"wp","href":"https:\/\/api.w.org\/{rel}","templated":true}]}}