{"id":3315,"date":"2023-12-27T20:26:32","date_gmt":"2023-12-27T19:26:32","guid":{"rendered":"https:\/\/erim.ief.hr\/?p=3315"},"modified":"2023-12-27T20:40:43","modified_gmt":"2023-12-27T19:40:43","slug":"clanak-tee-skokic-borba-nad-ruinama-napusteni-objekti-u-bihacu-kao-sklonista-migranata","status":"publish","type":"post","link":"https:\/\/erim.ief.hr\/en\/publikacije\/clanci\/clanak-tee-skokic-borba-nad-ruinama-napusteni-objekti-u-bihacu-kao-sklonista-migranata\/","title":{"rendered":"\u010clanak Tee \u0160koki\u0107: &#8220;Borba nad ruinama: napu\u0161teni objekti u Biha\u0107u kao skloni\u0161ta migranata\u201c"},"content":{"rendered":"<p>Tea \u0160koki\u0107 objavila je znanstveni \u010dlanak \u201e<a href=\"https:\/\/hrcak.srce.hr\/file\/450315\" target=\"_blank\" rel=\"noreferrer noopener\">Borba nad ruinama. Napu\u0161teni objekti u Biha\u0107u kao skloni\u0161ta migranata<\/a>\u201c u \u010dasopisu <em>Etnolo\u0161ka tribina<\/em> 53\/ 46: 229-254.<\/p>","protected":false},"excerpt":{"rendered":"<p>Tea \u0160koki\u0107 objavila je znanstveni \u010dlanak \u201eBorba nad ruinama. Napu\u0161teni objekti u Biha\u0107u kao skloni\u0161ta migranata\u201c u \u010dasopisu Etnolo\u0161ka tribina 53\/ 46: 229-254.<\/p>","protected":false},"author":2,"featured_media":3317,"comment_status":"open","ping_status":"open","sticky":false,"template":"","format":"standard","meta":{"_monsterinsights_skip_tracking":false,"_monsterinsights_sitenote_active":false,"_monsterinsights_sitenote_note":"","_monsterinsights_sitenote_category":0,"kk_blocks_editor_width":"","_kiokenblocks_attr":"","_kiokenblocks_dimensions":""},"categories":[25,54,57,13],"tags":[],"aioseo_notices":[],"featured_image_src":"https:\/\/erim.ief.hr\/wp-content\/uploads\/2023\/12\/20180704_162321-scaled.jpg","featured_image_src_square":"https:\/\/erim.ief.hr\/wp-content\/uploads\/2023\/12\/20180704_162321-scaled.jpg","author_info":{"display_name":"Marijana Hamersak","author_link":"https:\/\/erim.ief.hr\/en\/author\/marijana\/"},"category_info":"<a href=\"https:\/\/erim.ief.hr\/en\/category\/publikacije\/\" rel=\"category tag\">publikacije<\/a>, <a href=\"https:\/\/erim.ief.hr\/en\/category\/publikacije\/publikacije-iii\/\" rel=\"category tag\">publikacije III<\/a>, <a href=\"https:\/\/erim.ief.hr\/en\/category\/publikacije\/clanci\/znanstveni-clanci-iii\/\" rel=\"category tag\">znanstveni \u010dlanci III<\/a>, <a href=\"https:\/\/erim.ief.hr\/en\/category\/publikacije\/clanci\/\" rel=\"category tag\">znanstveni i stru\u010dni \u010dlanci<\/a>","tags_info":"","social_share_info":"<a data-share=\"facebook\" href=\"https:\/\/www.facebook.com\/sharer.php?u=https:\/\/erim.ief.hr\/en\/publikacije\/clanci\/clanak-tee-skokic-borba-nad-ruinama-napusteni-objekti-u-bihacu-kao-sklonista-migranata\/\" class=\"tb-facebook-share social-share-default tb-social-share\" target=\"_blank\"><i class=\"fab fa-facebook-f\" aria-hidden=\"true\"><\/i><\/a><a data-share=\"twitter\" href=\"https:\/\/twitter.com\/share?url=https:\/\/erim.ief.hr\/en\/publikacije\/clanci\/clanak-tee-skokic-borba-nad-ruinama-napusteni-objekti-u-bihacu-kao-sklonista-migranata\/\" class=\"tb-twiiter-share social-share-default tb-social-share\" target=\"_blank\"><i class=\"fab fa-twitter\" aria-hidden=\"true\"><\/i><\/a><a data-share=\"linkedin\" href=\"https:\/\/www.linkedin.com\/shareArticle?url=https:\/\/erim.ief.hr\/en\/publikacije\/clanci\/clanak-tee-skokic-borba-nad-ruinama-napusteni-objekti-u-bihacu-kao-sklonista-migranata\/\" class=\"tb-linkedin-share social-share-default tb-social-share\" target=\"_blank\"><i class=\"fab fa-linkedin-in\" aria-hidden=\"true\"><\/i><\/a>","wordExcerpt_info":"<p><!-- wp:paragraph {\"kioblocks\":[]} --><\/p>\n<p>Tea \u0160koki\u0107 objavila je znanstveni \u010dlanak \u201e<a href=\"https:\/\/hrcak.srce.hr\/file\/450315\" target=\"_blank\" rel=\"noreferrer noopener\">Borba nad ruinama. Napu\u0161teni objekti u Biha\u0107u kao skloni\u0161ta migranata<\/a>\u201c u \u010dasopisu <em>Etnolo\u0161ka tribina<\/em> 53\/ 46: 229-254.<\/p>\n<p><!-- \/wp:paragraph --><\/p>\n","comment_info":"0","_links":{"self":[{"href":"https:\/\/erim.ief.hr\/en\/wp-json\/wp\/v2\/posts\/3315"}],"collection":[{"href":"https:\/\/erim.ief.hr\/en\/wp-json\/wp\/v2\/posts"}],"about":[{"href":"https:\/\/erim.ief.hr\/en\/wp-json\/wp\/v2\/types\/post"}],"author":[{"embeddable":true,"href":"https:\/\/erim.ief.hr\/en\/wp-json\/wp\/v2\/users\/2"}],"replies":[{"embeddable":true,"href":"https:\/\/erim.ief.hr\/en\/wp-json\/wp\/v2\/comments?post=3315"}],"version-history":[{"count":1,"href":"https:\/\/erim.ief.hr\/en\/wp-json\/wp\/v2\/posts\/3315\/revisions"}],"predecessor-version":[{"id":3318,"href":"https:\/\/erim.ief.hr\/en\/wp-json\/wp\/v2\/posts\/3315\/revisions\/3318"}],"wp:featuredmedia":[{"embeddable":true,"href":"https:\/\/erim.ief.hr\/en\/wp-json\/wp\/v2\/media\/3317"}],"wp:attachment":[{"href":"https:\/\/erim.ief.hr\/en\/wp-json\/wp\/v2\/media?parent=3315"}],"wp:term":[{"taxonomy":"category","embeddable":true,"href":"https:\/\/erim.ief.hr\/en\/wp-json\/wp\/v2\/categories?post=3315"},{"taxonomy":"post_tag","embeddable":true,"href":"https:\/\/erim.ief.hr\/en\/wp-json\/wp\/v2\/tags?post=3315"}],"curies":[{"name":"wp","href":"https:\/\/api.w.org\/{rel}","templated":true}]}}