{"id":3611,"date":"2024-04-21T08:20:05","date_gmt":"2024-04-21T06:20:05","guid":{"rendered":"https:\/\/erim.ief.hr\/?p=3611"},"modified":"2024-06-18T20:48:15","modified_gmt":"2024-06-18T18:48:15","slug":"odrzana-konferencija-keywording-erim","status":"publish","type":"post","link":"https:\/\/erim.ief.hr\/en\/predavanja-i-tribine\/odrzana-konferencija-keywording-erim\/","title":{"rendered":"Odr\u017eana konferencija Keywording ERIM"},"content":{"rendered":"<p>U Zagrebu je od 11. do 13. aprila 2024. godine odr\u017eana zavr\u0161na ERIMOVA projektna konferencija  <em>Keywording the European Irregularized Migration Regime: Reflections from\/on the Peripheries<\/em> na kojoj je sudjelovalo gotovo pedeset izlaga\u010da iz razli\u010ditih dijelova Europe.  Izlaganja su pratile bogate i fokusirane diskusije, a u okviru konferencije odr\u017eana je i audio \u0161etnja <em>Railway from another perspective <\/em>koju su osmislili i vodili suradnici ERIMA<em>.<\/em> <\/p>\n\n\n\n<p>Knji\u017eica sa\u017eetaka dostupna je <a href=\"https:\/\/erim.ief.hr\/wp-content\/uploads\/2024\/04\/Keywording-ERIM-boa-1.pdf\">ovdje<\/a>, a galerija fotografija s konferencije u nastavku: <\/p>\n\n\n\n<figure class=\"wp-block-gallery columns-3 is-cropped\"><ul class=\"blocks-gallery-grid\"><li class=\"blocks-gallery-item\"><figure><img loading=\"lazy\" width=\"1024\" height=\"1024\" src=\"http:\/\/erim.ief.hr\/wp-content\/uploads\/2024\/04\/Keywording-ERIM-11.-4.-2024.-Photo-Marijana-Hamersak-6-1-1024x1024.jpg\" alt=\"\" data-id=\"3604\" data-full-url=\"http:\/\/erim.ief.hr\/wp-content\/uploads\/2024\/04\/Keywording-ERIM-11.-4.-2024.-Photo-Marijana-Hamersak-6-1-scaled.jpg\" data-link=\"https:\/\/erim.ief.hr\/keywording-european-irregularized-migration-regime\/attachment\/keywording-erim-11-4-2024-photo-marijana-hamersak-6-1\/\" class=\"wp-image-3604\" srcset=\"https:\/\/erim.ief.hr\/wp-content\/uploads\/2024\/04\/Keywording-ERIM-11.-4.-2024.-Photo-Marijana-Hamersak-6-1-1024x1024.jpg 1024w, https:\/\/erim.ief.hr\/wp-content\/uploads\/2024\/04\/Keywording-ERIM-11.-4.-2024.-Photo-Marijana-Hamersak-6-1-300x300.jpg 300w, https:\/\/erim.ief.hr\/wp-content\/uploads\/2024\/04\/Keywording-ERIM-11.-4.-2024.-Photo-Marijana-Hamersak-6-1-150x150.jpg 150w, https:\/\/erim.ief.hr\/wp-content\/uploads\/2024\/04\/Keywording-ERIM-11.-4.-2024.-Photo-Marijana-Hamersak-6-1-768x768.jpg 768w, https:\/\/erim.ief.hr\/wp-content\/uploads\/2024\/04\/Keywording-ERIM-11.-4.-2024.-Photo-Marijana-Hamersak-6-1-1536x1536.jpg 1536w, https:\/\/erim.ief.hr\/wp-content\/uploads\/2024\/04\/Keywording-ERIM-11.-4.-2024.-Photo-Marijana-Hamersak-6-1-2048x2048.jpg 2048w, https:\/\/erim.ief.hr\/wp-content\/uploads\/2024\/04\/Keywording-ERIM-11.-4.-2024.-Photo-Marijana-Hamersak-6-1-12x12.jpg 12w, https:\/\/erim.ief.hr\/wp-content\/uploads\/2024\/04\/Keywording-ERIM-11.-4.-2024.-Photo-Marijana-Hamersak-6-1-600x600.jpg 600w, https:\/\/erim.ief.hr\/wp-content\/uploads\/2024\/04\/Keywording-ERIM-11.-4.-2024.-Photo-Marijana-Hamersak-6-1-140x140.jpg 140w, https:\/\/erim.ief.hr\/wp-content\/uploads\/2024\/04\/Keywording-ERIM-11.-4.-2024.-Photo-Marijana-Hamersak-6-1-597x597.jpg 597w, https:\/\/erim.ief.hr\/wp-content\/uploads\/2024\/04\/Keywording-ERIM-11.-4.-2024.-Photo-Marijana-Hamersak-6-1-210x210.jpg 210w\" sizes=\"(max-width: 1024px) 100vw, 1024px\" \/><\/figure><\/li><li class=\"blocks-gallery-item\"><figure><img loading=\"lazy\" width=\"1024\" height=\"1024\" src=\"http:\/\/erim.ief.hr\/wp-content\/uploads\/2024\/04\/Keywording-ERIM-13.-4.-2024.-Photo-Marijana-Hamersak-7-1024x1024.jpg\" alt=\"\" data-id=\"3603\" data-full-url=\"http:\/\/erim.ief.hr\/wp-content\/uploads\/2024\/04\/Keywording-ERIM-13.-4.-2024.-Photo-Marijana-Hamersak-7-scaled.jpg\" data-link=\"https:\/\/erim.ief.hr\/keywording-european-irregularized-migration-regime\/attachment\/keywording-erim-13-4-2024-photo-marijana-hamersak-7\/\" class=\"wp-image-3603\" srcset=\"https:\/\/erim.ief.hr\/wp-content\/uploads\/2024\/04\/Keywording-ERIM-13.-4.-2024.-Photo-Marijana-Hamersak-7-1024x1024.jpg 1024w, https:\/\/erim.ief.hr\/wp-content\/uploads\/2024\/04\/Keywording-ERIM-13.-4.-2024.-Photo-Marijana-Hamersak-7-300x300.jpg 300w, https:\/\/erim.ief.hr\/wp-content\/uploads\/2024\/04\/Keywording-ERIM-13.-4.-2024.-Photo-Marijana-Hamersak-7-150x150.jpg 150w, https:\/\/erim.ief.hr\/wp-content\/uploads\/2024\/04\/Keywording-ERIM-13.-4.-2024.-Photo-Marijana-Hamersak-7-768x768.jpg 768w, https:\/\/erim.ief.hr\/wp-content\/uploads\/2024\/04\/Keywording-ERIM-13.-4.-2024.-Photo-Marijana-Hamersak-7-1536x1536.jpg 1536w, https:\/\/erim.ief.hr\/wp-content\/uploads\/2024\/04\/Keywording-ERIM-13.-4.-2024.-Photo-Marijana-Hamersak-7-2048x2048.jpg 2048w, https:\/\/erim.ief.hr\/wp-content\/uploads\/2024\/04\/Keywording-ERIM-13.-4.-2024.-Photo-Marijana-Hamersak-7-12x12.jpg 12w, https:\/\/erim.ief.hr\/wp-content\/uploads\/2024\/04\/Keywording-ERIM-13.-4.-2024.-Photo-Marijana-Hamersak-7-600x600.jpg 600w, https:\/\/erim.ief.hr\/wp-content\/uploads\/2024\/04\/Keywording-ERIM-13.-4.-2024.-Photo-Marijana-Hamersak-7-140x140.jpg 140w, https:\/\/erim.ief.hr\/wp-content\/uploads\/2024\/04\/Keywording-ERIM-13.-4.-2024.-Photo-Marijana-Hamersak-7-597x597.jpg 597w, https:\/\/erim.ief.hr\/wp-content\/uploads\/2024\/04\/Keywording-ERIM-13.-4.-2024.-Photo-Marijana-Hamersak-7-210x210.jpg 210w\" sizes=\"(max-width: 1024px) 100vw, 1024px\" \/><\/figure><\/li><li class=\"blocks-gallery-item\"><figure><img loading=\"lazy\" width=\"1024\" height=\"1024\" src=\"http:\/\/erim.ief.hr\/wp-content\/uploads\/2024\/04\/Keywording-ERIM-13.-4.-2024.-Photo-Marijana-Hamersak-6-1024x1024.jpg\" alt=\"\" data-id=\"3602\" data-full-url=\"http:\/\/erim.ief.hr\/wp-content\/uploads\/2024\/04\/Keywording-ERIM-13.-4.-2024.-Photo-Marijana-Hamersak-6-scaled.jpg\" data-link=\"https:\/\/erim.ief.hr\/keywording-european-irregularized-migration-regime\/attachment\/keywording-erim-13-4-2024-photo-marijana-hamersak-6\/\" class=\"wp-image-3602\" srcset=\"https:\/\/erim.ief.hr\/wp-content\/uploads\/2024\/04\/Keywording-ERIM-13.-4.-2024.-Photo-Marijana-Hamersak-6-1024x1024.jpg 1024w, https:\/\/erim.ief.hr\/wp-content\/uploads\/2024\/04\/Keywording-ERIM-13.-4.-2024.-Photo-Marijana-Hamersak-6-300x300.jpg 300w, https:\/\/erim.ief.hr\/wp-content\/uploads\/2024\/04\/Keywording-ERIM-13.-4.-2024.-Photo-Marijana-Hamersak-6-150x150.jpg 150w, https:\/\/erim.ief.hr\/wp-content\/uploads\/2024\/04\/Keywording-ERIM-13.-4.-2024.-Photo-Marijana-Hamersak-6-768x768.jpg 768w, https:\/\/erim.ief.hr\/wp-content\/uploads\/2024\/04\/Keywording-ERIM-13.-4.-2024.-Photo-Marijana-Hamersak-6-1536x1536.jpg 1536w, https:\/\/erim.ief.hr\/wp-content\/uploads\/2024\/04\/Keywording-ERIM-13.-4.-2024.-Photo-Marijana-Hamersak-6-2048x2048.jpg 2048w, https:\/\/erim.ief.hr\/wp-content\/uploads\/2024\/04\/Keywording-ERIM-13.-4.-2024.-Photo-Marijana-Hamersak-6-12x12.jpg 12w, https:\/\/erim.ief.hr\/wp-content\/uploads\/2024\/04\/Keywording-ERIM-13.-4.-2024.-Photo-Marijana-Hamersak-6-600x600.jpg 600w, https:\/\/erim.ief.hr\/wp-content\/uploads\/2024\/04\/Keywording-ERIM-13.-4.-2024.-Photo-Marijana-Hamersak-6-140x140.jpg 140w, https:\/\/erim.ief.hr\/wp-content\/uploads\/2024\/04\/Keywording-ERIM-13.-4.-2024.-Photo-Marijana-Hamersak-6-597x597.jpg 597w, https:\/\/erim.ief.hr\/wp-content\/uploads\/2024\/04\/Keywording-ERIM-13.-4.-2024.-Photo-Marijana-Hamersak-6-210x210.jpg 210w\" sizes=\"(max-width: 1024px) 100vw, 1024px\" \/><\/figure><\/li><li class=\"blocks-gallery-item\"><figure><img loading=\"lazy\" width=\"1024\" height=\"1024\" src=\"http:\/\/erim.ief.hr\/wp-content\/uploads\/2024\/04\/Keywording-ERIM-13.-4.-2024.-Photo-Marijana-Hamersak-5-1024x1024.jpg\" alt=\"\" data-id=\"3601\" data-full-url=\"http:\/\/erim.ief.hr\/wp-content\/uploads\/2024\/04\/Keywording-ERIM-13.-4.-2024.-Photo-Marijana-Hamersak-5-scaled.jpg\" data-link=\"https:\/\/erim.ief.hr\/keywording-european-irregularized-migration-regime\/attachment\/keywording-erim-13-4-2024-photo-marijana-hamersak-5\/\" class=\"wp-image-3601\" srcset=\"https:\/\/erim.ief.hr\/wp-content\/uploads\/2024\/04\/Keywording-ERIM-13.-4.-2024.-Photo-Marijana-Hamersak-5-1024x1024.jpg 1024w, https:\/\/erim.ief.hr\/wp-content\/uploads\/2024\/04\/Keywording-ERIM-13.-4.-2024.-Photo-Marijana-Hamersak-5-300x300.jpg 300w, https:\/\/erim.ief.hr\/wp-content\/uploads\/2024\/04\/Keywording-ERIM-13.-4.-2024.-Photo-Marijana-Hamersak-5-150x150.jpg 150w, https:\/\/erim.ief.hr\/wp-content\/uploads\/2024\/04\/Keywording-ERIM-13.-4.-2024.-Photo-Marijana-Hamersak-5-768x768.jpg 768w, https:\/\/erim.ief.hr\/wp-content\/uploads\/2024\/04\/Keywording-ERIM-13.-4.-2024.-Photo-Marijana-Hamersak-5-1536x1536.jpg 1536w, https:\/\/erim.ief.hr\/wp-content\/uploads\/2024\/04\/Keywording-ERIM-13.-4.-2024.-Photo-Marijana-Hamersak-5-2048x2048.jpg 2048w, https:\/\/erim.ief.hr\/wp-content\/uploads\/2024\/04\/Keywording-ERIM-13.-4.-2024.-Photo-Marijana-Hamersak-5-12x12.jpg 12w, https:\/\/erim.ief.hr\/wp-content\/uploads\/2024\/04\/Keywording-ERIM-13.-4.-2024.-Photo-Marijana-Hamersak-5-600x600.jpg 600w, https:\/\/erim.ief.hr\/wp-content\/uploads\/2024\/04\/Keywording-ERIM-13.-4.-2024.-Photo-Marijana-Hamersak-5-140x140.jpg 140w, https:\/\/erim.ief.hr\/wp-content\/uploads\/2024\/04\/Keywording-ERIM-13.-4.-2024.-Photo-Marijana-Hamersak-5-597x597.jpg 597w, https:\/\/erim.ief.hr\/wp-content\/uploads\/2024\/04\/Keywording-ERIM-13.-4.-2024.-Photo-Marijana-Hamersak-5-210x210.jpg 210w\" sizes=\"(max-width: 1024px) 100vw, 1024px\" \/><\/figure><\/li><li class=\"blocks-gallery-item\"><figure><img loading=\"lazy\" width=\"1024\" height=\"1024\" src=\"http:\/\/erim.ief.hr\/wp-content\/uploads\/2024\/04\/Keywording-ERIM-13.-4.-2024.-Photo-Marijana-Hamersak-4-1024x1024.jpg\" alt=\"\" data-id=\"3600\" data-full-url=\"http:\/\/erim.ief.hr\/wp-content\/uploads\/2024\/04\/Keywording-ERIM-13.-4.-2024.-Photo-Marijana-Hamersak-4-scaled.jpg\" data-link=\"https:\/\/erim.ief.hr\/keywording-european-irregularized-migration-regime\/attachment\/keywording-erim-13-4-2024-photo-marijana-hamersak-4\/\" class=\"wp-image-3600\" srcset=\"https:\/\/erim.ief.hr\/wp-content\/uploads\/2024\/04\/Keywording-ERIM-13.-4.-2024.-Photo-Marijana-Hamersak-4-1024x1024.jpg 1024w, https:\/\/erim.ief.hr\/wp-content\/uploads\/2024\/04\/Keywording-ERIM-13.-4.-2024.-Photo-Marijana-Hamersak-4-300x300.jpg 300w, https:\/\/erim.ief.hr\/wp-content\/uploads\/2024\/04\/Keywording-ERIM-13.-4.-2024.-Photo-Marijana-Hamersak-4-150x150.jpg 150w, https:\/\/erim.ief.hr\/wp-content\/uploads\/2024\/04\/Keywording-ERIM-13.-4.-2024.-Photo-Marijana-Hamersak-4-768x768.jpg 768w, https:\/\/erim.ief.hr\/wp-content\/uploads\/2024\/04\/Keywording-ERIM-13.-4.-2024.-Photo-Marijana-Hamersak-4-1536x1536.jpg 1536w, https:\/\/erim.ief.hr\/wp-content\/uploads\/2024\/04\/Keywording-ERIM-13.-4.-2024.-Photo-Marijana-Hamersak-4-2048x2048.jpg 2048w, https:\/\/erim.ief.hr\/wp-content\/uploads\/2024\/04\/Keywording-ERIM-13.-4.-2024.-Photo-Marijana-Hamersak-4-12x12.jpg 12w, https:\/\/erim.ief.hr\/wp-content\/uploads\/2024\/04\/Keywording-ERIM-13.-4.-2024.-Photo-Marijana-Hamersak-4-600x600.jpg 600w, https:\/\/erim.ief.hr\/wp-content\/uploads\/2024\/04\/Keywording-ERIM-13.-4.-2024.-Photo-Marijana-Hamersak-4-140x140.jpg 140w, https:\/\/erim.ief.hr\/wp-content\/uploads\/2024\/04\/Keywording-ERIM-13.-4.-2024.-Photo-Marijana-Hamersak-4-597x597.jpg 597w, https:\/\/erim.ief.hr\/wp-content\/uploads\/2024\/04\/Keywording-ERIM-13.-4.-2024.-Photo-Marijana-Hamersak-4-210x210.jpg 210w\" sizes=\"(max-width: 1024px) 100vw, 1024px\" \/><\/figure><\/li><li class=\"blocks-gallery-item\"><figure><img loading=\"lazy\" width=\"1024\" height=\"1024\" src=\"http:\/\/erim.ief.hr\/wp-content\/uploads\/2024\/04\/Keywording-ERIM-13.-4.-2024.-Photo-Marijana-Hamersak-3-1024x1024.jpg\" alt=\"\" data-id=\"3599\" data-full-url=\"http:\/\/erim.ief.hr\/wp-content\/uploads\/2024\/04\/Keywording-ERIM-13.-4.-2024.-Photo-Marijana-Hamersak-3-scaled.jpg\" data-link=\"https:\/\/erim.ief.hr\/keywording-european-irregularized-migration-regime\/attachment\/keywording-erim-13-4-2024-photo-marijana-hamersak-3\/\" class=\"wp-image-3599\" srcset=\"https:\/\/erim.ief.hr\/wp-content\/uploads\/2024\/04\/Keywording-ERIM-13.-4.-2024.-Photo-Marijana-Hamersak-3-1024x1024.jpg 1024w, https:\/\/erim.ief.hr\/wp-content\/uploads\/2024\/04\/Keywording-ERIM-13.-4.-2024.-Photo-Marijana-Hamersak-3-300x300.jpg 300w, https:\/\/erim.ief.hr\/wp-content\/uploads\/2024\/04\/Keywording-ERIM-13.-4.-2024.-Photo-Marijana-Hamersak-3-150x150.jpg 150w, https:\/\/erim.ief.hr\/wp-content\/uploads\/2024\/04\/Keywording-ERIM-13.-4.-2024.-Photo-Marijana-Hamersak-3-768x768.jpg 768w, https:\/\/erim.ief.hr\/wp-content\/uploads\/2024\/04\/Keywording-ERIM-13.-4.-2024.-Photo-Marijana-Hamersak-3-1536x1536.jpg 1536w, https:\/\/erim.ief.hr\/wp-content\/uploads\/2024\/04\/Keywording-ERIM-13.-4.-2024.-Photo-Marijana-Hamersak-3-2048x2048.jpg 2048w, https:\/\/erim.ief.hr\/wp-content\/uploads\/2024\/04\/Keywording-ERIM-13.-4.-2024.-Photo-Marijana-Hamersak-3-12x12.jpg 12w, https:\/\/erim.ief.hr\/wp-content\/uploads\/2024\/04\/Keywording-ERIM-13.-4.-2024.-Photo-Marijana-Hamersak-3-600x600.jpg 600w, https:\/\/erim.ief.hr\/wp-content\/uploads\/2024\/04\/Keywording-ERIM-13.-4.-2024.-Photo-Marijana-Hamersak-3-140x140.jpg 140w, https:\/\/erim.ief.hr\/wp-content\/uploads\/2024\/04\/Keywording-ERIM-13.-4.-2024.-Photo-Marijana-Hamersak-3-597x597.jpg 597w, https:\/\/erim.ief.hr\/wp-content\/uploads\/2024\/04\/Keywording-ERIM-13.-4.-2024.-Photo-Marijana-Hamersak-3-210x210.jpg 210w\" sizes=\"(max-width: 1024px) 100vw, 1024px\" \/><\/figure><\/li><li class=\"blocks-gallery-item\"><figure><img loading=\"lazy\" width=\"1024\" height=\"1024\" src=\"http:\/\/erim.ief.hr\/wp-content\/uploads\/2024\/04\/Keywording-ERIM-13.-4.-2024.-Photo-Marijana-Hamersak-2-1024x1024.jpg\" alt=\"\" data-id=\"3598\" data-full-url=\"http:\/\/erim.ief.hr\/wp-content\/uploads\/2024\/04\/Keywording-ERIM-13.-4.-2024.-Photo-Marijana-Hamersak-2-scaled.jpg\" data-link=\"https:\/\/erim.ief.hr\/keywording-european-irregularized-migration-regime\/attachment\/keywording-erim-13-4-2024-photo-marijana-hamersak-2\/\" class=\"wp-image-3598\" srcset=\"https:\/\/erim.ief.hr\/wp-content\/uploads\/2024\/04\/Keywording-ERIM-13.-4.-2024.-Photo-Marijana-Hamersak-2-1024x1024.jpg 1024w, https:\/\/erim.ief.hr\/wp-content\/uploads\/2024\/04\/Keywording-ERIM-13.-4.-2024.-Photo-Marijana-Hamersak-2-300x300.jpg 300w, https:\/\/erim.ief.hr\/wp-content\/uploads\/2024\/04\/Keywording-ERIM-13.-4.-2024.-Photo-Marijana-Hamersak-2-150x150.jpg 150w, https:\/\/erim.ief.hr\/wp-content\/uploads\/2024\/04\/Keywording-ERIM-13.-4.-2024.-Photo-Marijana-Hamersak-2-768x768.jpg 768w, https:\/\/erim.ief.hr\/wp-content\/uploads\/2024\/04\/Keywording-ERIM-13.-4.-2024.-Photo-Marijana-Hamersak-2-1536x1536.jpg 1536w, https:\/\/erim.ief.hr\/wp-content\/uploads\/2024\/04\/Keywording-ERIM-13.-4.-2024.-Photo-Marijana-Hamersak-2-2048x2048.jpg 2048w, https:\/\/erim.ief.hr\/wp-content\/uploads\/2024\/04\/Keywording-ERIM-13.-4.-2024.-Photo-Marijana-Hamersak-2-12x12.jpg 12w, https:\/\/erim.ief.hr\/wp-content\/uploads\/2024\/04\/Keywording-ERIM-13.-4.-2024.-Photo-Marijana-Hamersak-2-600x600.jpg 600w, https:\/\/erim.ief.hr\/wp-content\/uploads\/2024\/04\/Keywording-ERIM-13.-4.-2024.-Photo-Marijana-Hamersak-2-140x140.jpg 140w, https:\/\/erim.ief.hr\/wp-content\/uploads\/2024\/04\/Keywording-ERIM-13.-4.-2024.-Photo-Marijana-Hamersak-2-597x597.jpg 597w, https:\/\/erim.ief.hr\/wp-content\/uploads\/2024\/04\/Keywording-ERIM-13.-4.-2024.-Photo-Marijana-Hamersak-2-210x210.jpg 210w\" sizes=\"(max-width: 1024px) 100vw, 1024px\" \/><\/figure><\/li><li class=\"blocks-gallery-item\"><figure><img loading=\"lazy\" width=\"1024\" height=\"461\" src=\"http:\/\/erim.ief.hr\/wp-content\/uploads\/2024\/04\/Keywording-ERIM-13.-4.-2024.-Photo-Bojan-Mucko-14-1024x461.jpg\" alt=\"\" data-id=\"3589\" data-full-url=\"http:\/\/erim.ief.hr\/wp-content\/uploads\/2024\/04\/Keywording-ERIM-13.-4.-2024.-Photo-Bojan-Mucko-14-scaled.jpg\" data-link=\"https:\/\/erim.ief.hr\/keywording-european-irregularized-migration-regime\/attachment\/keywording-erim-13-4-2024-photo-bojan-mucko-14\/\" class=\"wp-image-3589\" srcset=\"https:\/\/erim.ief.hr\/wp-content\/uploads\/2024\/04\/Keywording-ERIM-13.-4.-2024.-Photo-Bojan-Mucko-14-1024x461.jpg 1024w, https:\/\/erim.ief.hr\/wp-content\/uploads\/2024\/04\/Keywording-ERIM-13.-4.-2024.-Photo-Bojan-Mucko-14-300x135.jpg 300w, https:\/\/erim.ief.hr\/wp-content\/uploads\/2024\/04\/Keywording-ERIM-13.-4.-2024.-Photo-Bojan-Mucko-14-768x346.jpg 768w, https:\/\/erim.ief.hr\/wp-content\/uploads\/2024\/04\/Keywording-ERIM-13.-4.-2024.-Photo-Bojan-Mucko-14-1536x691.jpg 1536w, https:\/\/erim.ief.hr\/wp-content\/uploads\/2024\/04\/Keywording-ERIM-13.-4.-2024.-Photo-Bojan-Mucko-14-2048x922.jpg 2048w, https:\/\/erim.ief.hr\/wp-content\/uploads\/2024\/04\/Keywording-ERIM-13.-4.-2024.-Photo-Bojan-Mucko-14-18x8.jpg 18w, https:\/\/erim.ief.hr\/wp-content\/uploads\/2024\/04\/Keywording-ERIM-13.-4.-2024.-Photo-Bojan-Mucko-14-311x140.jpg 311w, https:\/\/erim.ief.hr\/wp-content\/uploads\/2024\/04\/Keywording-ERIM-13.-4.-2024.-Photo-Bojan-Mucko-14-597x269.jpg 597w, https:\/\/erim.ief.hr\/wp-content\/uploads\/2024\/04\/Keywording-ERIM-13.-4.-2024.-Photo-Bojan-Mucko-14-467x210.jpg 467w\" sizes=\"(max-width: 1024px) 100vw, 1024px\" \/><\/figure><\/li><li class=\"blocks-gallery-item\"><figure><img loading=\"lazy\" width=\"1024\" height=\"461\" src=\"http:\/\/erim.ief.hr\/wp-content\/uploads\/2024\/04\/Keywording-ERIM-13.-4.-2024.-Photo-Bojan-Mucko-12-1024x461.jpg\" alt=\"\" data-id=\"3586\" data-full-url=\"http:\/\/erim.ief.hr\/wp-content\/uploads\/2024\/04\/Keywording-ERIM-13.-4.-2024.-Photo-Bojan-Mucko-12-scaled.jpg\" data-link=\"https:\/\/erim.ief.hr\/keywording-european-irregularized-migration-regime\/attachment\/keywording-erim-13-4-2024-photo-bojan-mucko-12\/\" class=\"wp-image-3586\" srcset=\"https:\/\/erim.ief.hr\/wp-content\/uploads\/2024\/04\/Keywording-ERIM-13.-4.-2024.-Photo-Bojan-Mucko-12-1024x461.jpg 1024w, https:\/\/erim.ief.hr\/wp-content\/uploads\/2024\/04\/Keywording-ERIM-13.-4.-2024.-Photo-Bojan-Mucko-12-300x135.jpg 300w, https:\/\/erim.ief.hr\/wp-content\/uploads\/2024\/04\/Keywording-ERIM-13.-4.-2024.-Photo-Bojan-Mucko-12-768x346.jpg 768w, https:\/\/erim.ief.hr\/wp-content\/uploads\/2024\/04\/Keywording-ERIM-13.-4.-2024.-Photo-Bojan-Mucko-12-1536x691.jpg 1536w, https:\/\/erim.ief.hr\/wp-content\/uploads\/2024\/04\/Keywording-ERIM-13.-4.-2024.-Photo-Bojan-Mucko-12-2048x922.jpg 2048w, https:\/\/erim.ief.hr\/wp-content\/uploads\/2024\/04\/Keywording-ERIM-13.-4.-2024.-Photo-Bojan-Mucko-12-18x8.jpg 18w, https:\/\/erim.ief.hr\/wp-content\/uploads\/2024\/04\/Keywording-ERIM-13.-4.-2024.-Photo-Bojan-Mucko-12-311x140.jpg 311w, https:\/\/erim.ief.hr\/wp-content\/uploads\/2024\/04\/Keywording-ERIM-13.-4.-2024.-Photo-Bojan-Mucko-12-597x269.jpg 597w, https:\/\/erim.ief.hr\/wp-content\/uploads\/2024\/04\/Keywording-ERIM-13.-4.-2024.-Photo-Bojan-Mucko-12-467x210.jpg 467w\" sizes=\"(max-width: 1024px) 100vw, 1024px\" \/><\/figure><\/li><li class=\"blocks-gallery-item\"><figure><img loading=\"lazy\" width=\"1024\" height=\"1024\" src=\"http:\/\/erim.ief.hr\/wp-content\/uploads\/2024\/04\/Keywording-ERIM-12.-4.-2024.-Photo-Marijana-Hamersak-8-1024x1024.jpg\" alt=\"\" data-id=\"3584\" data-full-url=\"http:\/\/erim.ief.hr\/wp-content\/uploads\/2024\/04\/Keywording-ERIM-12.-4.-2024.-Photo-Marijana-Hamersak-8-scaled.jpg\" data-link=\"https:\/\/erim.ief.hr\/keywording-european-irregularized-migration-regime\/attachment\/keywording-erim-12-4-2024-photo-marijana-hamersak-8\/\" class=\"wp-image-3584\" srcset=\"https:\/\/erim.ief.hr\/wp-content\/uploads\/2024\/04\/Keywording-ERIM-12.-4.-2024.-Photo-Marijana-Hamersak-8-1024x1024.jpg 1024w, https:\/\/erim.ief.hr\/wp-content\/uploads\/2024\/04\/Keywording-ERIM-12.-4.-2024.-Photo-Marijana-Hamersak-8-300x300.jpg 300w, https:\/\/erim.ief.hr\/wp-content\/uploads\/2024\/04\/Keywording-ERIM-12.-4.-2024.-Photo-Marijana-Hamersak-8-150x150.jpg 150w, https:\/\/erim.ief.hr\/wp-content\/uploads\/2024\/04\/Keywording-ERIM-12.-4.-2024.-Photo-Marijana-Hamersak-8-768x768.jpg 768w, https:\/\/erim.ief.hr\/wp-content\/uploads\/2024\/04\/Keywording-ERIM-12.-4.-2024.-Photo-Marijana-Hamersak-8-1536x1536.jpg 1536w, https:\/\/erim.ief.hr\/wp-content\/uploads\/2024\/04\/Keywording-ERIM-12.-4.-2024.-Photo-Marijana-Hamersak-8-2048x2048.jpg 2048w, https:\/\/erim.ief.hr\/wp-content\/uploads\/2024\/04\/Keywording-ERIM-12.-4.-2024.-Photo-Marijana-Hamersak-8-12x12.jpg 12w, https:\/\/erim.ief.hr\/wp-content\/uploads\/2024\/04\/Keywording-ERIM-12.-4.-2024.-Photo-Marijana-Hamersak-8-600x600.jpg 600w, https:\/\/erim.ief.hr\/wp-content\/uploads\/2024\/04\/Keywording-ERIM-12.-4.-2024.-Photo-Marijana-Hamersak-8-140x140.jpg 140w, https:\/\/erim.ief.hr\/wp-content\/uploads\/2024\/04\/Keywording-ERIM-12.-4.-2024.-Photo-Marijana-Hamersak-8-597x597.jpg 597w, https:\/\/erim.ief.hr\/wp-content\/uploads\/2024\/04\/Keywording-ERIM-12.-4.-2024.-Photo-Marijana-Hamersak-8-210x210.jpg 210w\" sizes=\"(max-width: 1024px) 100vw, 1024px\" \/><\/figure><\/li><li class=\"blocks-gallery-item\"><figure><img loading=\"lazy\" width=\"1024\" height=\"461\" src=\"http:\/\/erim.ief.hr\/wp-content\/uploads\/2024\/04\/Keywording-ERIM-13.-4.-2024.-Photo-Bojan-Mucko-10-1024x461.jpg\" alt=\"\" data-id=\"3583\" data-full-url=\"http:\/\/erim.ief.hr\/wp-content\/uploads\/2024\/04\/Keywording-ERIM-13.-4.-2024.-Photo-Bojan-Mucko-10-scaled.jpg\" data-link=\"https:\/\/erim.ief.hr\/keywording-european-irregularized-migration-regime\/attachment\/keywording-erim-13-4-2024-photo-bojan-mucko-10\/\" class=\"wp-image-3583\" srcset=\"https:\/\/erim.ief.hr\/wp-content\/uploads\/2024\/04\/Keywording-ERIM-13.-4.-2024.-Photo-Bojan-Mucko-10-1024x461.jpg 1024w, https:\/\/erim.ief.hr\/wp-content\/uploads\/2024\/04\/Keywording-ERIM-13.-4.-2024.-Photo-Bojan-Mucko-10-300x135.jpg 300w, https:\/\/erim.ief.hr\/wp-content\/uploads\/2024\/04\/Keywording-ERIM-13.-4.-2024.-Photo-Bojan-Mucko-10-768x346.jpg 768w, https:\/\/erim.ief.hr\/wp-content\/uploads\/2024\/04\/Keywording-ERIM-13.-4.-2024.-Photo-Bojan-Mucko-10-1536x691.jpg 1536w, https:\/\/erim.ief.hr\/wp-content\/uploads\/2024\/04\/Keywording-ERIM-13.-4.-2024.-Photo-Bojan-Mucko-10-2048x922.jpg 2048w, https:\/\/erim.ief.hr\/wp-content\/uploads\/2024\/04\/Keywording-ERIM-13.-4.-2024.-Photo-Bojan-Mucko-10-18x8.jpg 18w, https:\/\/erim.ief.hr\/wp-content\/uploads\/2024\/04\/Keywording-ERIM-13.-4.-2024.-Photo-Bojan-Mucko-10-311x140.jpg 311w, https:\/\/erim.ief.hr\/wp-content\/uploads\/2024\/04\/Keywording-ERIM-13.-4.-2024.-Photo-Bojan-Mucko-10-597x269.jpg 597w, https:\/\/erim.ief.hr\/wp-content\/uploads\/2024\/04\/Keywording-ERIM-13.-4.-2024.-Photo-Bojan-Mucko-10-467x210.jpg 467w\" sizes=\"(max-width: 1024px) 100vw, 1024px\" \/><\/figure><\/li><li class=\"blocks-gallery-item\"><figure><img loading=\"lazy\" width=\"1024\" height=\"1024\" src=\"http:\/\/erim.ief.hr\/wp-content\/uploads\/2024\/04\/Keywording-ERIM-12.-4.-2024.-Photo-Marijana-Hamersak-7-1024x1024.jpg\" alt=\"\" data-id=\"3582\" data-full-url=\"http:\/\/erim.ief.hr\/wp-content\/uploads\/2024\/04\/Keywording-ERIM-12.-4.-2024.-Photo-Marijana-Hamersak-7-scaled.jpg\" data-link=\"https:\/\/erim.ief.hr\/keywording-european-irregularized-migration-regime\/attachment\/keywording-erim-12-4-2024-photo-marijana-hamersak-7\/\" class=\"wp-image-3582\" srcset=\"https:\/\/erim.ief.hr\/wp-content\/uploads\/2024\/04\/Keywording-ERIM-12.-4.-2024.-Photo-Marijana-Hamersak-7-1024x1024.jpg 1024w, https:\/\/erim.ief.hr\/wp-content\/uploads\/2024\/04\/Keywording-ERIM-12.-4.-2024.-Photo-Marijana-Hamersak-7-300x300.jpg 300w, https:\/\/erim.ief.hr\/wp-content\/uploads\/2024\/04\/Keywording-ERIM-12.-4.-2024.-Photo-Marijana-Hamersak-7-150x150.jpg 150w, https:\/\/erim.ief.hr\/wp-content\/uploads\/2024\/04\/Keywording-ERIM-12.-4.-2024.-Photo-Marijana-Hamersak-7-768x768.jpg 768w, https:\/\/erim.ief.hr\/wp-content\/uploads\/2024\/04\/Keywording-ERIM-12.-4.-2024.-Photo-Marijana-Hamersak-7-1536x1536.jpg 1536w, https:\/\/erim.ief.hr\/wp-content\/uploads\/2024\/04\/Keywording-ERIM-12.-4.-2024.-Photo-Marijana-Hamersak-7-2048x2048.jpg 2048w, https:\/\/erim.ief.hr\/wp-content\/uploads\/2024\/04\/Keywording-ERIM-12.-4.-2024.-Photo-Marijana-Hamersak-7-12x12.jpg 12w, https:\/\/erim.ief.hr\/wp-content\/uploads\/2024\/04\/Keywording-ERIM-12.-4.-2024.-Photo-Marijana-Hamersak-7-600x600.jpg 600w, https:\/\/erim.ief.hr\/wp-content\/uploads\/2024\/04\/Keywording-ERIM-12.-4.-2024.-Photo-Marijana-Hamersak-7-140x140.jpg 140w, https:\/\/erim.ief.hr\/wp-content\/uploads\/2024\/04\/Keywording-ERIM-12.-4.-2024.-Photo-Marijana-Hamersak-7-597x597.jpg 597w, https:\/\/erim.ief.hr\/wp-content\/uploads\/2024\/04\/Keywording-ERIM-12.-4.-2024.-Photo-Marijana-Hamersak-7-210x210.jpg 210w\" sizes=\"(max-width: 1024px) 100vw, 1024px\" \/><\/figure><\/li><li class=\"blocks-gallery-item\"><figure><img loading=\"lazy\" width=\"1024\" height=\"461\" src=\"http:\/\/erim.ief.hr\/wp-content\/uploads\/2024\/04\/Keywording-ERIM-13.-4.-2024.-Photo-Bojan-Mucko-1-1024x461.jpg\" alt=\"\" data-id=\"3569\" data-full-url=\"http:\/\/erim.ief.hr\/wp-content\/uploads\/2024\/04\/Keywording-ERIM-13.-4.-2024.-Photo-Bojan-Mucko-1-scaled.jpg\" data-link=\"https:\/\/erim.ief.hr\/keywording-european-irregularized-migration-regime\/attachment\/keywording-erim-13-4-2024-photo-bojan-mucko-1\/\" class=\"wp-image-3569\" srcset=\"https:\/\/erim.ief.hr\/wp-content\/uploads\/2024\/04\/Keywording-ERIM-13.-4.-2024.-Photo-Bojan-Mucko-1-1024x461.jpg 1024w, https:\/\/erim.ief.hr\/wp-content\/uploads\/2024\/04\/Keywording-ERIM-13.-4.-2024.-Photo-Bojan-Mucko-1-300x135.jpg 300w, https:\/\/erim.ief.hr\/wp-content\/uploads\/2024\/04\/Keywording-ERIM-13.-4.-2024.-Photo-Bojan-Mucko-1-768x346.jpg 768w\" sizes=\"(max-width: 1024px) 100vw, 1024px\" \/><\/figure><\/li><li class=\"blocks-gallery-item\"><figure><img loading=\"lazy\" width=\"1024\" height=\"461\" src=\"http:\/\/erim.ief.hr\/wp-content\/uploads\/2024\/04\/Keywording-ERIM-13.-4.-2024.-Photo-Bojan-Mucko-7-1024x461.jpg\" alt=\"\" data-id=\"3578\" data-full-url=\"http:\/\/erim.ief.hr\/wp-content\/uploads\/2024\/04\/Keywording-ERIM-13.-4.-2024.-Photo-Bojan-Mucko-7-scaled.jpg\" data-link=\"https:\/\/erim.ief.hr\/keywording-european-irregularized-migration-regime\/attachment\/keywording-erim-13-4-2024-photo-bojan-mucko-7\/\" class=\"wp-image-3578\" srcset=\"https:\/\/erim.ief.hr\/wp-content\/uploads\/2024\/04\/Keywording-ERIM-13.-4.-2024.-Photo-Bojan-Mucko-7-1024x461.jpg 1024w, https:\/\/erim.ief.hr\/wp-content\/uploads\/2024\/04\/Keywording-ERIM-13.-4.-2024.-Photo-Bojan-Mucko-7-300x135.jpg 300w, https:\/\/erim.ief.hr\/wp-content\/uploads\/2024\/04\/Keywording-ERIM-13.-4.-2024.-Photo-Bojan-Mucko-7-768x346.jpg 768w, https:\/\/erim.ief.hr\/wp-content\/uploads\/2024\/04\/Keywording-ERIM-13.-4.-2024.-Photo-Bojan-Mucko-7-1536x691.jpg 1536w, https:\/\/erim.ief.hr\/wp-content\/uploads\/2024\/04\/Keywording-ERIM-13.-4.-2024.-Photo-Bojan-Mucko-7-2048x922.jpg 2048w, https:\/\/erim.ief.hr\/wp-content\/uploads\/2024\/04\/Keywording-ERIM-13.-4.-2024.-Photo-Bojan-Mucko-7-18x8.jpg 18w, https:\/\/erim.ief.hr\/wp-content\/uploads\/2024\/04\/Keywording-ERIM-13.-4.-2024.-Photo-Bojan-Mucko-7-311x140.jpg 311w, https:\/\/erim.ief.hr\/wp-content\/uploads\/2024\/04\/Keywording-ERIM-13.-4.-2024.-Photo-Bojan-Mucko-7-597x269.jpg 597w, https:\/\/erim.ief.hr\/wp-content\/uploads\/2024\/04\/Keywording-ERIM-13.-4.-2024.-Photo-Bojan-Mucko-7-467x210.jpg 467w\" sizes=\"(max-width: 1024px) 100vw, 1024px\" \/><\/figure><\/li><li class=\"blocks-gallery-item\"><figure><img loading=\"lazy\" width=\"1024\" height=\"1024\" src=\"http:\/\/erim.ief.hr\/wp-content\/uploads\/2024\/04\/Keywording-ERIM-12.-4.-2024.-Photo-Marijana-Hamersak-3-1024x1024.jpg\" alt=\"\" data-id=\"3571\" data-full-url=\"http:\/\/erim.ief.hr\/wp-content\/uploads\/2024\/04\/Keywording-ERIM-12.-4.-2024.-Photo-Marijana-Hamersak-3-scaled.jpg\" data-link=\"https:\/\/erim.ief.hr\/keywording-european-irregularized-migration-regime\/attachment\/keywording-erim-12-4-2024-photo-marijana-hamersak-3\/\" class=\"wp-image-3571\" srcset=\"https:\/\/erim.ief.hr\/wp-content\/uploads\/2024\/04\/Keywording-ERIM-12.-4.-2024.-Photo-Marijana-Hamersak-3-1024x1024.jpg 1024w, https:\/\/erim.ief.hr\/wp-content\/uploads\/2024\/04\/Keywording-ERIM-12.-4.-2024.-Photo-Marijana-Hamersak-3-300x300.jpg 300w, https:\/\/erim.ief.hr\/wp-content\/uploads\/2024\/04\/Keywording-ERIM-12.-4.-2024.-Photo-Marijana-Hamersak-3-150x150.jpg 150w, https:\/\/erim.ief.hr\/wp-content\/uploads\/2024\/04\/Keywording-ERIM-12.-4.-2024.-Photo-Marijana-Hamersak-3-768x768.jpg 768w, https:\/\/erim.ief.hr\/wp-content\/uploads\/2024\/04\/Keywording-ERIM-12.-4.-2024.-Photo-Marijana-Hamersak-3-1536x1536.jpg 1536w, https:\/\/erim.ief.hr\/wp-content\/uploads\/2024\/04\/Keywording-ERIM-12.-4.-2024.-Photo-Marijana-Hamersak-3-2048x2048.jpg 2048w, https:\/\/erim.ief.hr\/wp-content\/uploads\/2024\/04\/Keywording-ERIM-12.-4.-2024.-Photo-Marijana-Hamersak-3-12x12.jpg 12w, https:\/\/erim.ief.hr\/wp-content\/uploads\/2024\/04\/Keywording-ERIM-12.-4.-2024.-Photo-Marijana-Hamersak-3-600x600.jpg 600w, https:\/\/erim.ief.hr\/wp-content\/uploads\/2024\/04\/Keywording-ERIM-12.-4.-2024.-Photo-Marijana-Hamersak-3-140x140.jpg 140w, https:\/\/erim.ief.hr\/wp-content\/uploads\/2024\/04\/Keywording-ERIM-12.-4.-2024.-Photo-Marijana-Hamersak-3-597x597.jpg 597w, https:\/\/erim.ief.hr\/wp-content\/uploads\/2024\/04\/Keywording-ERIM-12.-4.-2024.-Photo-Marijana-Hamersak-3-210x210.jpg 210w\" sizes=\"(max-width: 1024px) 100vw, 1024px\" \/><\/figure><\/li><li class=\"blocks-gallery-item\"><figure><img loading=\"lazy\" width=\"1024\" height=\"461\" src=\"http:\/\/erim.ief.hr\/wp-content\/uploads\/2024\/04\/Keywording-ERIM-13.-4.-2024.-Photo-Bojan-Mucko-4-1024x461.jpg\" alt=\"\" data-id=\"3573\" data-full-url=\"http:\/\/erim.ief.hr\/wp-content\/uploads\/2024\/04\/Keywording-ERIM-13.-4.-2024.-Photo-Bojan-Mucko-4-scaled.jpg\" data-link=\"https:\/\/erim.ief.hr\/keywording-european-irregularized-migration-regime\/attachment\/keywording-erim-13-4-2024-photo-bojan-mucko-4\/\" class=\"wp-image-3573\" srcset=\"https:\/\/erim.ief.hr\/wp-content\/uploads\/2024\/04\/Keywording-ERIM-13.-4.-2024.-Photo-Bojan-Mucko-4-1024x461.jpg 1024w, https:\/\/erim.ief.hr\/wp-content\/uploads\/2024\/04\/Keywording-ERIM-13.-4.-2024.-Photo-Bojan-Mucko-4-300x135.jpg 300w, https:\/\/erim.ief.hr\/wp-content\/uploads\/2024\/04\/Keywording-ERIM-13.-4.-2024.-Photo-Bojan-Mucko-4-768x346.jpg 768w, https:\/\/erim.ief.hr\/wp-content\/uploads\/2024\/04\/Keywording-ERIM-13.-4.-2024.-Photo-Bojan-Mucko-4-1536x691.jpg 1536w, https:\/\/erim.ief.hr\/wp-content\/uploads\/2024\/04\/Keywording-ERIM-13.-4.-2024.-Photo-Bojan-Mucko-4-2048x922.jpg 2048w, https:\/\/erim.ief.hr\/wp-content\/uploads\/2024\/04\/Keywording-ERIM-13.-4.-2024.-Photo-Bojan-Mucko-4-18x8.jpg 18w, https:\/\/erim.ief.hr\/wp-content\/uploads\/2024\/04\/Keywording-ERIM-13.-4.-2024.-Photo-Bojan-Mucko-4-311x140.jpg 311w, https:\/\/erim.ief.hr\/wp-content\/uploads\/2024\/04\/Keywording-ERIM-13.-4.-2024.-Photo-Bojan-Mucko-4-597x269.jpg 597w, https:\/\/erim.ief.hr\/wp-content\/uploads\/2024\/04\/Keywording-ERIM-13.-4.-2024.-Photo-Bojan-Mucko-4-467x210.jpg 467w\" sizes=\"(max-width: 1024px) 100vw, 1024px\" \/><\/figure><\/li><li class=\"blocks-gallery-item\"><figure><img loading=\"lazy\" width=\"1024\" height=\"1024\" src=\"http:\/\/erim.ief.hr\/wp-content\/uploads\/2024\/04\/Keywording-ERIM-12.-4.-2024.-Photo-Marijana-Hamersak-4-1024x1024.jpg\" alt=\"\" data-id=\"3574\" data-full-url=\"http:\/\/erim.ief.hr\/wp-content\/uploads\/2024\/04\/Keywording-ERIM-12.-4.-2024.-Photo-Marijana-Hamersak-4-scaled.jpg\" data-link=\"https:\/\/erim.ief.hr\/keywording-european-irregularized-migration-regime\/attachment\/keywording-erim-12-4-2024-photo-marijana-hamersak-4\/\" class=\"wp-image-3574\" srcset=\"https:\/\/erim.ief.hr\/wp-content\/uploads\/2024\/04\/Keywording-ERIM-12.-4.-2024.-Photo-Marijana-Hamersak-4-1024x1024.jpg 1024w, https:\/\/erim.ief.hr\/wp-content\/uploads\/2024\/04\/Keywording-ERIM-12.-4.-2024.-Photo-Marijana-Hamersak-4-300x300.jpg 300w, https:\/\/erim.ief.hr\/wp-content\/uploads\/2024\/04\/Keywording-ERIM-12.-4.-2024.-Photo-Marijana-Hamersak-4-150x150.jpg 150w, https:\/\/erim.ief.hr\/wp-content\/uploads\/2024\/04\/Keywording-ERIM-12.-4.-2024.-Photo-Marijana-Hamersak-4-768x768.jpg 768w, https:\/\/erim.ief.hr\/wp-content\/uploads\/2024\/04\/Keywording-ERIM-12.-4.-2024.-Photo-Marijana-Hamersak-4-1536x1536.jpg 1536w, https:\/\/erim.ief.hr\/wp-content\/uploads\/2024\/04\/Keywording-ERIM-12.-4.-2024.-Photo-Marijana-Hamersak-4-2048x2048.jpg 2048w, https:\/\/erim.ief.hr\/wp-content\/uploads\/2024\/04\/Keywording-ERIM-12.-4.-2024.-Photo-Marijana-Hamersak-4-12x12.jpg 12w, https:\/\/erim.ief.hr\/wp-content\/uploads\/2024\/04\/Keywording-ERIM-12.-4.-2024.-Photo-Marijana-Hamersak-4-600x600.jpg 600w, https:\/\/erim.ief.hr\/wp-content\/uploads\/2024\/04\/Keywording-ERIM-12.-4.-2024.-Photo-Marijana-Hamersak-4-140x140.jpg 140w, https:\/\/erim.ief.hr\/wp-content\/uploads\/2024\/04\/Keywording-ERIM-12.-4.-2024.-Photo-Marijana-Hamersak-4-597x597.jpg 597w, https:\/\/erim.ief.hr\/wp-content\/uploads\/2024\/04\/Keywording-ERIM-12.-4.-2024.-Photo-Marijana-Hamersak-4-210x210.jpg 210w\" sizes=\"(max-width: 1024px) 100vw, 1024px\" \/><\/figure><\/li><li class=\"blocks-gallery-item\"><figure><img loading=\"lazy\" width=\"1024\" height=\"461\" src=\"http:\/\/erim.ief.hr\/wp-content\/uploads\/2024\/04\/Keywording-ERIM-13.-4.-2024.-Photo-Bojan-Mucko-6-1024x461.jpg\" alt=\"\" data-id=\"3576\" data-full-url=\"http:\/\/erim.ief.hr\/wp-content\/uploads\/2024\/04\/Keywording-ERIM-13.-4.-2024.-Photo-Bojan-Mucko-6-scaled.jpg\" data-link=\"https:\/\/erim.ief.hr\/keywording-european-irregularized-migration-regime\/attachment\/keywording-erim-13-4-2024-photo-bojan-mucko-6\/\" class=\"wp-image-3576\" srcset=\"https:\/\/erim.ief.hr\/wp-content\/uploads\/2024\/04\/Keywording-ERIM-13.-4.-2024.-Photo-Bojan-Mucko-6-1024x461.jpg 1024w, https:\/\/erim.ief.hr\/wp-content\/uploads\/2024\/04\/Keywording-ERIM-13.-4.-2024.-Photo-Bojan-Mucko-6-300x135.jpg 300w, https:\/\/erim.ief.hr\/wp-content\/uploads\/2024\/04\/Keywording-ERIM-13.-4.-2024.-Photo-Bojan-Mucko-6-768x346.jpg 768w, https:\/\/erim.ief.hr\/wp-content\/uploads\/2024\/04\/Keywording-ERIM-13.-4.-2024.-Photo-Bojan-Mucko-6-1536x691.jpg 1536w, https:\/\/erim.ief.hr\/wp-content\/uploads\/2024\/04\/Keywording-ERIM-13.-4.-2024.-Photo-Bojan-Mucko-6-2048x922.jpg 2048w, https:\/\/erim.ief.hr\/wp-content\/uploads\/2024\/04\/Keywording-ERIM-13.-4.-2024.-Photo-Bojan-Mucko-6-18x8.jpg 18w, https:\/\/erim.ief.hr\/wp-content\/uploads\/2024\/04\/Keywording-ERIM-13.-4.-2024.-Photo-Bojan-Mucko-6-311x140.jpg 311w, https:\/\/erim.ief.hr\/wp-content\/uploads\/2024\/04\/Keywording-ERIM-13.-4.-2024.-Photo-Bojan-Mucko-6-597x269.jpg 597w, https:\/\/erim.ief.hr\/wp-content\/uploads\/2024\/04\/Keywording-ERIM-13.-4.-2024.-Photo-Bojan-Mucko-6-467x210.jpg 467w\" sizes=\"(max-width: 1024px) 100vw, 1024px\" \/><\/figure><\/li><li class=\"blocks-gallery-item\"><figure><img loading=\"lazy\" width=\"1024\" height=\"1024\" src=\"http:\/\/erim.ief.hr\/wp-content\/uploads\/2024\/04\/Keywording-ERIM-12.-4.-2024.-Photo-Marijana-Hamersak-5-1024x1024.jpg\" alt=\"\" data-id=\"3577\" data-full-url=\"http:\/\/erim.ief.hr\/wp-content\/uploads\/2024\/04\/Keywording-ERIM-12.-4.-2024.-Photo-Marijana-Hamersak-5-scaled.jpg\" data-link=\"https:\/\/erim.ief.hr\/keywording-european-irregularized-migration-regime\/attachment\/keywording-erim-12-4-2024-photo-marijana-hamersak-5\/\" class=\"wp-image-3577\" srcset=\"https:\/\/erim.ief.hr\/wp-content\/uploads\/2024\/04\/Keywording-ERIM-12.-4.-2024.-Photo-Marijana-Hamersak-5-1024x1024.jpg 1024w, https:\/\/erim.ief.hr\/wp-content\/uploads\/2024\/04\/Keywording-ERIM-12.-4.-2024.-Photo-Marijana-Hamersak-5-300x300.jpg 300w, https:\/\/erim.ief.hr\/wp-content\/uploads\/2024\/04\/Keywording-ERIM-12.-4.-2024.-Photo-Marijana-Hamersak-5-150x150.jpg 150w, https:\/\/erim.ief.hr\/wp-content\/uploads\/2024\/04\/Keywording-ERIM-12.-4.-2024.-Photo-Marijana-Hamersak-5-768x768.jpg 768w, https:\/\/erim.ief.hr\/wp-content\/uploads\/2024\/04\/Keywording-ERIM-12.-4.-2024.-Photo-Marijana-Hamersak-5-1536x1536.jpg 1536w, https:\/\/erim.ief.hr\/wp-content\/uploads\/2024\/04\/Keywording-ERIM-12.-4.-2024.-Photo-Marijana-Hamersak-5-2048x2048.jpg 2048w, https:\/\/erim.ief.hr\/wp-content\/uploads\/2024\/04\/Keywording-ERIM-12.-4.-2024.-Photo-Marijana-Hamersak-5-12x12.jpg 12w, https:\/\/erim.ief.hr\/wp-content\/uploads\/2024\/04\/Keywording-ERIM-12.-4.-2024.-Photo-Marijana-Hamersak-5-600x600.jpg 600w, https:\/\/erim.ief.hr\/wp-content\/uploads\/2024\/04\/Keywording-ERIM-12.-4.-2024.-Photo-Marijana-Hamersak-5-140x140.jpg 140w, https:\/\/erim.ief.hr\/wp-content\/uploads\/2024\/04\/Keywording-ERIM-12.-4.-2024.-Photo-Marijana-Hamersak-5-597x597.jpg 597w, https:\/\/erim.ief.hr\/wp-content\/uploads\/2024\/04\/Keywording-ERIM-12.-4.-2024.-Photo-Marijana-Hamersak-5-210x210.jpg 210w\" sizes=\"(max-width: 1024px) 100vw, 1024px\" \/><\/figure><\/li><li class=\"blocks-gallery-item\"><figure><img loading=\"lazy\" width=\"1024\" height=\"1024\" src=\"http:\/\/erim.ief.hr\/wp-content\/uploads\/2024\/04\/Keywording-ERIM-12.-4.-2024.-Photo-Marijana-Hamersak-2-1024x1024.jpg\" alt=\"\" data-id=\"3568\" data-full-url=\"http:\/\/erim.ief.hr\/wp-content\/uploads\/2024\/04\/Keywording-ERIM-12.-4.-2024.-Photo-Marijana-Hamersak-2-scaled.jpg\" data-link=\"https:\/\/erim.ief.hr\/keywording-european-irregularized-migration-regime\/attachment\/keywording-erim-12-4-2024-photo-marijana-hamersak-2\/\" class=\"wp-image-3568\" srcset=\"https:\/\/erim.ief.hr\/wp-content\/uploads\/2024\/04\/Keywording-ERIM-12.-4.-2024.-Photo-Marijana-Hamersak-2-1024x1024.jpg 1024w, https:\/\/erim.ief.hr\/wp-content\/uploads\/2024\/04\/Keywording-ERIM-12.-4.-2024.-Photo-Marijana-Hamersak-2-300x300.jpg 300w, https:\/\/erim.ief.hr\/wp-content\/uploads\/2024\/04\/Keywording-ERIM-12.-4.-2024.-Photo-Marijana-Hamersak-2-150x150.jpg 150w, https:\/\/erim.ief.hr\/wp-content\/uploads\/2024\/04\/Keywording-ERIM-12.-4.-2024.-Photo-Marijana-Hamersak-2-768x768.jpg 768w, https:\/\/erim.ief.hr\/wp-content\/uploads\/2024\/04\/Keywording-ERIM-12.-4.-2024.-Photo-Marijana-Hamersak-2-1536x1536.jpg 1536w, https:\/\/erim.ief.hr\/wp-content\/uploads\/2024\/04\/Keywording-ERIM-12.-4.-2024.-Photo-Marijana-Hamersak-2-2048x2048.jpg 2048w, https:\/\/erim.ief.hr\/wp-content\/uploads\/2024\/04\/Keywording-ERIM-12.-4.-2024.-Photo-Marijana-Hamersak-2-12x12.jpg 12w, https:\/\/erim.ief.hr\/wp-content\/uploads\/2024\/04\/Keywording-ERIM-12.-4.-2024.-Photo-Marijana-Hamersak-2-600x600.jpg 600w, https:\/\/erim.ief.hr\/wp-content\/uploads\/2024\/04\/Keywording-ERIM-12.-4.-2024.-Photo-Marijana-Hamersak-2-140x140.jpg 140w, https:\/\/erim.ief.hr\/wp-content\/uploads\/2024\/04\/Keywording-ERIM-12.-4.-2024.-Photo-Marijana-Hamersak-2-597x597.jpg 597w, https:\/\/erim.ief.hr\/wp-content\/uploads\/2024\/04\/Keywording-ERIM-12.-4.-2024.-Photo-Marijana-Hamersak-2-210x210.jpg 210w\" sizes=\"(max-width: 1024px) 100vw, 1024px\" \/><\/figure><\/li><li class=\"blocks-gallery-item\"><figure><img loading=\"lazy\" width=\"1024\" height=\"461\" src=\"http:\/\/erim.ief.hr\/wp-content\/uploads\/2024\/04\/Keywording-ERIM-12.-4.-2024.-Photo-Bojan-Mucko-14-1024x461.jpg\" alt=\"\" data-id=\"3558\" data-full-url=\"http:\/\/erim.ief.hr\/wp-content\/uploads\/2024\/04\/Keywording-ERIM-12.-4.-2024.-Photo-Bojan-Mucko-14-scaled.jpg\" data-link=\"https:\/\/erim.ief.hr\/keywording-european-irregularized-migration-regime\/attachment\/keywording-erim-12-4-2024-photo-bojan-mucko-14\/\" class=\"wp-image-3558\" srcset=\"https:\/\/erim.ief.hr\/wp-content\/uploads\/2024\/04\/Keywording-ERIM-12.-4.-2024.-Photo-Bojan-Mucko-14-1024x461.jpg 1024w, https:\/\/erim.ief.hr\/wp-content\/uploads\/2024\/04\/Keywording-ERIM-12.-4.-2024.-Photo-Bojan-Mucko-14-300x135.jpg 300w, https:\/\/erim.ief.hr\/wp-content\/uploads\/2024\/04\/Keywording-ERIM-12.-4.-2024.-Photo-Bojan-Mucko-14-768x346.jpg 768w\" sizes=\"(max-width: 1024px) 100vw, 1024px\" \/><\/figure><\/li><li class=\"blocks-gallery-item\"><figure><img loading=\"lazy\" width=\"1024\" height=\"1024\" src=\"http:\/\/erim.ief.hr\/wp-content\/uploads\/2024\/04\/Keywording-ERIM-11.-4.-2024.-Photo-Marijana-Hamersak-12-1024x1024.jpg\" alt=\"\" data-id=\"3557\" data-full-url=\"http:\/\/erim.ief.hr\/wp-content\/uploads\/2024\/04\/Keywording-ERIM-11.-4.-2024.-Photo-Marijana-Hamersak-12-scaled.jpg\" data-link=\"https:\/\/erim.ief.hr\/keywording-european-irregularized-migration-regime\/attachment\/keywording-erim-11-4-2024-photo-marijana-hamersak-12\/\" class=\"wp-image-3557\" srcset=\"https:\/\/erim.ief.hr\/wp-content\/uploads\/2024\/04\/Keywording-ERIM-11.-4.-2024.-Photo-Marijana-Hamersak-12-1024x1024.jpg 1024w, https:\/\/erim.ief.hr\/wp-content\/uploads\/2024\/04\/Keywording-ERIM-11.-4.-2024.-Photo-Marijana-Hamersak-12-300x300.jpg 300w, https:\/\/erim.ief.hr\/wp-content\/uploads\/2024\/04\/Keywording-ERIM-11.-4.-2024.-Photo-Marijana-Hamersak-12-150x150.jpg 150w, https:\/\/erim.ief.hr\/wp-content\/uploads\/2024\/04\/Keywording-ERIM-11.-4.-2024.-Photo-Marijana-Hamersak-12-768x768.jpg 768w, https:\/\/erim.ief.hr\/wp-content\/uploads\/2024\/04\/Keywording-ERIM-11.-4.-2024.-Photo-Marijana-Hamersak-12-1536x1536.jpg 1536w, https:\/\/erim.ief.hr\/wp-content\/uploads\/2024\/04\/Keywording-ERIM-11.-4.-2024.-Photo-Marijana-Hamersak-12-2048x2048.jpg 2048w, https:\/\/erim.ief.hr\/wp-content\/uploads\/2024\/04\/Keywording-ERIM-11.-4.-2024.-Photo-Marijana-Hamersak-12-12x12.jpg 12w, https:\/\/erim.ief.hr\/wp-content\/uploads\/2024\/04\/Keywording-ERIM-11.-4.-2024.-Photo-Marijana-Hamersak-12-600x600.jpg 600w, https:\/\/erim.ief.hr\/wp-content\/uploads\/2024\/04\/Keywording-ERIM-11.-4.-2024.-Photo-Marijana-Hamersak-12-140x140.jpg 140w, https:\/\/erim.ief.hr\/wp-content\/uploads\/2024\/04\/Keywording-ERIM-11.-4.-2024.-Photo-Marijana-Hamersak-12-597x597.jpg 597w, https:\/\/erim.ief.hr\/wp-content\/uploads\/2024\/04\/Keywording-ERIM-11.-4.-2024.-Photo-Marijana-Hamersak-12-210x210.jpg 210w\" sizes=\"(max-width: 1024px) 100vw, 1024px\" \/><\/figure><\/li><li class=\"blocks-gallery-item\"><figure><img loading=\"lazy\" width=\"1024\" height=\"461\" src=\"http:\/\/erim.ief.hr\/wp-content\/uploads\/2024\/04\/Keywording-ERIM-12.-4.-2024.-Photo-Bojan-Mucko-15-1024x461.jpg\" alt=\"\" data-id=\"3559\" data-full-url=\"http:\/\/erim.ief.hr\/wp-content\/uploads\/2024\/04\/Keywording-ERIM-12.-4.-2024.-Photo-Bojan-Mucko-15-scaled.jpg\" data-link=\"https:\/\/erim.ief.hr\/keywording-european-irregularized-migration-regime\/attachment\/keywording-erim-12-4-2024-photo-bojan-mucko-15\/\" class=\"wp-image-3559\" srcset=\"https:\/\/erim.ief.hr\/wp-content\/uploads\/2024\/04\/Keywording-ERIM-12.-4.-2024.-Photo-Bojan-Mucko-15-1024x461.jpg 1024w, https:\/\/erim.ief.hr\/wp-content\/uploads\/2024\/04\/Keywording-ERIM-12.-4.-2024.-Photo-Bojan-Mucko-15-300x135.jpg 300w, https:\/\/erim.ief.hr\/wp-content\/uploads\/2024\/04\/Keywording-ERIM-12.-4.-2024.-Photo-Bojan-Mucko-15-768x346.jpg 768w, https:\/\/erim.ief.hr\/wp-content\/uploads\/2024\/04\/Keywording-ERIM-12.-4.-2024.-Photo-Bojan-Mucko-15-1536x691.jpg 1536w, https:\/\/erim.ief.hr\/wp-content\/uploads\/2024\/04\/Keywording-ERIM-12.-4.-2024.-Photo-Bojan-Mucko-15-2048x922.jpg 2048w, https:\/\/erim.ief.hr\/wp-content\/uploads\/2024\/04\/Keywording-ERIM-12.-4.-2024.-Photo-Bojan-Mucko-15-18x8.jpg 18w, https:\/\/erim.ief.hr\/wp-content\/uploads\/2024\/04\/Keywording-ERIM-12.-4.-2024.-Photo-Bojan-Mucko-15-311x140.jpg 311w, https:\/\/erim.ief.hr\/wp-content\/uploads\/2024\/04\/Keywording-ERIM-12.-4.-2024.-Photo-Bojan-Mucko-15-597x269.jpg 597w, https:\/\/erim.ief.hr\/wp-content\/uploads\/2024\/04\/Keywording-ERIM-12.-4.-2024.-Photo-Bojan-Mucko-15-467x210.jpg 467w\" sizes=\"(max-width: 1024px) 100vw, 1024px\" \/><\/figure><\/li><li class=\"blocks-gallery-item\"><figure><img loading=\"lazy\" width=\"1024\" height=\"461\" src=\"http:\/\/erim.ief.hr\/wp-content\/uploads\/2024\/04\/Keywording-ERIM-13.-4.-2024.-Photo-Bojan-Mucko-8-1024x461.jpg\" alt=\"\" data-id=\"3580\" data-full-url=\"http:\/\/erim.ief.hr\/wp-content\/uploads\/2024\/04\/Keywording-ERIM-13.-4.-2024.-Photo-Bojan-Mucko-8-scaled.jpg\" data-link=\"https:\/\/erim.ief.hr\/keywording-european-irregularized-migration-regime\/attachment\/keywording-erim-13-4-2024-photo-bojan-mucko-8\/\" class=\"wp-image-3580\" srcset=\"https:\/\/erim.ief.hr\/wp-content\/uploads\/2024\/04\/Keywording-ERIM-13.-4.-2024.-Photo-Bojan-Mucko-8-1024x461.jpg 1024w, https:\/\/erim.ief.hr\/wp-content\/uploads\/2024\/04\/Keywording-ERIM-13.-4.-2024.-Photo-Bojan-Mucko-8-300x135.jpg 300w, https:\/\/erim.ief.hr\/wp-content\/uploads\/2024\/04\/Keywording-ERIM-13.-4.-2024.-Photo-Bojan-Mucko-8-768x346.jpg 768w, https:\/\/erim.ief.hr\/wp-content\/uploads\/2024\/04\/Keywording-ERIM-13.-4.-2024.-Photo-Bojan-Mucko-8-1536x691.jpg 1536w, https:\/\/erim.ief.hr\/wp-content\/uploads\/2024\/04\/Keywording-ERIM-13.-4.-2024.-Photo-Bojan-Mucko-8-2048x922.jpg 2048w, https:\/\/erim.ief.hr\/wp-content\/uploads\/2024\/04\/Keywording-ERIM-13.-4.-2024.-Photo-Bojan-Mucko-8-18x8.jpg 18w, https:\/\/erim.ief.hr\/wp-content\/uploads\/2024\/04\/Keywording-ERIM-13.-4.-2024.-Photo-Bojan-Mucko-8-311x140.jpg 311w, https:\/\/erim.ief.hr\/wp-content\/uploads\/2024\/04\/Keywording-ERIM-13.-4.-2024.-Photo-Bojan-Mucko-8-597x269.jpg 597w, https:\/\/erim.ief.hr\/wp-content\/uploads\/2024\/04\/Keywording-ERIM-13.-4.-2024.-Photo-Bojan-Mucko-8-467x210.jpg 467w\" sizes=\"(max-width: 1024px) 100vw, 1024px\" \/><\/figure><\/li><li class=\"blocks-gallery-item\"><figure><img loading=\"lazy\" width=\"1024\" height=\"461\" src=\"http:\/\/erim.ief.hr\/wp-content\/uploads\/2024\/04\/Keywording-ERIM-12.-4.-2024.-Photo-Bojan-Mucko-20-1024x461.jpg\" alt=\"\" data-id=\"3567\" data-full-url=\"http:\/\/erim.ief.hr\/wp-content\/uploads\/2024\/04\/Keywording-ERIM-12.-4.-2024.-Photo-Bojan-Mucko-20-scaled.jpg\" data-link=\"https:\/\/erim.ief.hr\/keywording-european-irregularized-migration-regime\/attachment\/keywording-erim-12-4-2024-photo-bojan-mucko-20\/\" class=\"wp-image-3567\" srcset=\"https:\/\/erim.ief.hr\/wp-content\/uploads\/2024\/04\/Keywording-ERIM-12.-4.-2024.-Photo-Bojan-Mucko-20-1024x461.jpg 1024w, https:\/\/erim.ief.hr\/wp-content\/uploads\/2024\/04\/Keywording-ERIM-12.-4.-2024.-Photo-Bojan-Mucko-20-300x135.jpg 300w, https:\/\/erim.ief.hr\/wp-content\/uploads\/2024\/04\/Keywording-ERIM-12.-4.-2024.-Photo-Bojan-Mucko-20-768x346.jpg 768w, https:\/\/erim.ief.hr\/wp-content\/uploads\/2024\/04\/Keywording-ERIM-12.-4.-2024.-Photo-Bojan-Mucko-20-1536x691.jpg 1536w, https:\/\/erim.ief.hr\/wp-content\/uploads\/2024\/04\/Keywording-ERIM-12.-4.-2024.-Photo-Bojan-Mucko-20-2048x922.jpg 2048w, https:\/\/erim.ief.hr\/wp-content\/uploads\/2024\/04\/Keywording-ERIM-12.-4.-2024.-Photo-Bojan-Mucko-20-18x8.jpg 18w, https:\/\/erim.ief.hr\/wp-content\/uploads\/2024\/04\/Keywording-ERIM-12.-4.-2024.-Photo-Bojan-Mucko-20-311x140.jpg 311w, https:\/\/erim.ief.hr\/wp-content\/uploads\/2024\/04\/Keywording-ERIM-12.-4.-2024.-Photo-Bojan-Mucko-20-597x269.jpg 597w, https:\/\/erim.ief.hr\/wp-content\/uploads\/2024\/04\/Keywording-ERIM-12.-4.-2024.-Photo-Bojan-Mucko-20-467x210.jpg 467w\" sizes=\"(max-width: 1024px) 100vw, 1024px\" \/><\/figure><\/li><li class=\"blocks-gallery-item\"><figure><img loading=\"lazy\" width=\"1024\" height=\"461\" src=\"http:\/\/erim.ief.hr\/wp-content\/uploads\/2024\/04\/Keywording-ERIM-12.-4.-2024.-Photo-Bojan-Mucko-19-1024x461.jpg\" alt=\"\" data-id=\"3565\" data-full-url=\"http:\/\/erim.ief.hr\/wp-content\/uploads\/2024\/04\/Keywording-ERIM-12.-4.-2024.-Photo-Bojan-Mucko-19-scaled.jpg\" data-link=\"https:\/\/erim.ief.hr\/keywording-european-irregularized-migration-regime\/attachment\/keywording-erim-12-4-2024-photo-bojan-mucko-19\/\" class=\"wp-image-3565\" srcset=\"https:\/\/erim.ief.hr\/wp-content\/uploads\/2024\/04\/Keywording-ERIM-12.-4.-2024.-Photo-Bojan-Mucko-19-1024x461.jpg 1024w, https:\/\/erim.ief.hr\/wp-content\/uploads\/2024\/04\/Keywording-ERIM-12.-4.-2024.-Photo-Bojan-Mucko-19-300x135.jpg 300w, https:\/\/erim.ief.hr\/wp-content\/uploads\/2024\/04\/Keywording-ERIM-12.-4.-2024.-Photo-Bojan-Mucko-19-768x346.jpg 768w, https:\/\/erim.ief.hr\/wp-content\/uploads\/2024\/04\/Keywording-ERIM-12.-4.-2024.-Photo-Bojan-Mucko-19-1536x691.jpg 1536w, https:\/\/erim.ief.hr\/wp-content\/uploads\/2024\/04\/Keywording-ERIM-12.-4.-2024.-Photo-Bojan-Mucko-19-2048x922.jpg 2048w, https:\/\/erim.ief.hr\/wp-content\/uploads\/2024\/04\/Keywording-ERIM-12.-4.-2024.-Photo-Bojan-Mucko-19-18x8.jpg 18w, https:\/\/erim.ief.hr\/wp-content\/uploads\/2024\/04\/Keywording-ERIM-12.-4.-2024.-Photo-Bojan-Mucko-19-311x140.jpg 311w, https:\/\/erim.ief.hr\/wp-content\/uploads\/2024\/04\/Keywording-ERIM-12.-4.-2024.-Photo-Bojan-Mucko-19-597x269.jpg 597w, https:\/\/erim.ief.hr\/wp-content\/uploads\/2024\/04\/Keywording-ERIM-12.-4.-2024.-Photo-Bojan-Mucko-19-467x210.jpg 467w\" sizes=\"(max-width: 1024px) 100vw, 1024px\" \/><\/figure><\/li><li class=\"blocks-gallery-item\"><figure><img loading=\"lazy\" width=\"1024\" height=\"1024\" src=\"http:\/\/erim.ief.hr\/wp-content\/uploads\/2024\/04\/Keywording-ERIM-12.-4.-2024.-Photo-Marijana-Hamersak-1-1024x1024.jpg\" alt=\"\" data-id=\"3566\" data-full-url=\"http:\/\/erim.ief.hr\/wp-content\/uploads\/2024\/04\/Keywording-ERIM-12.-4.-2024.-Photo-Marijana-Hamersak-1-scaled.jpg\" data-link=\"https:\/\/erim.ief.hr\/keywording-european-irregularized-migration-regime\/attachment\/keywording-erim-12-4-2024-photo-marijana-hamersak-1\/\" class=\"wp-image-3566\" srcset=\"https:\/\/erim.ief.hr\/wp-content\/uploads\/2024\/04\/Keywording-ERIM-12.-4.-2024.-Photo-Marijana-Hamersak-1-1024x1024.jpg 1024w, https:\/\/erim.ief.hr\/wp-content\/uploads\/2024\/04\/Keywording-ERIM-12.-4.-2024.-Photo-Marijana-Hamersak-1-300x300.jpg 300w, https:\/\/erim.ief.hr\/wp-content\/uploads\/2024\/04\/Keywording-ERIM-12.-4.-2024.-Photo-Marijana-Hamersak-1-150x150.jpg 150w, https:\/\/erim.ief.hr\/wp-content\/uploads\/2024\/04\/Keywording-ERIM-12.-4.-2024.-Photo-Marijana-Hamersak-1-768x768.jpg 768w, https:\/\/erim.ief.hr\/wp-content\/uploads\/2024\/04\/Keywording-ERIM-12.-4.-2024.-Photo-Marijana-Hamersak-1-1536x1536.jpg 1536w, https:\/\/erim.ief.hr\/wp-content\/uploads\/2024\/04\/Keywording-ERIM-12.-4.-2024.-Photo-Marijana-Hamersak-1-2048x2048.jpg 2048w, https:\/\/erim.ief.hr\/wp-content\/uploads\/2024\/04\/Keywording-ERIM-12.-4.-2024.-Photo-Marijana-Hamersak-1-12x12.jpg 12w, https:\/\/erim.ief.hr\/wp-content\/uploads\/2024\/04\/Keywording-ERIM-12.-4.-2024.-Photo-Marijana-Hamersak-1-600x600.jpg 600w, https:\/\/erim.ief.hr\/wp-content\/uploads\/2024\/04\/Keywording-ERIM-12.-4.-2024.-Photo-Marijana-Hamersak-1-140x140.jpg 140w, https:\/\/erim.ief.hr\/wp-content\/uploads\/2024\/04\/Keywording-ERIM-12.-4.-2024.-Photo-Marijana-Hamersak-1-597x597.jpg 597w, https:\/\/erim.ief.hr\/wp-content\/uploads\/2024\/04\/Keywording-ERIM-12.-4.-2024.-Photo-Marijana-Hamersak-1-210x210.jpg 210w\" sizes=\"(max-width: 1024px) 100vw, 1024px\" \/><\/figure><\/li><li class=\"blocks-gallery-item\"><figure><img loading=\"lazy\" width=\"1024\" height=\"461\" src=\"http:\/\/erim.ief.hr\/wp-content\/uploads\/2024\/04\/Keywording-ERIM-12.-4.-2024.-Photo-Bojan-Mucko-18-1024x461.jpg\" alt=\"\" data-id=\"3564\" data-full-url=\"http:\/\/erim.ief.hr\/wp-content\/uploads\/2024\/04\/Keywording-ERIM-12.-4.-2024.-Photo-Bojan-Mucko-18-scaled.jpg\" data-link=\"https:\/\/erim.ief.hr\/keywording-european-irregularized-migration-regime\/attachment\/keywording-erim-12-4-2024-photo-bojan-mucko-18\/\" class=\"wp-image-3564\" srcset=\"https:\/\/erim.ief.hr\/wp-content\/uploads\/2024\/04\/Keywording-ERIM-12.-4.-2024.-Photo-Bojan-Mucko-18-1024x461.jpg 1024w, https:\/\/erim.ief.hr\/wp-content\/uploads\/2024\/04\/Keywording-ERIM-12.-4.-2024.-Photo-Bojan-Mucko-18-300x135.jpg 300w, https:\/\/erim.ief.hr\/wp-content\/uploads\/2024\/04\/Keywording-ERIM-12.-4.-2024.-Photo-Bojan-Mucko-18-768x346.jpg 768w, https:\/\/erim.ief.hr\/wp-content\/uploads\/2024\/04\/Keywording-ERIM-12.-4.-2024.-Photo-Bojan-Mucko-18-1536x691.jpg 1536w, https:\/\/erim.ief.hr\/wp-content\/uploads\/2024\/04\/Keywording-ERIM-12.-4.-2024.-Photo-Bojan-Mucko-18-2048x922.jpg 2048w, https:\/\/erim.ief.hr\/wp-content\/uploads\/2024\/04\/Keywording-ERIM-12.-4.-2024.-Photo-Bojan-Mucko-18-18x8.jpg 18w, https:\/\/erim.ief.hr\/wp-content\/uploads\/2024\/04\/Keywording-ERIM-12.-4.-2024.-Photo-Bojan-Mucko-18-311x140.jpg 311w, https:\/\/erim.ief.hr\/wp-content\/uploads\/2024\/04\/Keywording-ERIM-12.-4.-2024.-Photo-Bojan-Mucko-18-597x269.jpg 597w, https:\/\/erim.ief.hr\/wp-content\/uploads\/2024\/04\/Keywording-ERIM-12.-4.-2024.-Photo-Bojan-Mucko-18-467x210.jpg 467w\" sizes=\"(max-width: 1024px) 100vw, 1024px\" \/><\/figure><\/li><li class=\"blocks-gallery-item\"><figure><img loading=\"lazy\" width=\"1024\" height=\"1024\" src=\"http:\/\/erim.ief.hr\/wp-content\/uploads\/2024\/04\/Keywording-ERIM-11.-4.-2024.-Photo-Marijana-Hamersak-14-1024x1024.jpg\" alt=\"\" data-id=\"3563\" data-full-url=\"http:\/\/erim.ief.hr\/wp-content\/uploads\/2024\/04\/Keywording-ERIM-11.-4.-2024.-Photo-Marijana-Hamersak-14-scaled.jpg\" data-link=\"https:\/\/erim.ief.hr\/keywording-european-irregularized-migration-regime\/attachment\/keywording-erim-11-4-2024-photo-marijana-hamersak-14\/\" class=\"wp-image-3563\" srcset=\"https:\/\/erim.ief.hr\/wp-content\/uploads\/2024\/04\/Keywording-ERIM-11.-4.-2024.-Photo-Marijana-Hamersak-14-1024x1024.jpg 1024w, https:\/\/erim.ief.hr\/wp-content\/uploads\/2024\/04\/Keywording-ERIM-11.-4.-2024.-Photo-Marijana-Hamersak-14-300x300.jpg 300w, https:\/\/erim.ief.hr\/wp-content\/uploads\/2024\/04\/Keywording-ERIM-11.-4.-2024.-Photo-Marijana-Hamersak-14-150x150.jpg 150w, https:\/\/erim.ief.hr\/wp-content\/uploads\/2024\/04\/Keywording-ERIM-11.-4.-2024.-Photo-Marijana-Hamersak-14-768x768.jpg 768w, https:\/\/erim.ief.hr\/wp-content\/uploads\/2024\/04\/Keywording-ERIM-11.-4.-2024.-Photo-Marijana-Hamersak-14-1536x1536.jpg 1536w, https:\/\/erim.ief.hr\/wp-content\/uploads\/2024\/04\/Keywording-ERIM-11.-4.-2024.-Photo-Marijana-Hamersak-14-2048x2048.jpg 2048w, https:\/\/erim.ief.hr\/wp-content\/uploads\/2024\/04\/Keywording-ERIM-11.-4.-2024.-Photo-Marijana-Hamersak-14-12x12.jpg 12w, https:\/\/erim.ief.hr\/wp-content\/uploads\/2024\/04\/Keywording-ERIM-11.-4.-2024.-Photo-Marijana-Hamersak-14-600x600.jpg 600w, https:\/\/erim.ief.hr\/wp-content\/uploads\/2024\/04\/Keywording-ERIM-11.-4.-2024.-Photo-Marijana-Hamersak-14-140x140.jpg 140w, https:\/\/erim.ief.hr\/wp-content\/uploads\/2024\/04\/Keywording-ERIM-11.-4.-2024.-Photo-Marijana-Hamersak-14-597x597.jpg 597w, https:\/\/erim.ief.hr\/wp-content\/uploads\/2024\/04\/Keywording-ERIM-11.-4.-2024.-Photo-Marijana-Hamersak-14-210x210.jpg 210w\" sizes=\"(max-width: 1024px) 100vw, 1024px\" \/><\/figure><\/li><li class=\"blocks-gallery-item\"><figure><img loading=\"lazy\" width=\"1024\" height=\"461\" src=\"http:\/\/erim.ief.hr\/wp-content\/uploads\/2024\/04\/Keywording-ERIM-12.-4.-2024.-Photo-Bojan-Mucko-17-1024x461.jpg\" alt=\"\" data-id=\"3562\" data-full-url=\"http:\/\/erim.ief.hr\/wp-content\/uploads\/2024\/04\/Keywording-ERIM-12.-4.-2024.-Photo-Bojan-Mucko-17-scaled.jpg\" data-link=\"https:\/\/erim.ief.hr\/keywording-european-irregularized-migration-regime\/attachment\/keywording-erim-12-4-2024-photo-bojan-mucko-17\/\" class=\"wp-image-3562\" srcset=\"https:\/\/erim.ief.hr\/wp-content\/uploads\/2024\/04\/Keywording-ERIM-12.-4.-2024.-Photo-Bojan-Mucko-17-1024x461.jpg 1024w, https:\/\/erim.ief.hr\/wp-content\/uploads\/2024\/04\/Keywording-ERIM-12.-4.-2024.-Photo-Bojan-Mucko-17-300x135.jpg 300w, https:\/\/erim.ief.hr\/wp-content\/uploads\/2024\/04\/Keywording-ERIM-12.-4.-2024.-Photo-Bojan-Mucko-17-768x346.jpg 768w, https:\/\/erim.ief.hr\/wp-content\/uploads\/2024\/04\/Keywording-ERIM-12.-4.-2024.-Photo-Bojan-Mucko-17-1536x691.jpg 1536w, https:\/\/erim.ief.hr\/wp-content\/uploads\/2024\/04\/Keywording-ERIM-12.-4.-2024.-Photo-Bojan-Mucko-17-2048x922.jpg 2048w, https:\/\/erim.ief.hr\/wp-content\/uploads\/2024\/04\/Keywording-ERIM-12.-4.-2024.-Photo-Bojan-Mucko-17-18x8.jpg 18w, https:\/\/erim.ief.hr\/wp-content\/uploads\/2024\/04\/Keywording-ERIM-12.-4.-2024.-Photo-Bojan-Mucko-17-311x140.jpg 311w, https:\/\/erim.ief.hr\/wp-content\/uploads\/2024\/04\/Keywording-ERIM-12.-4.-2024.-Photo-Bojan-Mucko-17-597x269.jpg 597w, https:\/\/erim.ief.hr\/wp-content\/uploads\/2024\/04\/Keywording-ERIM-12.-4.-2024.-Photo-Bojan-Mucko-17-467x210.jpg 467w\" sizes=\"(max-width: 1024px) 100vw, 1024px\" \/><\/figure><\/li><li class=\"blocks-gallery-item\"><figure><img loading=\"lazy\" width=\"1024\" height=\"461\" src=\"http:\/\/erim.ief.hr\/wp-content\/uploads\/2024\/04\/Keywording-ERIM-12.-4.-2024.-Photo-Bojan-Mucko-16-1024x461.jpg\" alt=\"\" data-id=\"3561\" data-full-url=\"http:\/\/erim.ief.hr\/wp-content\/uploads\/2024\/04\/Keywording-ERIM-12.-4.-2024.-Photo-Bojan-Mucko-16-scaled.jpg\" data-link=\"https:\/\/erim.ief.hr\/keywording-european-irregularized-migration-regime\/attachment\/keywording-erim-12-4-2024-photo-bojan-mucko-16\/\" class=\"wp-image-3561\" srcset=\"https:\/\/erim.ief.hr\/wp-content\/uploads\/2024\/04\/Keywording-ERIM-12.-4.-2024.-Photo-Bojan-Mucko-16-1024x461.jpg 1024w, https:\/\/erim.ief.hr\/wp-content\/uploads\/2024\/04\/Keywording-ERIM-12.-4.-2024.-Photo-Bojan-Mucko-16-300x135.jpg 300w, https:\/\/erim.ief.hr\/wp-content\/uploads\/2024\/04\/Keywording-ERIM-12.-4.-2024.-Photo-Bojan-Mucko-16-768x346.jpg 768w\" sizes=\"(max-width: 1024px) 100vw, 1024px\" \/><\/figure><\/li><li class=\"blocks-gallery-item\"><figure><img loading=\"lazy\" width=\"1024\" height=\"1024\" src=\"http:\/\/erim.ief.hr\/wp-content\/uploads\/2024\/04\/Keywording-ERIM-11.-4.-2024.-Photo-Marijana-Hamersak-13-1024x1024.jpg\" alt=\"\" data-id=\"3560\" data-full-url=\"http:\/\/erim.ief.hr\/wp-content\/uploads\/2024\/04\/Keywording-ERIM-11.-4.-2024.-Photo-Marijana-Hamersak-13-scaled.jpg\" data-link=\"https:\/\/erim.ief.hr\/keywording-european-irregularized-migration-regime\/attachment\/keywording-erim-11-4-2024-photo-marijana-hamersak-13\/\" class=\"wp-image-3560\" srcset=\"https:\/\/erim.ief.hr\/wp-content\/uploads\/2024\/04\/Keywording-ERIM-11.-4.-2024.-Photo-Marijana-Hamersak-13-1024x1024.jpg 1024w, https:\/\/erim.ief.hr\/wp-content\/uploads\/2024\/04\/Keywording-ERIM-11.-4.-2024.-Photo-Marijana-Hamersak-13-300x300.jpg 300w, https:\/\/erim.ief.hr\/wp-content\/uploads\/2024\/04\/Keywording-ERIM-11.-4.-2024.-Photo-Marijana-Hamersak-13-150x150.jpg 150w, https:\/\/erim.ief.hr\/wp-content\/uploads\/2024\/04\/Keywording-ERIM-11.-4.-2024.-Photo-Marijana-Hamersak-13-768x768.jpg 768w, https:\/\/erim.ief.hr\/wp-content\/uploads\/2024\/04\/Keywording-ERIM-11.-4.-2024.-Photo-Marijana-Hamersak-13-1536x1536.jpg 1536w, https:\/\/erim.ief.hr\/wp-content\/uploads\/2024\/04\/Keywording-ERIM-11.-4.-2024.-Photo-Marijana-Hamersak-13-2048x2048.jpg 2048w, https:\/\/erim.ief.hr\/wp-content\/uploads\/2024\/04\/Keywording-ERIM-11.-4.-2024.-Photo-Marijana-Hamersak-13-12x12.jpg 12w, https:\/\/erim.ief.hr\/wp-content\/uploads\/2024\/04\/Keywording-ERIM-11.-4.-2024.-Photo-Marijana-Hamersak-13-600x600.jpg 600w, https:\/\/erim.ief.hr\/wp-content\/uploads\/2024\/04\/Keywording-ERIM-11.-4.-2024.-Photo-Marijana-Hamersak-13-140x140.jpg 140w, https:\/\/erim.ief.hr\/wp-content\/uploads\/2024\/04\/Keywording-ERIM-11.-4.-2024.-Photo-Marijana-Hamersak-13-597x597.jpg 597w, https:\/\/erim.ief.hr\/wp-content\/uploads\/2024\/04\/Keywording-ERIM-11.-4.-2024.-Photo-Marijana-Hamersak-13-210x210.jpg 210w\" sizes=\"(max-width: 1024px) 100vw, 1024px\" \/><\/figure><\/li><li class=\"blocks-gallery-item\"><figure><img loading=\"lazy\" width=\"1024\" height=\"461\" src=\"http:\/\/erim.ief.hr\/wp-content\/uploads\/2024\/04\/Keywording-ERIM-12.-4.-2024.-Photo-Bojan-Mucko-10-1024x461.jpg\" alt=\"\" data-id=\"3551\" data-full-url=\"http:\/\/erim.ief.hr\/wp-content\/uploads\/2024\/04\/Keywording-ERIM-12.-4.-2024.-Photo-Bojan-Mucko-10-scaled.jpg\" data-link=\"https:\/\/erim.ief.hr\/keywording-european-irregularized-migration-regime\/attachment\/keywording-erim-12-4-2024-photo-bojan-mucko-10\/\" class=\"wp-image-3551\" srcset=\"https:\/\/erim.ief.hr\/wp-content\/uploads\/2024\/04\/Keywording-ERIM-12.-4.-2024.-Photo-Bojan-Mucko-10-1024x461.jpg 1024w, https:\/\/erim.ief.hr\/wp-content\/uploads\/2024\/04\/Keywording-ERIM-12.-4.-2024.-Photo-Bojan-Mucko-10-300x135.jpg 300w, https:\/\/erim.ief.hr\/wp-content\/uploads\/2024\/04\/Keywording-ERIM-12.-4.-2024.-Photo-Bojan-Mucko-10-768x346.jpg 768w, https:\/\/erim.ief.hr\/wp-content\/uploads\/2024\/04\/Keywording-ERIM-12.-4.-2024.-Photo-Bojan-Mucko-10-1536x691.jpg 1536w, https:\/\/erim.ief.hr\/wp-content\/uploads\/2024\/04\/Keywording-ERIM-12.-4.-2024.-Photo-Bojan-Mucko-10-2048x922.jpg 2048w, https:\/\/erim.ief.hr\/wp-content\/uploads\/2024\/04\/Keywording-ERIM-12.-4.-2024.-Photo-Bojan-Mucko-10-18x8.jpg 18w, https:\/\/erim.ief.hr\/wp-content\/uploads\/2024\/04\/Keywording-ERIM-12.-4.-2024.-Photo-Bojan-Mucko-10-311x140.jpg 311w, https:\/\/erim.ief.hr\/wp-content\/uploads\/2024\/04\/Keywording-ERIM-12.-4.-2024.-Photo-Bojan-Mucko-10-597x269.jpg 597w, https:\/\/erim.ief.hr\/wp-content\/uploads\/2024\/04\/Keywording-ERIM-12.-4.-2024.-Photo-Bojan-Mucko-10-467x210.jpg 467w\" sizes=\"(max-width: 1024px) 100vw, 1024px\" \/><\/figure><\/li><li class=\"blocks-gallery-item\"><figure><img loading=\"lazy\" width=\"1024\" height=\"1024\" src=\"http:\/\/erim.ief.hr\/wp-content\/uploads\/2024\/04\/Keywording-ERIM-11.-4.-2024.-Photo-Marijana-Hamersak-10-1024x1024.jpg\" alt=\"\" data-id=\"3552\" data-full-url=\"http:\/\/erim.ief.hr\/wp-content\/uploads\/2024\/04\/Keywording-ERIM-11.-4.-2024.-Photo-Marijana-Hamersak-10-scaled.jpg\" data-link=\"https:\/\/erim.ief.hr\/keywording-european-irregularized-migration-regime\/attachment\/keywording-erim-11-4-2024-photo-marijana-hamersak-10\/\" class=\"wp-image-3552\" srcset=\"https:\/\/erim.ief.hr\/wp-content\/uploads\/2024\/04\/Keywording-ERIM-11.-4.-2024.-Photo-Marijana-Hamersak-10-1024x1024.jpg 1024w, https:\/\/erim.ief.hr\/wp-content\/uploads\/2024\/04\/Keywording-ERIM-11.-4.-2024.-Photo-Marijana-Hamersak-10-300x300.jpg 300w, https:\/\/erim.ief.hr\/wp-content\/uploads\/2024\/04\/Keywording-ERIM-11.-4.-2024.-Photo-Marijana-Hamersak-10-150x150.jpg 150w, https:\/\/erim.ief.hr\/wp-content\/uploads\/2024\/04\/Keywording-ERIM-11.-4.-2024.-Photo-Marijana-Hamersak-10-768x768.jpg 768w, https:\/\/erim.ief.hr\/wp-content\/uploads\/2024\/04\/Keywording-ERIM-11.-4.-2024.-Photo-Marijana-Hamersak-10-1536x1536.jpg 1536w, https:\/\/erim.ief.hr\/wp-content\/uploads\/2024\/04\/Keywording-ERIM-11.-4.-2024.-Photo-Marijana-Hamersak-10-2048x2048.jpg 2048w, https:\/\/erim.ief.hr\/wp-content\/uploads\/2024\/04\/Keywording-ERIM-11.-4.-2024.-Photo-Marijana-Hamersak-10-12x12.jpg 12w, https:\/\/erim.ief.hr\/wp-content\/uploads\/2024\/04\/Keywording-ERIM-11.-4.-2024.-Photo-Marijana-Hamersak-10-600x600.jpg 600w, https:\/\/erim.ief.hr\/wp-content\/uploads\/2024\/04\/Keywording-ERIM-11.-4.-2024.-Photo-Marijana-Hamersak-10-140x140.jpg 140w, https:\/\/erim.ief.hr\/wp-content\/uploads\/2024\/04\/Keywording-ERIM-11.-4.-2024.-Photo-Marijana-Hamersak-10-597x597.jpg 597w, https:\/\/erim.ief.hr\/wp-content\/uploads\/2024\/04\/Keywording-ERIM-11.-4.-2024.-Photo-Marijana-Hamersak-10-210x210.jpg 210w\" sizes=\"(max-width: 1024px) 100vw, 1024px\" \/><\/figure><\/li><li class=\"blocks-gallery-item\"><figure><img loading=\"lazy\" width=\"1024\" height=\"461\" src=\"http:\/\/erim.ief.hr\/wp-content\/uploads\/2024\/04\/Keywording-ERIM-12.-4.-2024.-Photo-Bojan-Mucko-11-1024x461.jpg\" alt=\"\" data-id=\"3553\" data-full-url=\"http:\/\/erim.ief.hr\/wp-content\/uploads\/2024\/04\/Keywording-ERIM-12.-4.-2024.-Photo-Bojan-Mucko-11-scaled.jpg\" data-link=\"https:\/\/erim.ief.hr\/keywording-european-irregularized-migration-regime\/attachment\/keywording-erim-12-4-2024-photo-bojan-mucko-11\/\" class=\"wp-image-3553\" srcset=\"https:\/\/erim.ief.hr\/wp-content\/uploads\/2024\/04\/Keywording-ERIM-12.-4.-2024.-Photo-Bojan-Mucko-11-1024x461.jpg 1024w, https:\/\/erim.ief.hr\/wp-content\/uploads\/2024\/04\/Keywording-ERIM-12.-4.-2024.-Photo-Bojan-Mucko-11-300x135.jpg 300w, https:\/\/erim.ief.hr\/wp-content\/uploads\/2024\/04\/Keywording-ERIM-12.-4.-2024.-Photo-Bojan-Mucko-11-768x346.jpg 768w, https:\/\/erim.ief.hr\/wp-content\/uploads\/2024\/04\/Keywording-ERIM-12.-4.-2024.-Photo-Bojan-Mucko-11-1536x691.jpg 1536w, https:\/\/erim.ief.hr\/wp-content\/uploads\/2024\/04\/Keywording-ERIM-12.-4.-2024.-Photo-Bojan-Mucko-11-2048x922.jpg 2048w, https:\/\/erim.ief.hr\/wp-content\/uploads\/2024\/04\/Keywording-ERIM-12.-4.-2024.-Photo-Bojan-Mucko-11-18x8.jpg 18w, https:\/\/erim.ief.hr\/wp-content\/uploads\/2024\/04\/Keywording-ERIM-12.-4.-2024.-Photo-Bojan-Mucko-11-311x140.jpg 311w, https:\/\/erim.ief.hr\/wp-content\/uploads\/2024\/04\/Keywording-ERIM-12.-4.-2024.-Photo-Bojan-Mucko-11-597x269.jpg 597w, https:\/\/erim.ief.hr\/wp-content\/uploads\/2024\/04\/Keywording-ERIM-12.-4.-2024.-Photo-Bojan-Mucko-11-467x210.jpg 467w\" sizes=\"(max-width: 1024px) 100vw, 1024px\" \/><\/figure><\/li><li class=\"blocks-gallery-item\"><figure><img loading=\"lazy\" width=\"1024\" height=\"1024\" src=\"http:\/\/erim.ief.hr\/wp-content\/uploads\/2024\/04\/Keywording-ERIM-11.-4.-2024.-Photo-Marijana-Hamersak-11-1024x1024.jpg\" alt=\"\" data-id=\"3554\" data-full-url=\"http:\/\/erim.ief.hr\/wp-content\/uploads\/2024\/04\/Keywording-ERIM-11.-4.-2024.-Photo-Marijana-Hamersak-11-scaled.jpg\" data-link=\"https:\/\/erim.ief.hr\/keywording-european-irregularized-migration-regime\/attachment\/keywording-erim-11-4-2024-photo-marijana-hamersak-11\/\" class=\"wp-image-3554\" srcset=\"https:\/\/erim.ief.hr\/wp-content\/uploads\/2024\/04\/Keywording-ERIM-11.-4.-2024.-Photo-Marijana-Hamersak-11-1024x1024.jpg 1024w, https:\/\/erim.ief.hr\/wp-content\/uploads\/2024\/04\/Keywording-ERIM-11.-4.-2024.-Photo-Marijana-Hamersak-11-300x300.jpg 300w, https:\/\/erim.ief.hr\/wp-content\/uploads\/2024\/04\/Keywording-ERIM-11.-4.-2024.-Photo-Marijana-Hamersak-11-150x150.jpg 150w, https:\/\/erim.ief.hr\/wp-content\/uploads\/2024\/04\/Keywording-ERIM-11.-4.-2024.-Photo-Marijana-Hamersak-11-768x768.jpg 768w, https:\/\/erim.ief.hr\/wp-content\/uploads\/2024\/04\/Keywording-ERIM-11.-4.-2024.-Photo-Marijana-Hamersak-11-1536x1536.jpg 1536w, https:\/\/erim.ief.hr\/wp-content\/uploads\/2024\/04\/Keywording-ERIM-11.-4.-2024.-Photo-Marijana-Hamersak-11-2048x2048.jpg 2048w, https:\/\/erim.ief.hr\/wp-content\/uploads\/2024\/04\/Keywording-ERIM-11.-4.-2024.-Photo-Marijana-Hamersak-11-12x12.jpg 12w, https:\/\/erim.ief.hr\/wp-content\/uploads\/2024\/04\/Keywording-ERIM-11.-4.-2024.-Photo-Marijana-Hamersak-11-600x600.jpg 600w, https:\/\/erim.ief.hr\/wp-content\/uploads\/2024\/04\/Keywording-ERIM-11.-4.-2024.-Photo-Marijana-Hamersak-11-140x140.jpg 140w, https:\/\/erim.ief.hr\/wp-content\/uploads\/2024\/04\/Keywording-ERIM-11.-4.-2024.-Photo-Marijana-Hamersak-11-597x597.jpg 597w, https:\/\/erim.ief.hr\/wp-content\/uploads\/2024\/04\/Keywording-ERIM-11.-4.-2024.-Photo-Marijana-Hamersak-11-210x210.jpg 210w\" sizes=\"(max-width: 1024px) 100vw, 1024px\" \/><\/figure><\/li><li class=\"blocks-gallery-item\"><figure><img loading=\"lazy\" width=\"1024\" height=\"461\" src=\"http:\/\/erim.ief.hr\/wp-content\/uploads\/2024\/04\/Keywording-ERIM-12.-4.-2024.-Photo-Bojan-Mucko-7-1024x461.jpg\" alt=\"\" data-id=\"3547\" data-full-url=\"http:\/\/erim.ief.hr\/wp-content\/uploads\/2024\/04\/Keywording-ERIM-12.-4.-2024.-Photo-Bojan-Mucko-7-scaled.jpg\" data-link=\"https:\/\/erim.ief.hr\/keywording-european-irregularized-migration-regime\/attachment\/keywording-erim-12-4-2024-photo-bojan-mucko-7\/\" class=\"wp-image-3547\" srcset=\"https:\/\/erim.ief.hr\/wp-content\/uploads\/2024\/04\/Keywording-ERIM-12.-4.-2024.-Photo-Bojan-Mucko-7-1024x461.jpg 1024w, https:\/\/erim.ief.hr\/wp-content\/uploads\/2024\/04\/Keywording-ERIM-12.-4.-2024.-Photo-Bojan-Mucko-7-300x135.jpg 300w, https:\/\/erim.ief.hr\/wp-content\/uploads\/2024\/04\/Keywording-ERIM-12.-4.-2024.-Photo-Bojan-Mucko-7-768x346.jpg 768w, https:\/\/erim.ief.hr\/wp-content\/uploads\/2024\/04\/Keywording-ERIM-12.-4.-2024.-Photo-Bojan-Mucko-7-1536x691.jpg 1536w, https:\/\/erim.ief.hr\/wp-content\/uploads\/2024\/04\/Keywording-ERIM-12.-4.-2024.-Photo-Bojan-Mucko-7-2048x922.jpg 2048w, https:\/\/erim.ief.hr\/wp-content\/uploads\/2024\/04\/Keywording-ERIM-12.-4.-2024.-Photo-Bojan-Mucko-7-18x8.jpg 18w, https:\/\/erim.ief.hr\/wp-content\/uploads\/2024\/04\/Keywording-ERIM-12.-4.-2024.-Photo-Bojan-Mucko-7-311x140.jpg 311w, https:\/\/erim.ief.hr\/wp-content\/uploads\/2024\/04\/Keywording-ERIM-12.-4.-2024.-Photo-Bojan-Mucko-7-597x269.jpg 597w, https:\/\/erim.ief.hr\/wp-content\/uploads\/2024\/04\/Keywording-ERIM-12.-4.-2024.-Photo-Bojan-Mucko-7-467x210.jpg 467w\" sizes=\"(max-width: 1024px) 100vw, 1024px\" \/><\/figure><\/li><li class=\"blocks-gallery-item\"><figure><img loading=\"lazy\" width=\"1024\" height=\"461\" src=\"http:\/\/erim.ief.hr\/wp-content\/uploads\/2024\/04\/Keywording-ERIM-12.-4.-2024.-Photo-Bojan-Mucko-8-1024x461.jpg\" alt=\"\" data-id=\"3548\" data-full-url=\"http:\/\/erim.ief.hr\/wp-content\/uploads\/2024\/04\/Keywording-ERIM-12.-4.-2024.-Photo-Bojan-Mucko-8-scaled.jpg\" data-link=\"https:\/\/erim.ief.hr\/keywording-european-irregularized-migration-regime\/attachment\/keywording-erim-12-4-2024-photo-bojan-mucko-8\/\" class=\"wp-image-3548\" srcset=\"https:\/\/erim.ief.hr\/wp-content\/uploads\/2024\/04\/Keywording-ERIM-12.-4.-2024.-Photo-Bojan-Mucko-8-1024x461.jpg 1024w, https:\/\/erim.ief.hr\/wp-content\/uploads\/2024\/04\/Keywording-ERIM-12.-4.-2024.-Photo-Bojan-Mucko-8-300x135.jpg 300w, https:\/\/erim.ief.hr\/wp-content\/uploads\/2024\/04\/Keywording-ERIM-12.-4.-2024.-Photo-Bojan-Mucko-8-768x346.jpg 768w, https:\/\/erim.ief.hr\/wp-content\/uploads\/2024\/04\/Keywording-ERIM-12.-4.-2024.-Photo-Bojan-Mucko-8-1536x691.jpg 1536w, https:\/\/erim.ief.hr\/wp-content\/uploads\/2024\/04\/Keywording-ERIM-12.-4.-2024.-Photo-Bojan-Mucko-8-2048x922.jpg 2048w, https:\/\/erim.ief.hr\/wp-content\/uploads\/2024\/04\/Keywording-ERIM-12.-4.-2024.-Photo-Bojan-Mucko-8-18x8.jpg 18w, https:\/\/erim.ief.hr\/wp-content\/uploads\/2024\/04\/Keywording-ERIM-12.-4.-2024.-Photo-Bojan-Mucko-8-311x140.jpg 311w, https:\/\/erim.ief.hr\/wp-content\/uploads\/2024\/04\/Keywording-ERIM-12.-4.-2024.-Photo-Bojan-Mucko-8-597x269.jpg 597w, https:\/\/erim.ief.hr\/wp-content\/uploads\/2024\/04\/Keywording-ERIM-12.-4.-2024.-Photo-Bojan-Mucko-8-467x210.jpg 467w\" sizes=\"(max-width: 1024px) 100vw, 1024px\" \/><\/figure><\/li><li class=\"blocks-gallery-item\"><figure><img loading=\"lazy\" width=\"1024\" height=\"461\" src=\"http:\/\/erim.ief.hr\/wp-content\/uploads\/2024\/04\/Keywording-ERIM-12.-4.-2024.-Photo-Bojan-Mucko-9-1024x461.jpg\" alt=\"\" data-id=\"3550\" data-full-url=\"http:\/\/erim.ief.hr\/wp-content\/uploads\/2024\/04\/Keywording-ERIM-12.-4.-2024.-Photo-Bojan-Mucko-9-scaled.jpg\" data-link=\"https:\/\/erim.ief.hr\/keywording-european-irregularized-migration-regime\/attachment\/keywording-erim-12-4-2024-photo-bojan-mucko-9\/\" class=\"wp-image-3550\" srcset=\"https:\/\/erim.ief.hr\/wp-content\/uploads\/2024\/04\/Keywording-ERIM-12.-4.-2024.-Photo-Bojan-Mucko-9-1024x461.jpg 1024w, https:\/\/erim.ief.hr\/wp-content\/uploads\/2024\/04\/Keywording-ERIM-12.-4.-2024.-Photo-Bojan-Mucko-9-300x135.jpg 300w, https:\/\/erim.ief.hr\/wp-content\/uploads\/2024\/04\/Keywording-ERIM-12.-4.-2024.-Photo-Bojan-Mucko-9-768x346.jpg 768w\" sizes=\"(max-width: 1024px) 100vw, 1024px\" \/><\/figure><\/li><li class=\"blocks-gallery-item\"><figure><img loading=\"lazy\" width=\"1024\" height=\"461\" src=\"http:\/\/erim.ief.hr\/wp-content\/uploads\/2024\/04\/Keywording-ERIM-12.-4.-2024.-Photo-Bojan-Mucko-3-1024x461.jpg\" alt=\"\" data-id=\"3540\" data-full-url=\"http:\/\/erim.ief.hr\/wp-content\/uploads\/2024\/04\/Keywording-ERIM-12.-4.-2024.-Photo-Bojan-Mucko-3-scaled.jpg\" data-link=\"https:\/\/erim.ief.hr\/keywording-european-irregularized-migration-regime\/attachment\/keywording-erim-12-4-2024-photo-bojan-mucko-3\/\" class=\"wp-image-3540\" srcset=\"https:\/\/erim.ief.hr\/wp-content\/uploads\/2024\/04\/Keywording-ERIM-12.-4.-2024.-Photo-Bojan-Mucko-3-1024x461.jpg 1024w, https:\/\/erim.ief.hr\/wp-content\/uploads\/2024\/04\/Keywording-ERIM-12.-4.-2024.-Photo-Bojan-Mucko-3-300x135.jpg 300w, https:\/\/erim.ief.hr\/wp-content\/uploads\/2024\/04\/Keywording-ERIM-12.-4.-2024.-Photo-Bojan-Mucko-3-768x346.jpg 768w, https:\/\/erim.ief.hr\/wp-content\/uploads\/2024\/04\/Keywording-ERIM-12.-4.-2024.-Photo-Bojan-Mucko-3-1536x691.jpg 1536w, https:\/\/erim.ief.hr\/wp-content\/uploads\/2024\/04\/Keywording-ERIM-12.-4.-2024.-Photo-Bojan-Mucko-3-2048x922.jpg 2048w, https:\/\/erim.ief.hr\/wp-content\/uploads\/2024\/04\/Keywording-ERIM-12.-4.-2024.-Photo-Bojan-Mucko-3-18x8.jpg 18w, https:\/\/erim.ief.hr\/wp-content\/uploads\/2024\/04\/Keywording-ERIM-12.-4.-2024.-Photo-Bojan-Mucko-3-311x140.jpg 311w, https:\/\/erim.ief.hr\/wp-content\/uploads\/2024\/04\/Keywording-ERIM-12.-4.-2024.-Photo-Bojan-Mucko-3-597x269.jpg 597w, https:\/\/erim.ief.hr\/wp-content\/uploads\/2024\/04\/Keywording-ERIM-12.-4.-2024.-Photo-Bojan-Mucko-3-467x210.jpg 467w\" sizes=\"(max-width: 1024px) 100vw, 1024px\" \/><\/figure><\/li><li class=\"blocks-gallery-item\"><figure><img loading=\"lazy\" width=\"1024\" height=\"1024\" src=\"http:\/\/erim.ief.hr\/wp-content\/uploads\/2024\/04\/Keywording-ERIM-11.-4.-2024.-Photo-Marijana-Hamersak-6-1024x1024.jpg\" alt=\"\" data-id=\"3541\" data-full-url=\"http:\/\/erim.ief.hr\/wp-content\/uploads\/2024\/04\/Keywording-ERIM-11.-4.-2024.-Photo-Marijana-Hamersak-6-scaled.jpg\" data-link=\"https:\/\/erim.ief.hr\/keywording-european-irregularized-migration-regime\/attachment\/keywording-erim-11-4-2024-photo-marijana-hamersak-6\/\" class=\"wp-image-3541\" srcset=\"https:\/\/erim.ief.hr\/wp-content\/uploads\/2024\/04\/Keywording-ERIM-11.-4.-2024.-Photo-Marijana-Hamersak-6-1024x1024.jpg 1024w, https:\/\/erim.ief.hr\/wp-content\/uploads\/2024\/04\/Keywording-ERIM-11.-4.-2024.-Photo-Marijana-Hamersak-6-300x300.jpg 300w, https:\/\/erim.ief.hr\/wp-content\/uploads\/2024\/04\/Keywording-ERIM-11.-4.-2024.-Photo-Marijana-Hamersak-6-150x150.jpg 150w, https:\/\/erim.ief.hr\/wp-content\/uploads\/2024\/04\/Keywording-ERIM-11.-4.-2024.-Photo-Marijana-Hamersak-6-768x768.jpg 768w, https:\/\/erim.ief.hr\/wp-content\/uploads\/2024\/04\/Keywording-ERIM-11.-4.-2024.-Photo-Marijana-Hamersak-6-1536x1536.jpg 1536w, https:\/\/erim.ief.hr\/wp-content\/uploads\/2024\/04\/Keywording-ERIM-11.-4.-2024.-Photo-Marijana-Hamersak-6-2048x2048.jpg 2048w, https:\/\/erim.ief.hr\/wp-content\/uploads\/2024\/04\/Keywording-ERIM-11.-4.-2024.-Photo-Marijana-Hamersak-6-12x12.jpg 12w, https:\/\/erim.ief.hr\/wp-content\/uploads\/2024\/04\/Keywording-ERIM-11.-4.-2024.-Photo-Marijana-Hamersak-6-600x600.jpg 600w, https:\/\/erim.ief.hr\/wp-content\/uploads\/2024\/04\/Keywording-ERIM-11.-4.-2024.-Photo-Marijana-Hamersak-6-140x140.jpg 140w, https:\/\/erim.ief.hr\/wp-content\/uploads\/2024\/04\/Keywording-ERIM-11.-4.-2024.-Photo-Marijana-Hamersak-6-597x597.jpg 597w, https:\/\/erim.ief.hr\/wp-content\/uploads\/2024\/04\/Keywording-ERIM-11.-4.-2024.-Photo-Marijana-Hamersak-6-210x210.jpg 210w\" sizes=\"(max-width: 1024px) 100vw, 1024px\" \/><\/figure><\/li><li class=\"blocks-gallery-item\"><figure><img loading=\"lazy\" width=\"1024\" height=\"1024\" src=\"http:\/\/erim.ief.hr\/wp-content\/uploads\/2024\/04\/Keywording-ERIM-11.-4.-2024.-Photo-Marijana-Hamersak-8-1024x1024.jpg\" alt=\"\" data-id=\"3546\" data-full-url=\"http:\/\/erim.ief.hr\/wp-content\/uploads\/2024\/04\/Keywording-ERIM-11.-4.-2024.-Photo-Marijana-Hamersak-8-scaled.jpg\" data-link=\"https:\/\/erim.ief.hr\/keywording-european-irregularized-migration-regime\/attachment\/keywording-erim-11-4-2024-photo-marijana-hamersak-8\/\" class=\"wp-image-3546\" srcset=\"https:\/\/erim.ief.hr\/wp-content\/uploads\/2024\/04\/Keywording-ERIM-11.-4.-2024.-Photo-Marijana-Hamersak-8-1024x1024.jpg 1024w, https:\/\/erim.ief.hr\/wp-content\/uploads\/2024\/04\/Keywording-ERIM-11.-4.-2024.-Photo-Marijana-Hamersak-8-300x300.jpg 300w, https:\/\/erim.ief.hr\/wp-content\/uploads\/2024\/04\/Keywording-ERIM-11.-4.-2024.-Photo-Marijana-Hamersak-8-150x150.jpg 150w, https:\/\/erim.ief.hr\/wp-content\/uploads\/2024\/04\/Keywording-ERIM-11.-4.-2024.-Photo-Marijana-Hamersak-8-768x768.jpg 768w, https:\/\/erim.ief.hr\/wp-content\/uploads\/2024\/04\/Keywording-ERIM-11.-4.-2024.-Photo-Marijana-Hamersak-8-1536x1536.jpg 1536w, https:\/\/erim.ief.hr\/wp-content\/uploads\/2024\/04\/Keywording-ERIM-11.-4.-2024.-Photo-Marijana-Hamersak-8-2048x2048.jpg 2048w, https:\/\/erim.ief.hr\/wp-content\/uploads\/2024\/04\/Keywording-ERIM-11.-4.-2024.-Photo-Marijana-Hamersak-8-12x12.jpg 12w, https:\/\/erim.ief.hr\/wp-content\/uploads\/2024\/04\/Keywording-ERIM-11.-4.-2024.-Photo-Marijana-Hamersak-8-600x600.jpg 600w, https:\/\/erim.ief.hr\/wp-content\/uploads\/2024\/04\/Keywording-ERIM-11.-4.-2024.-Photo-Marijana-Hamersak-8-140x140.jpg 140w, https:\/\/erim.ief.hr\/wp-content\/uploads\/2024\/04\/Keywording-ERIM-11.-4.-2024.-Photo-Marijana-Hamersak-8-597x597.jpg 597w, https:\/\/erim.ief.hr\/wp-content\/uploads\/2024\/04\/Keywording-ERIM-11.-4.-2024.-Photo-Marijana-Hamersak-8-210x210.jpg 210w\" sizes=\"(max-width: 1024px) 100vw, 1024px\" \/><\/figure><\/li><li class=\"blocks-gallery-item\"><figure><img loading=\"lazy\" width=\"1024\" height=\"461\" src=\"http:\/\/erim.ief.hr\/wp-content\/uploads\/2024\/04\/Keywording-ERIM-12.-4.-2024.-Photo-Bojan-Mucko-5-1024x461.jpg\" alt=\"\" data-id=\"3544\" data-full-url=\"http:\/\/erim.ief.hr\/wp-content\/uploads\/2024\/04\/Keywording-ERIM-12.-4.-2024.-Photo-Bojan-Mucko-5-scaled.jpg\" data-link=\"https:\/\/erim.ief.hr\/keywording-european-irregularized-migration-regime\/attachment\/keywording-erim-12-4-2024-photo-bojan-mucko-5\/\" class=\"wp-image-3544\" srcset=\"https:\/\/erim.ief.hr\/wp-content\/uploads\/2024\/04\/Keywording-ERIM-12.-4.-2024.-Photo-Bojan-Mucko-5-1024x461.jpg 1024w, https:\/\/erim.ief.hr\/wp-content\/uploads\/2024\/04\/Keywording-ERIM-12.-4.-2024.-Photo-Bojan-Mucko-5-300x135.jpg 300w, https:\/\/erim.ief.hr\/wp-content\/uploads\/2024\/04\/Keywording-ERIM-12.-4.-2024.-Photo-Bojan-Mucko-5-768x346.jpg 768w\" sizes=\"(max-width: 1024px) 100vw, 1024px\" \/><\/figure><\/li><li class=\"blocks-gallery-item\"><figure><img loading=\"lazy\" width=\"1024\" height=\"1024\" src=\"http:\/\/erim.ief.hr\/wp-content\/uploads\/2024\/04\/Keywording-ERIM-11.-4.-2024.-Photo-Marijana-Hamersak-7-1024x1024.jpg\" alt=\"\" data-id=\"3543\" data-full-url=\"http:\/\/erim.ief.hr\/wp-content\/uploads\/2024\/04\/Keywording-ERIM-11.-4.-2024.-Photo-Marijana-Hamersak-7-scaled.jpg\" data-link=\"https:\/\/erim.ief.hr\/keywording-european-irregularized-migration-regime\/attachment\/keywording-erim-11-4-2024-photo-marijana-hamersak-7\/\" class=\"wp-image-3543\" srcset=\"https:\/\/erim.ief.hr\/wp-content\/uploads\/2024\/04\/Keywording-ERIM-11.-4.-2024.-Photo-Marijana-Hamersak-7-1024x1024.jpg 1024w, https:\/\/erim.ief.hr\/wp-content\/uploads\/2024\/04\/Keywording-ERIM-11.-4.-2024.-Photo-Marijana-Hamersak-7-300x300.jpg 300w, https:\/\/erim.ief.hr\/wp-content\/uploads\/2024\/04\/Keywording-ERIM-11.-4.-2024.-Photo-Marijana-Hamersak-7-150x150.jpg 150w, https:\/\/erim.ief.hr\/wp-content\/uploads\/2024\/04\/Keywording-ERIM-11.-4.-2024.-Photo-Marijana-Hamersak-7-768x768.jpg 768w, https:\/\/erim.ief.hr\/wp-content\/uploads\/2024\/04\/Keywording-ERIM-11.-4.-2024.-Photo-Marijana-Hamersak-7-1536x1536.jpg 1536w, https:\/\/erim.ief.hr\/wp-content\/uploads\/2024\/04\/Keywording-ERIM-11.-4.-2024.-Photo-Marijana-Hamersak-7-2048x2048.jpg 2048w, https:\/\/erim.ief.hr\/wp-content\/uploads\/2024\/04\/Keywording-ERIM-11.-4.-2024.-Photo-Marijana-Hamersak-7-12x12.jpg 12w, https:\/\/erim.ief.hr\/wp-content\/uploads\/2024\/04\/Keywording-ERIM-11.-4.-2024.-Photo-Marijana-Hamersak-7-600x600.jpg 600w, https:\/\/erim.ief.hr\/wp-content\/uploads\/2024\/04\/Keywording-ERIM-11.-4.-2024.-Photo-Marijana-Hamersak-7-140x140.jpg 140w, https:\/\/erim.ief.hr\/wp-content\/uploads\/2024\/04\/Keywording-ERIM-11.-4.-2024.-Photo-Marijana-Hamersak-7-597x597.jpg 597w, https:\/\/erim.ief.hr\/wp-content\/uploads\/2024\/04\/Keywording-ERIM-11.-4.-2024.-Photo-Marijana-Hamersak-7-210x210.jpg 210w\" sizes=\"(max-width: 1024px) 100vw, 1024px\" \/><\/figure><\/li><li class=\"blocks-gallery-item\"><figure><img loading=\"lazy\" width=\"1024\" height=\"461\" src=\"http:\/\/erim.ief.hr\/wp-content\/uploads\/2024\/04\/Keywording-ERIM-12.-4.-2024.-Photo-Bojan-Mucko-4-1024x461.jpg\" alt=\"\" data-id=\"3542\" data-full-url=\"http:\/\/erim.ief.hr\/wp-content\/uploads\/2024\/04\/Keywording-ERIM-12.-4.-2024.-Photo-Bojan-Mucko-4-scaled.jpg\" data-link=\"https:\/\/erim.ief.hr\/keywording-european-irregularized-migration-regime\/attachment\/keywording-erim-12-4-2024-photo-bojan-mucko-4\/\" class=\"wp-image-3542\" srcset=\"https:\/\/erim.ief.hr\/wp-content\/uploads\/2024\/04\/Keywording-ERIM-12.-4.-2024.-Photo-Bojan-Mucko-4-1024x461.jpg 1024w, https:\/\/erim.ief.hr\/wp-content\/uploads\/2024\/04\/Keywording-ERIM-12.-4.-2024.-Photo-Bojan-Mucko-4-300x135.jpg 300w, https:\/\/erim.ief.hr\/wp-content\/uploads\/2024\/04\/Keywording-ERIM-12.-4.-2024.-Photo-Bojan-Mucko-4-768x346.jpg 768w, https:\/\/erim.ief.hr\/wp-content\/uploads\/2024\/04\/Keywording-ERIM-12.-4.-2024.-Photo-Bojan-Mucko-4-1536x691.jpg 1536w, https:\/\/erim.ief.hr\/wp-content\/uploads\/2024\/04\/Keywording-ERIM-12.-4.-2024.-Photo-Bojan-Mucko-4-2048x922.jpg 2048w, https:\/\/erim.ief.hr\/wp-content\/uploads\/2024\/04\/Keywording-ERIM-12.-4.-2024.-Photo-Bojan-Mucko-4-18x8.jpg 18w, https:\/\/erim.ief.hr\/wp-content\/uploads\/2024\/04\/Keywording-ERIM-12.-4.-2024.-Photo-Bojan-Mucko-4-311x140.jpg 311w, https:\/\/erim.ief.hr\/wp-content\/uploads\/2024\/04\/Keywording-ERIM-12.-4.-2024.-Photo-Bojan-Mucko-4-597x269.jpg 597w, https:\/\/erim.ief.hr\/wp-content\/uploads\/2024\/04\/Keywording-ERIM-12.-4.-2024.-Photo-Bojan-Mucko-4-467x210.jpg 467w\" sizes=\"(max-width: 1024px) 100vw, 1024px\" \/><\/figure><\/li><li class=\"blocks-gallery-item\"><figure><img loading=\"lazy\" width=\"1024\" height=\"461\" src=\"http:\/\/erim.ief.hr\/wp-content\/uploads\/2024\/04\/Keywording-ERIM-11.-4.-2024.-Photo-Bojan-Mucko-12-1024x461.jpg\" alt=\"\" data-id=\"3533\" data-full-url=\"http:\/\/erim.ief.hr\/wp-content\/uploads\/2024\/04\/Keywording-ERIM-11.-4.-2024.-Photo-Bojan-Mucko-12-scaled.jpg\" data-link=\"https:\/\/erim.ief.hr\/keywording-european-irregularized-migration-regime\/attachment\/keywording-erim-11-4-2024-photo-bojan-mucko-12\/\" class=\"wp-image-3533\" srcset=\"https:\/\/erim.ief.hr\/wp-content\/uploads\/2024\/04\/Keywording-ERIM-11.-4.-2024.-Photo-Bojan-Mucko-12-1024x461.jpg 1024w, https:\/\/erim.ief.hr\/wp-content\/uploads\/2024\/04\/Keywording-ERIM-11.-4.-2024.-Photo-Bojan-Mucko-12-300x135.jpg 300w, https:\/\/erim.ief.hr\/wp-content\/uploads\/2024\/04\/Keywording-ERIM-11.-4.-2024.-Photo-Bojan-Mucko-12-768x346.jpg 768w, https:\/\/erim.ief.hr\/wp-content\/uploads\/2024\/04\/Keywording-ERIM-11.-4.-2024.-Photo-Bojan-Mucko-12-1536x691.jpg 1536w, https:\/\/erim.ief.hr\/wp-content\/uploads\/2024\/04\/Keywording-ERIM-11.-4.-2024.-Photo-Bojan-Mucko-12-2048x922.jpg 2048w, https:\/\/erim.ief.hr\/wp-content\/uploads\/2024\/04\/Keywording-ERIM-11.-4.-2024.-Photo-Bojan-Mucko-12-18x8.jpg 18w, https:\/\/erim.ief.hr\/wp-content\/uploads\/2024\/04\/Keywording-ERIM-11.-4.-2024.-Photo-Bojan-Mucko-12-311x140.jpg 311w, https:\/\/erim.ief.hr\/wp-content\/uploads\/2024\/04\/Keywording-ERIM-11.-4.-2024.-Photo-Bojan-Mucko-12-597x269.jpg 597w, https:\/\/erim.ief.hr\/wp-content\/uploads\/2024\/04\/Keywording-ERIM-11.-4.-2024.-Photo-Bojan-Mucko-12-467x210.jpg 467w\" sizes=\"(max-width: 1024px) 100vw, 1024px\" \/><\/figure><\/li><li class=\"blocks-gallery-item\"><figure><img loading=\"lazy\" width=\"1024\" height=\"461\" src=\"http:\/\/erim.ief.hr\/wp-content\/uploads\/2024\/04\/Keywording-ERIM-11.-4.-2024.-Photo-Bojan-Mucko-9-1024x461.jpg\" alt=\"\" data-id=\"3528\" data-full-url=\"http:\/\/erim.ief.hr\/wp-content\/uploads\/2024\/04\/Keywording-ERIM-11.-4.-2024.-Photo-Bojan-Mucko-9-scaled.jpg\" data-link=\"https:\/\/erim.ief.hr\/keywording-european-irregularized-migration-regime\/attachment\/keywording-erim-11-4-2024-photo-bojan-mucko-9\/\" class=\"wp-image-3528\" srcset=\"https:\/\/erim.ief.hr\/wp-content\/uploads\/2024\/04\/Keywording-ERIM-11.-4.-2024.-Photo-Bojan-Mucko-9-1024x461.jpg 1024w, https:\/\/erim.ief.hr\/wp-content\/uploads\/2024\/04\/Keywording-ERIM-11.-4.-2024.-Photo-Bojan-Mucko-9-300x135.jpg 300w, https:\/\/erim.ief.hr\/wp-content\/uploads\/2024\/04\/Keywording-ERIM-11.-4.-2024.-Photo-Bojan-Mucko-9-768x346.jpg 768w, https:\/\/erim.ief.hr\/wp-content\/uploads\/2024\/04\/Keywording-ERIM-11.-4.-2024.-Photo-Bojan-Mucko-9-1536x691.jpg 1536w, https:\/\/erim.ief.hr\/wp-content\/uploads\/2024\/04\/Keywording-ERIM-11.-4.-2024.-Photo-Bojan-Mucko-9-2048x922.jpg 2048w, https:\/\/erim.ief.hr\/wp-content\/uploads\/2024\/04\/Keywording-ERIM-11.-4.-2024.-Photo-Bojan-Mucko-9-18x8.jpg 18w, https:\/\/erim.ief.hr\/wp-content\/uploads\/2024\/04\/Keywording-ERIM-11.-4.-2024.-Photo-Bojan-Mucko-9-311x140.jpg 311w, https:\/\/erim.ief.hr\/wp-content\/uploads\/2024\/04\/Keywording-ERIM-11.-4.-2024.-Photo-Bojan-Mucko-9-597x269.jpg 597w, https:\/\/erim.ief.hr\/wp-content\/uploads\/2024\/04\/Keywording-ERIM-11.-4.-2024.-Photo-Bojan-Mucko-9-467x210.jpg 467w\" sizes=\"(max-width: 1024px) 100vw, 1024px\" \/><\/figure><\/li><li class=\"blocks-gallery-item\"><figure><img loading=\"lazy\" width=\"1024\" height=\"1024\" src=\"http:\/\/erim.ief.hr\/wp-content\/uploads\/2024\/04\/Keywording-ERIM-11.-4.-2024.-Photo-Marijana-Hamersak-1-1024x1024.jpg\" alt=\"\" data-id=\"3527\" data-full-url=\"http:\/\/erim.ief.hr\/wp-content\/uploads\/2024\/04\/Keywording-ERIM-11.-4.-2024.-Photo-Marijana-Hamersak-1-scaled.jpg\" data-link=\"https:\/\/erim.ief.hr\/keywording-european-irregularized-migration-regime\/attachment\/keywording-erim-11-4-2024-photo-marijana-hamersak-1\/\" class=\"wp-image-3527\" srcset=\"https:\/\/erim.ief.hr\/wp-content\/uploads\/2024\/04\/Keywording-ERIM-11.-4.-2024.-Photo-Marijana-Hamersak-1-1024x1024.jpg 1024w, https:\/\/erim.ief.hr\/wp-content\/uploads\/2024\/04\/Keywording-ERIM-11.-4.-2024.-Photo-Marijana-Hamersak-1-300x300.jpg 300w, https:\/\/erim.ief.hr\/wp-content\/uploads\/2024\/04\/Keywording-ERIM-11.-4.-2024.-Photo-Marijana-Hamersak-1-150x150.jpg 150w, https:\/\/erim.ief.hr\/wp-content\/uploads\/2024\/04\/Keywording-ERIM-11.-4.-2024.-Photo-Marijana-Hamersak-1-768x768.jpg 768w, https:\/\/erim.ief.hr\/wp-content\/uploads\/2024\/04\/Keywording-ERIM-11.-4.-2024.-Photo-Marijana-Hamersak-1-1536x1536.jpg 1536w, https:\/\/erim.ief.hr\/wp-content\/uploads\/2024\/04\/Keywording-ERIM-11.-4.-2024.-Photo-Marijana-Hamersak-1-2048x2048.jpg 2048w, https:\/\/erim.ief.hr\/wp-content\/uploads\/2024\/04\/Keywording-ERIM-11.-4.-2024.-Photo-Marijana-Hamersak-1-12x12.jpg 12w, https:\/\/erim.ief.hr\/wp-content\/uploads\/2024\/04\/Keywording-ERIM-11.-4.-2024.-Photo-Marijana-Hamersak-1-600x600.jpg 600w, https:\/\/erim.ief.hr\/wp-content\/uploads\/2024\/04\/Keywording-ERIM-11.-4.-2024.-Photo-Marijana-Hamersak-1-140x140.jpg 140w, https:\/\/erim.ief.hr\/wp-content\/uploads\/2024\/04\/Keywording-ERIM-11.-4.-2024.-Photo-Marijana-Hamersak-1-597x597.jpg 597w, https:\/\/erim.ief.hr\/wp-content\/uploads\/2024\/04\/Keywording-ERIM-11.-4.-2024.-Photo-Marijana-Hamersak-1-210x210.jpg 210w\" sizes=\"(max-width: 1024px) 100vw, 1024px\" \/><\/figure><\/li><li class=\"blocks-gallery-item\"><figure><img loading=\"lazy\" width=\"1024\" height=\"461\" src=\"http:\/\/erim.ief.hr\/wp-content\/uploads\/2024\/04\/Keywording-ERIM-11.-4.-2024.-Photo-Bojan-Mucko-10-1024x461.jpg\" alt=\"\" data-id=\"3530\" data-full-url=\"http:\/\/erim.ief.hr\/wp-content\/uploads\/2024\/04\/Keywording-ERIM-11.-4.-2024.-Photo-Bojan-Mucko-10-scaled.jpg\" data-link=\"https:\/\/erim.ief.hr\/keywording-european-irregularized-migration-regime\/attachment\/keywording-erim-11-4-2024-photo-bojan-mucko-10\/\" class=\"wp-image-3530\" srcset=\"https:\/\/erim.ief.hr\/wp-content\/uploads\/2024\/04\/Keywording-ERIM-11.-4.-2024.-Photo-Bojan-Mucko-10-1024x461.jpg 1024w, https:\/\/erim.ief.hr\/wp-content\/uploads\/2024\/04\/Keywording-ERIM-11.-4.-2024.-Photo-Bojan-Mucko-10-300x135.jpg 300w, https:\/\/erim.ief.hr\/wp-content\/uploads\/2024\/04\/Keywording-ERIM-11.-4.-2024.-Photo-Bojan-Mucko-10-768x346.jpg 768w\" sizes=\"(max-width: 1024px) 100vw, 1024px\" \/><\/figure><\/li><li class=\"blocks-gallery-item\"><figure><img loading=\"lazy\" width=\"1024\" height=\"461\" src=\"http:\/\/erim.ief.hr\/wp-content\/uploads\/2024\/04\/Keywording-ERIM-11.-4.-2024.-Photo-Bojan-Mucko-11-1024x461.jpg\" alt=\"\" data-id=\"3531\" data-full-url=\"http:\/\/erim.ief.hr\/wp-content\/uploads\/2024\/04\/Keywording-ERIM-11.-4.-2024.-Photo-Bojan-Mucko-11-scaled.jpg\" data-link=\"https:\/\/erim.ief.hr\/keywording-european-irregularized-migration-regime\/attachment\/keywording-erim-11-4-2024-photo-bojan-mucko-11\/\" class=\"wp-image-3531\" srcset=\"https:\/\/erim.ief.hr\/wp-content\/uploads\/2024\/04\/Keywording-ERIM-11.-4.-2024.-Photo-Bojan-Mucko-11-1024x461.jpg 1024w, https:\/\/erim.ief.hr\/wp-content\/uploads\/2024\/04\/Keywording-ERIM-11.-4.-2024.-Photo-Bojan-Mucko-11-300x135.jpg 300w, https:\/\/erim.ief.hr\/wp-content\/uploads\/2024\/04\/Keywording-ERIM-11.-4.-2024.-Photo-Bojan-Mucko-11-768x346.jpg 768w, https:\/\/erim.ief.hr\/wp-content\/uploads\/2024\/04\/Keywording-ERIM-11.-4.-2024.-Photo-Bojan-Mucko-11-1536x691.jpg 1536w, https:\/\/erim.ief.hr\/wp-content\/uploads\/2024\/04\/Keywording-ERIM-11.-4.-2024.-Photo-Bojan-Mucko-11-2048x922.jpg 2048w, https:\/\/erim.ief.hr\/wp-content\/uploads\/2024\/04\/Keywording-ERIM-11.-4.-2024.-Photo-Bojan-Mucko-11-18x8.jpg 18w, https:\/\/erim.ief.hr\/wp-content\/uploads\/2024\/04\/Keywording-ERIM-11.-4.-2024.-Photo-Bojan-Mucko-11-311x140.jpg 311w, https:\/\/erim.ief.hr\/wp-content\/uploads\/2024\/04\/Keywording-ERIM-11.-4.-2024.-Photo-Bojan-Mucko-11-597x269.jpg 597w, https:\/\/erim.ief.hr\/wp-content\/uploads\/2024\/04\/Keywording-ERIM-11.-4.-2024.-Photo-Bojan-Mucko-11-467x210.jpg 467w\" sizes=\"(max-width: 1024px) 100vw, 1024px\" \/><\/figure><\/li><li class=\"blocks-gallery-item\"><figure><img loading=\"lazy\" width=\"1024\" height=\"461\" src=\"http:\/\/erim.ief.hr\/wp-content\/uploads\/2024\/04\/Keywording-ERIM-11.-4.-2024.-Photo-Bojan-Mucko-3-1024x461.jpg\" alt=\"\" data-id=\"3522\" data-full-url=\"http:\/\/erim.ief.hr\/wp-content\/uploads\/2024\/04\/Keywording-ERIM-11.-4.-2024.-Photo-Bojan-Mucko-3-scaled.jpg\" data-link=\"https:\/\/erim.ief.hr\/keywording-european-irregularized-migration-regime\/attachment\/keywording-erim-11-4-2024-photo-bojan-mucko-3\/\" class=\"wp-image-3522\" srcset=\"https:\/\/erim.ief.hr\/wp-content\/uploads\/2024\/04\/Keywording-ERIM-11.-4.-2024.-Photo-Bojan-Mucko-3-1024x461.jpg 1024w, https:\/\/erim.ief.hr\/wp-content\/uploads\/2024\/04\/Keywording-ERIM-11.-4.-2024.-Photo-Bojan-Mucko-3-300x135.jpg 300w, https:\/\/erim.ief.hr\/wp-content\/uploads\/2024\/04\/Keywording-ERIM-11.-4.-2024.-Photo-Bojan-Mucko-3-768x346.jpg 768w, https:\/\/erim.ief.hr\/wp-content\/uploads\/2024\/04\/Keywording-ERIM-11.-4.-2024.-Photo-Bojan-Mucko-3-1536x691.jpg 1536w, https:\/\/erim.ief.hr\/wp-content\/uploads\/2024\/04\/Keywording-ERIM-11.-4.-2024.-Photo-Bojan-Mucko-3-2048x922.jpg 2048w, https:\/\/erim.ief.hr\/wp-content\/uploads\/2024\/04\/Keywording-ERIM-11.-4.-2024.-Photo-Bojan-Mucko-3-18x8.jpg 18w, https:\/\/erim.ief.hr\/wp-content\/uploads\/2024\/04\/Keywording-ERIM-11.-4.-2024.-Photo-Bojan-Mucko-3-311x140.jpg 311w, https:\/\/erim.ief.hr\/wp-content\/uploads\/2024\/04\/Keywording-ERIM-11.-4.-2024.-Photo-Bojan-Mucko-3-597x269.jpg 597w, https:\/\/erim.ief.hr\/wp-content\/uploads\/2024\/04\/Keywording-ERIM-11.-4.-2024.-Photo-Bojan-Mucko-3-467x210.jpg 467w\" sizes=\"(max-width: 1024px) 100vw, 1024px\" \/><\/figure><\/li><li class=\"blocks-gallery-item\"><figure><img loading=\"lazy\" width=\"1024\" height=\"461\" src=\"http:\/\/erim.ief.hr\/wp-content\/uploads\/2024\/04\/Keywording-ERIM-11.-4.-2024.-Photo-Bojan-Mucko-13-1024x461.jpg\" alt=\"\" data-id=\"3534\" data-full-url=\"http:\/\/erim.ief.hr\/wp-content\/uploads\/2024\/04\/Keywording-ERIM-11.-4.-2024.-Photo-Bojan-Mucko-13-scaled.jpg\" data-link=\"https:\/\/erim.ief.hr\/keywording-european-irregularized-migration-regime\/attachment\/keywording-erim-11-4-2024-photo-bojan-mucko-13\/\" class=\"wp-image-3534\" srcset=\"https:\/\/erim.ief.hr\/wp-content\/uploads\/2024\/04\/Keywording-ERIM-11.-4.-2024.-Photo-Bojan-Mucko-13-1024x461.jpg 1024w, https:\/\/erim.ief.hr\/wp-content\/uploads\/2024\/04\/Keywording-ERIM-11.-4.-2024.-Photo-Bojan-Mucko-13-300x135.jpg 300w, https:\/\/erim.ief.hr\/wp-content\/uploads\/2024\/04\/Keywording-ERIM-11.-4.-2024.-Photo-Bojan-Mucko-13-768x346.jpg 768w, https:\/\/erim.ief.hr\/wp-content\/uploads\/2024\/04\/Keywording-ERIM-11.-4.-2024.-Photo-Bojan-Mucko-13-1536x691.jpg 1536w, https:\/\/erim.ief.hr\/wp-content\/uploads\/2024\/04\/Keywording-ERIM-11.-4.-2024.-Photo-Bojan-Mucko-13-2048x922.jpg 2048w, https:\/\/erim.ief.hr\/wp-content\/uploads\/2024\/04\/Keywording-ERIM-11.-4.-2024.-Photo-Bojan-Mucko-13-18x8.jpg 18w, https:\/\/erim.ief.hr\/wp-content\/uploads\/2024\/04\/Keywording-ERIM-11.-4.-2024.-Photo-Bojan-Mucko-13-311x140.jpg 311w, https:\/\/erim.ief.hr\/wp-content\/uploads\/2024\/04\/Keywording-ERIM-11.-4.-2024.-Photo-Bojan-Mucko-13-597x269.jpg 597w, https:\/\/erim.ief.hr\/wp-content\/uploads\/2024\/04\/Keywording-ERIM-11.-4.-2024.-Photo-Bojan-Mucko-13-467x210.jpg 467w\" sizes=\"(max-width: 1024px) 100vw, 1024px\" \/><\/figure><\/li><li class=\"blocks-gallery-item\"><figure><img loading=\"lazy\" width=\"1024\" height=\"1024\" src=\"http:\/\/erim.ief.hr\/wp-content\/uploads\/2024\/04\/Keywording-ERIM-11.-4.-2024.-Photo-Marijana-Hamersak-2-1024x1024.jpg\" alt=\"\" data-id=\"3529\" data-full-url=\"http:\/\/erim.ief.hr\/wp-content\/uploads\/2024\/04\/Keywording-ERIM-11.-4.-2024.-Photo-Marijana-Hamersak-2-scaled.jpg\" data-link=\"https:\/\/erim.ief.hr\/keywording-european-irregularized-migration-regime\/attachment\/keywording-erim-11-4-2024-photo-marijana-hamersak-2\/\" class=\"wp-image-3529\" srcset=\"https:\/\/erim.ief.hr\/wp-content\/uploads\/2024\/04\/Keywording-ERIM-11.-4.-2024.-Photo-Marijana-Hamersak-2-1024x1024.jpg 1024w, https:\/\/erim.ief.hr\/wp-content\/uploads\/2024\/04\/Keywording-ERIM-11.-4.-2024.-Photo-Marijana-Hamersak-2-300x300.jpg 300w, https:\/\/erim.ief.hr\/wp-content\/uploads\/2024\/04\/Keywording-ERIM-11.-4.-2024.-Photo-Marijana-Hamersak-2-150x150.jpg 150w, https:\/\/erim.ief.hr\/wp-content\/uploads\/2024\/04\/Keywording-ERIM-11.-4.-2024.-Photo-Marijana-Hamersak-2-768x768.jpg 768w, https:\/\/erim.ief.hr\/wp-content\/uploads\/2024\/04\/Keywording-ERIM-11.-4.-2024.-Photo-Marijana-Hamersak-2-1536x1536.jpg 1536w, https:\/\/erim.ief.hr\/wp-content\/uploads\/2024\/04\/Keywording-ERIM-11.-4.-2024.-Photo-Marijana-Hamersak-2-2048x2048.jpg 2048w, https:\/\/erim.ief.hr\/wp-content\/uploads\/2024\/04\/Keywording-ERIM-11.-4.-2024.-Photo-Marijana-Hamersak-2-12x12.jpg 12w, https:\/\/erim.ief.hr\/wp-content\/uploads\/2024\/04\/Keywording-ERIM-11.-4.-2024.-Photo-Marijana-Hamersak-2-600x600.jpg 600w, https:\/\/erim.ief.hr\/wp-content\/uploads\/2024\/04\/Keywording-ERIM-11.-4.-2024.-Photo-Marijana-Hamersak-2-140x140.jpg 140w, https:\/\/erim.ief.hr\/wp-content\/uploads\/2024\/04\/Keywording-ERIM-11.-4.-2024.-Photo-Marijana-Hamersak-2-597x597.jpg 597w, https:\/\/erim.ief.hr\/wp-content\/uploads\/2024\/04\/Keywording-ERIM-11.-4.-2024.-Photo-Marijana-Hamersak-2-210x210.jpg 210w\" sizes=\"(max-width: 1024px) 100vw, 1024px\" \/><\/figure><\/li><\/ul><figcaption class=\"blocks-gallery-caption\">Zagreb, Keywording 11-13. 4. 2024. Foto Bojan Mucko i Marijana Hamer\u0161ak<\/figcaption><\/figure>\n\n\n\n<p><\/p>","protected":false},"excerpt":{"rendered":"<p>U Zagrebu je od 11. do 13. aprila 2024. godine odr\u017eana zavr\u0161na ERIMOVA projektna konferencija Keywording the European Irregularized Migration Regime: Reflections from\/on the Peripheries na kojoj je sudjelovalo &hellip;<\/p>","protected":false},"author":2,"featured_media":3550,"comment_status":"closed","ping_status":"closed","sticky":false,"template":"","format":"standard","meta":{"_monsterinsights_skip_tracking":false,"_monsterinsights_sitenote_active":false,"_monsterinsights_sitenote_note":"","_monsterinsights_sitenote_category":0,"kk_blocks_editor_width":"","_kiokenblocks_attr":"","_kiokenblocks_dimensions":""},"categories":[5,4],"tags":[],"aioseo_notices":[],"featured_image_src":"https:\/\/erim.ief.hr\/wp-content\/uploads\/2024\/04\/Keywording-ERIM-12.-4.-2024.-Photo-Bojan-Mucko-9-scaled.jpg","featured_image_src_square":"https:\/\/erim.ief.hr\/wp-content\/uploads\/2024\/04\/Keywording-ERIM-12.-4.-2024.-Photo-Bojan-Mucko-9-scaled.jpg","author_info":{"display_name":"Marijana Hamersak","author_link":"https:\/\/erim.ief.hr\/en\/author\/marijana\/"},"category_info":"<a href=\"https:\/\/erim.ief.hr\/en\/category\/predavanja-i-tribine\/konferencije\/\" rel=\"category tag\">znanstvene konferencije<\/a>, <a href=\"https:\/\/erim.ief.hr\/en\/category\/predavanja-i-tribine\/\" rel=\"category tag\">znanstvene konferencije, predavanja i tribine<\/a>","tags_info":"","social_share_info":"<a data-share=\"facebook\" href=\"https:\/\/www.facebook.com\/sharer.php?u=https:\/\/erim.ief.hr\/en\/predavanja-i-tribine\/odrzana-konferencija-keywording-erim\/\" class=\"tb-facebook-share social-share-default tb-social-share\" target=\"_blank\"><i class=\"fab fa-facebook-f\" aria-hidden=\"true\"><\/i><\/a><a data-share=\"twitter\" href=\"https:\/\/twitter.com\/share?url=https:\/\/erim.ief.hr\/en\/predavanja-i-tribine\/odrzana-konferencija-keywording-erim\/\" class=\"tb-twiiter-share social-share-default tb-social-share\" target=\"_blank\"><i class=\"fab fa-twitter\" aria-hidden=\"true\"><\/i><\/a><a data-share=\"linkedin\" href=\"https:\/\/www.linkedin.com\/shareArticle?url=https:\/\/erim.ief.hr\/en\/predavanja-i-tribine\/odrzana-konferencija-keywording-erim\/\" class=\"tb-linkedin-share social-share-default tb-social-share\" target=\"_blank\"><i class=\"fab fa-linkedin-in\" aria-hidden=\"true\"><\/i><\/a>","wordExcerpt_info":"<p><!-- wp:paragraph {\"kioblocks\":[]} --><\/p>\n<p>U Zagrebu je od 11. do 13. aprila 2024. godine odr\u017eana zavr\u0161na ERIMOVA projektna konferencija  <em>Keywording the European Irregularized Migration Regime: Reflections from\/on the Peripheries<\/em> na kojoj je sudjelovalo gotovo pedeset izlaga\u010da iz razli\u010ditih dijelova Europe.  Izlaganja su pratile bogate i fokusirane diskusije, a u okviru konferencije odr\u017eana je i audio \u0161etnja <em>Railway from another perspective <\/em>koju su osmislili i vodili suradnici ERIMA<em>.<\/em> <\/p>\n<p><!-- \/wp:paragraph --><\/p>\n<p><!-- wp:paragraph {\"kioblocks\":[]} --><\/p>\n<p>Knji\u017eica sa\u017eetaka dostupna je <a href=\"https:\/\/erim.ief.hr\/wp-content\/uploads\/2024\/04\/Keywording-ERIM-boa-1.pdf\">ovdje<\/a>, a galerija fotografija s konferencije u nastavku: <\/p>\n<p><!-- \/wp:paragraph --><\/p>\n<p><!-- wp:gallery {\"ids\":[3604,3603,3602,3601,3600,3599,3598,3589,3586,3584,3583,3582,3569,3578,3571,3573,3574,3576,3577,3568,3558,3557,3559,3580,3567,3565,3566,3564,3563,3562,3561,3560,3551,3552,3553,3554,3547,3548,3550,3540,3541,3546,3544,3543,3542,3533,3528,3527,3530,3531,3522,3534,3529],\"linkTo\":\"none\",\"kioblocks\":[]} --><\/p>\n<figure class=\"wp-block-gallery columns-3 is-cropped\">\n<ul class=\"blocks-gallery-grid\">\n<li class=\"blocks-gallery-item\">\n<figure><img loading=\"lazy\" width=\"1024\" height=\"1024\" src=\"http:\/\/erim.ief.hr\/wp-content\/uploads\/2024\/04\/Keywording-ERIM-11.-4.-2024.-Photo-Marijana-Hamersak-6-1-1024x1024.jpg\" alt=\"\" data-id=\"3604\" data-full-url=\"http:\/\/erim.ief.hr\/wp-content\/uploads\/2024\/04\/Keywording-ERIM-11.-4.-2024.-Photo-Marijana-Hamersak-6-1-scaled.jpg\" data-link=\"https:\/\/erim.ief.hr\/keywording-european-irregularized-migration-regime\/attachment\/keywording-erim-11-4-2024-photo-marijana-hamersak-6-1\/\" class=\"wp-image-3604\" \/><\/figure>\n<\/li>\n<li class=\"blocks-gallery-item\">\n<figure><img loading=\"lazy\" width=\"1024\" height=\"1024\" src=\"http:\/\/erim.ief.hr\/wp-content\/uploads\/2024\/04\/Keywording-ERIM-13.-4.-2024.-Photo-Marijana-Hamersak-7-1024x1024.jpg\" alt=\"\" data-id=\"3603\" data-full-url=\"http:\/\/erim.ief.hr\/wp-content\/uploads\/2024\/04\/Keywording-ERIM-13.-4.-2024.-Photo-Marijana-Hamersak-7-scaled.jpg\" data-link=\"https:\/\/erim.ief.hr\/keywording-european-irregularized-migration-regime\/attachment\/keywording-erim-13-4-2024-photo-marijana-hamersak-7\/\" class=\"wp-image-3603\" \/><\/figure>\n<\/li>\n<li class=\"blocks-gallery-item\">\n<figure><img loading=\"lazy\" width=\"1024\" height=\"1024\" src=\"http:\/\/erim.ief.hr\/wp-content\/uploads\/2024\/04\/Keywording-ERIM-13.-4.-2024.-Photo-Marijana-Hamersak-6-1024x1024.jpg\" alt=\"\" data-id=\"3602\" data-full-url=\"http:\/\/erim.ief.hr\/wp-content\/uploads\/2024\/04\/Keywording-ERIM-13.-4.-2024.-Photo-Marijana-Hamersak-6-scaled.jpg\" data-link=\"https:\/\/erim.ief.hr\/keywording-european-irregularized-migration-regime\/attachment\/keywording-erim-13-4-2024-photo-marijana-hamersak-6\/\" class=\"wp-image-3602\" \/><\/figure>\n<\/li>\n<li class=\"blocks-gallery-item\">\n<figure><img loading=\"lazy\" width=\"1024\" height=\"1024\" src=\"http:\/\/erim.ief.hr\/wp-content\/uploads\/2024\/04\/Keywording-ERIM-13.-4.-2024.-Photo-Marijana-Hamersak-5-1024x1024.jpg\" alt=\"\" data-id=\"3601\" data-full-url=\"http:\/\/erim.ief.hr\/wp-content\/uploads\/2024\/04\/Keywording-ERIM-13.-4.-2024.-Photo-Marijana-Hamersak-5-scaled.jpg\" data-link=\"https:\/\/erim.ief.hr\/keywording-european-irregularized-migration-regime\/attachment\/keywording-erim-13-4-2024-photo-marijana-hamersak-5\/\" class=\"wp-image-3601\" \/><\/figure>\n<\/li>\n<li class=\"blocks-gallery-item\">\n<figure><img loading=\"lazy\" width=\"1024\" height=\"1024\" src=\"http:\/\/erim.ief.hr\/wp-content\/uploads\/2024\/04\/Keywording-ERIM-13.-4.-2024.-Photo-Marijana-Hamersak-4-1024x1024.jpg\" alt=\"\" data-id=\"3600\" data-full-url=\"http:\/\/erim.ief.hr\/wp-content\/uploads\/2024\/04\/Keywording-ERIM-13.-4.-2024.-Photo-Marijana-Hamersak-4-scaled.jpg\" data-link=\"https:\/\/erim.ief.hr\/keywording-european-irregularized-migration-regime\/attachment\/keywording-erim-13-4-2024-photo-marijana-hamersak-4\/\" class=\"wp-image-3600\" \/><\/figure>\n<\/li>\n<li class=\"blocks-gallery-item\">\n<figure><img loading=\"lazy\" width=\"1024\" height=\"1024\" src=\"http:\/\/erim.ief.hr\/wp-content\/uploads\/2024\/04\/Keywording-ERIM-13.-4.-2024.-Photo-Marijana-Hamersak-3-1024x1024.jpg\" alt=\"\" data-id=\"3599\" data-full-url=\"http:\/\/erim.ief.hr\/wp-content\/uploads\/2024\/04\/Keywording-ERIM-13.-4.-2024.-Photo-Marijana-Hamersak-3-scaled.jpg\" data-link=\"https:\/\/erim.ief.hr\/keywording-european-irregularized-migration-regime\/attachment\/keywording-erim-13-4-2024-photo-marijana-hamersak-3\/\" class=\"wp-image-3599\" \/><\/figure>\n<\/li>\n<li class=\"blocks-gallery-item\">\n<figure><img loading=\"lazy\" width=\"1024\" height=\"1024\" src=\"http:\/\/erim.ief.hr\/wp-content\/uploads\/2024\/04\/Keywording-ERIM-13.-4.-2024.-Photo-Marijana-Hamersak-2-1024x1024.jpg\" alt=\"\" data-id=\"3598\" data-full-url=\"http:\/\/erim.ief.hr\/wp-content\/uploads\/2024\/04\/Keywording-ERIM-13.-4.-2024.-Photo-Marijana-Hamersak-2-scaled.jpg\" data-link=\"https:\/\/erim.ief.hr\/keywording-european-irregularized-migration-regime\/attachment\/keywording-erim-13-4-2024-photo-marijana-hamersak-2\/\" class=\"wp-image-3598\" \/><\/figure>\n<\/li>\n<li class=\"blocks-gallery-item\">\n<figure><img loading=\"lazy\" width=\"1024\" height=\"461\" src=\"http:\/\/erim.ief.hr\/wp-content\/uploads\/2024\/04\/Keywording-ERIM-13.-4.-2024.-Photo-Bojan-Mucko-14-1024x461.jpg\" alt=\"\" data-id=\"3589\" data-full-url=\"http:\/\/erim.ief.hr\/wp-content\/uploads\/2024\/04\/Keywording-ERIM-13.-4.-2024.-Photo-Bojan-Mucko-14-scaled.jpg\" data-link=\"https:\/\/erim.ief.hr\/keywording-european-irregularized-migration-regime\/attachment\/keywording-erim-13-4-2024-photo-bojan-mucko-14\/\" class=\"wp-image-3589\" \/><\/figure>\n<\/li>\n<li class=\"blocks-gallery-item\">\n<figure><img loading=\"lazy\" width=\"1024\" height=\"461\" src=\"http:\/\/erim.ief.hr\/wp-content\/uploads\/2024\/04\/Keywording-ERIM-13.-4.-2024.-Photo-Bojan-Mucko-12-1024x461.jpg\" alt=\"\" data-id=\"3586\" data-full-url=\"http:\/\/erim.ief.hr\/wp-content\/uploads\/2024\/04\/Keywording-ERIM-13.-4.-2024.-Photo-Bojan-Mucko-12-scaled.jpg\" data-link=\"https:\/\/erim.ief.hr\/keywording-european-irregularized-migration-regime\/attachment\/keywording-erim-13-4-2024-photo-bojan-mucko-12\/\" class=\"wp-image-3586\" \/><\/figure>\n<\/li>\n<li class=\"blocks-gallery-item\">\n<figure><img loading=\"lazy\" width=\"1024\" height=\"1024\" src=\"http:\/\/erim.ief.hr\/wp-content\/uploads\/2024\/04\/Keywording-ERIM-12.-4.-2024.-Photo-Marijana-Hamersak-8-1024x1024.jpg\" alt=\"\" data-id=\"3584\" data-full-url=\"http:\/\/erim.ief.hr\/wp-content\/uploads\/2024\/04\/Keywording-ERIM-12.-4.-2024.-Photo-Marijana-Hamersak-8-scaled.jpg\" data-link=\"https:\/\/erim.ief.hr\/keywording-european-irregularized-migration-regime\/attachment\/keywording-erim-12-4-2024-photo-marijana-hamersak-8\/\" class=\"wp-image-3584\" \/><\/figure>\n<\/li>\n<li class=\"blocks-gallery-item\">\n<figure><img loading=\"lazy\" width=\"1024\" height=\"461\" src=\"http:\/\/erim.ief.hr\/wp-content\/uploads\/2024\/04\/Keywording-ERIM-13.-4.-2024.-Photo-Bojan-Mucko-10-1024x461.jpg\" alt=\"\" data-id=\"3583\" data-full-url=\"http:\/\/erim.ief.hr\/wp-content\/uploads\/2024\/04\/Keywording-ERIM-13.-4.-2024.-Photo-Bojan-Mucko-10-scaled.jpg\" data-link=\"https:\/\/erim.ief.hr\/keywording-european-irregularized-migration-regime\/attachment\/keywording-erim-13-4-2024-photo-bojan-mucko-10\/\" class=\"wp-image-3583\" \/><\/figure>\n<\/li>\n<li class=\"blocks-gallery-item\">\n<figure><img loading=\"lazy\" width=\"1024\" height=\"1024\" src=\"http:\/\/erim.ief.hr\/wp-content\/uploads\/2024\/04\/Keywording-ERIM-12.-4.-2024.-Photo-Marijana-Hamersak-7-1024x1024.jpg\" alt=\"\" data-id=\"3582\" data-full-url=\"http:\/\/erim.ief.hr\/wp-content\/uploads\/2024\/04\/Keywording-ERIM-12.-4.-2024.-Photo-Marijana-Hamersak-7-scaled.jpg\" data-link=\"https:\/\/erim.ief.hr\/keywording-european-irregularized-migration-regime\/attachment\/keywording-erim-12-4-2024-photo-marijana-hamersak-7\/\" class=\"wp-image-3582\" \/><\/figure>\n<\/li>\n<li class=\"blocks-gallery-item\">\n<figure><img loading=\"lazy\" width=\"1024\" height=\"461\" src=\"http:\/\/erim.ief.hr\/wp-content\/uploads\/2024\/04\/Keywording-ERIM-13.-4.-2024.-Photo-Bojan-Mucko-1-1024x461.jpg\" alt=\"\" data-id=\"3569\" data-full-url=\"http:\/\/erim.ief.hr\/wp-content\/uploads\/2024\/04\/Keywording-ERIM-13.-4.-2024.-Photo-Bojan-Mucko-1-scaled.jpg\" data-link=\"https:\/\/erim.ief.hr\/keywording-european-irregularized-migration-regime\/attachment\/keywording-erim-13-4-2024-photo-bojan-mucko-1\/\" class=\"wp-image-3569\" \/><\/figure>\n<\/li>\n<li class=\"blocks-gallery-item\">\n<figure><img loading=\"lazy\" width=\"1024\" height=\"461\" src=\"http:\/\/erim.ief.hr\/wp-content\/uploads\/2024\/04\/Keywording-ERIM-13.-4.-2024.-Photo-Bojan-Mucko-7-1024x461.jpg\" alt=\"\" data-id=\"3578\" data-full-url=\"http:\/\/erim.ief.hr\/wp-content\/uploads\/2024\/04\/Keywording-ERIM-13.-4.-2024.-Photo-Bojan-Mucko-7-scaled.jpg\" data-link=\"https:\/\/erim.ief.hr\/keywording-european-irregularized-migration-regime\/attachment\/keywording-erim-13-4-2024-photo-bojan-mucko-7\/\" class=\"wp-image-3578\" \/><\/figure>\n<\/li>\n<li class=\"blocks-gallery-item\">\n<figure><img loading=\"lazy\" width=\"1024\" height=\"1024\" src=\"http:\/\/erim.ief.hr\/wp-content\/uploads\/2024\/04\/Keywording-ERIM-12.-4.-2024.-Photo-Marijana-Hamersak-3-1024x1024.jpg\" alt=\"\" data-id=\"3571\" data-full-url=\"http:\/\/erim.ief.hr\/wp-content\/uploads\/2024\/04\/Keywording-ERIM-12.-4.-2024.-Photo-Marijana-Hamersak-3-scaled.jpg\" data-link=\"https:\/\/erim.ief.hr\/keywording-european-irregularized-migration-regime\/attachment\/keywording-erim-12-4-2024-photo-marijana-hamersak-3\/\" class=\"wp-image-3571\" \/><\/figure>\n<\/li>\n<li class=\"blocks-gallery-item\">\n<figure><img loading=\"lazy\" width=\"1024\" height=\"461\" src=\"http:\/\/erim.ief.hr\/wp-content\/uploads\/2024\/04\/Keywording-ERIM-13.-4.-2024.-Photo-Bojan-Mucko-4-1024x461.jpg\" alt=\"\" data-id=\"3573\" data-full-url=\"http:\/\/erim.ief.hr\/wp-content\/uploads\/2024\/04\/Keywording-ERIM-13.-4.-2024.-Photo-Bojan-Mucko-4-scaled.jpg\" data-link=\"https:\/\/erim.ief.hr\/keywording-european-irregularized-migration-regime\/attachment\/keywording-erim-13-4-2024-photo-bojan-mucko-4\/\" class=\"wp-image-3573\" \/><\/figure>\n<\/li>\n<li class=\"blocks-gallery-item\">\n<figure><img loading=\"lazy\" width=\"1024\" height=\"1024\" src=\"http:\/\/erim.ief.hr\/wp-content\/uploads\/2024\/04\/Keywording-ERIM-12.-4.-2024.-Photo-Marijana-Hamersak-4-1024x1024.jpg\" alt=\"\" data-id=\"3574\" data-full-url=\"http:\/\/erim.ief.hr\/wp-content\/uploads\/2024\/04\/Keywording-ERIM-12.-4.-2024.-Photo-Marijana-Hamersak-4-scaled.jpg\" data-link=\"https:\/\/erim.ief.hr\/keywording-european-irregularized-migration-regime\/attachment\/keywording-erim-12-4-2024-photo-marijana-hamersak-4\/\" class=\"wp-image-3574\" \/><\/figure>\n<\/li>\n<li class=\"blocks-gallery-item\">\n<figure><img loading=\"lazy\" width=\"1024\" height=\"461\" src=\"http:\/\/erim.ief.hr\/wp-content\/uploads\/2024\/04\/Keywording-ERIM-13.-4.-2024.-Photo-Bojan-Mucko-6-1024x461.jpg\" alt=\"\" data-id=\"3576\" data-full-url=\"http:\/\/erim.ief.hr\/wp-content\/uploads\/2024\/04\/Keywording-ERIM-13.-4.-2024.-Photo-Bojan-Mucko-6-scaled.jpg\" data-link=\"https:\/\/erim.ief.hr\/keywording-european-irregularized-migration-regime\/attachment\/keywording-erim-13-4-2024-photo-bojan-mucko-6\/\" class=\"wp-image-3576\" \/><\/figure>\n<\/li>\n<li class=\"blocks-gallery-item\">\n<figure><img loading=\"lazy\" width=\"1024\" height=\"1024\" src=\"http:\/\/erim.ief.hr\/wp-content\/uploads\/2024\/04\/Keywording-ERIM-12.-4.-2024.-Photo-Marijana-Hamersak-5-1024x1024.jpg\" alt=\"\" data-id=\"3577\" data-full-url=\"http:\/\/erim.ief.hr\/wp-content\/uploads\/2024\/04\/Keywording-ERIM-12.-4.-2024.-Photo-Marijana-Hamersak-5-scaled.jpg\" data-link=\"https:\/\/erim.ief.hr\/keywording-european-irregularized-migration-regime\/attachment\/keywording-erim-12-4-2024-photo-marijana-hamersak-5\/\" class=\"wp-image-3577\" \/><\/figure>\n<\/li>\n<li class=\"blocks-gallery-item\">\n<figure><img loading=\"lazy\" width=\"1024\" height=\"1024\" src=\"http:\/\/erim.ief.hr\/wp-content\/uploads\/2024\/04\/Keywording-ERIM-12.-4.-2024.-Photo-Marijana-Hamersak-2-1024x1024.jpg\" alt=\"\" data-id=\"3568\" data-full-url=\"http:\/\/erim.ief.hr\/wp-content\/uploads\/2024\/04\/Keywording-ERIM-12.-4.-2024.-Photo-Marijana-Hamersak-2-scaled.jpg\" data-link=\"https:\/\/erim.ief.hr\/keywording-european-irregularized-migration-regime\/attachment\/keywording-erim-12-4-2024-photo-marijana-hamersak-2\/\" class=\"wp-image-3568\" \/><\/figure>\n<\/li>\n<li class=\"blocks-gallery-item\">\n<figure><img loading=\"lazy\" width=\"1024\" height=\"461\" src=\"http:\/\/erim.ief.hr\/wp-content\/uploads\/2024\/04\/Keywording-ERIM-12.-4.-2024.-Photo-Bojan-Mucko-14-1024x461.jpg\" alt=\"\" data-id=\"3558\" data-full-url=\"http:\/\/erim.ief.hr\/wp-content\/uploads\/2024\/04\/Keywording-ERIM-12.-4.-2024.-Photo-Bojan-Mucko-14-scaled.jpg\" data-link=\"https:\/\/erim.ief.hr\/keywording-european-irregularized-migration-regime\/attachment\/keywording-erim-12-4-2024-photo-bojan-mucko-14\/\" class=\"wp-image-3558\" \/><\/figure>\n<\/li>\n<li class=\"blocks-gallery-item\">\n<figure><img loading=\"lazy\" width=\"1024\" height=\"1024\" src=\"http:\/\/erim.ief.hr\/wp-content\/uploads\/2024\/04\/Keywording-ERIM-11.-4.-2024.-Photo-Marijana-Hamersak-12-1024x1024.jpg\" alt=\"\" data-id=\"3557\" data-full-url=\"http:\/\/erim.ief.hr\/wp-content\/uploads\/2024\/04\/Keywording-ERIM-11.-4.-2024.-Photo-Marijana-Hamersak-12-scaled.jpg\" data-link=\"https:\/\/erim.ief.hr\/keywording-european-irregularized-migration-regime\/attachment\/keywording-erim-11-4-2024-photo-marijana-hamersak-12\/\" class=\"wp-image-3557\" \/><\/figure>\n<\/li>\n<li class=\"blocks-gallery-item\">\n<figure><img loading=\"lazy\" width=\"1024\" height=\"461\" src=\"http:\/\/erim.ief.hr\/wp-content\/uploads\/2024\/04\/Keywording-ERIM-12.-4.-2024.-Photo-Bojan-Mucko-15-1024x461.jpg\" alt=\"\" data-id=\"3559\" data-full-url=\"http:\/\/erim.ief.hr\/wp-content\/uploads\/2024\/04\/Keywording-ERIM-12.-4.-2024.-Photo-Bojan-Mucko-15-scaled.jpg\" data-link=\"https:\/\/erim.ief.hr\/keywording-european-irregularized-migration-regime\/attachment\/keywording-erim-12-4-2024-photo-bojan-mucko-15\/\" class=\"wp-image-3559\" \/><\/figure>\n<\/li>\n<li class=\"blocks-gallery-item\">\n<figure><img loading=\"lazy\" width=\"1024\" height=\"461\" src=\"http:\/\/erim.ief.hr\/wp-content\/uploads\/2024\/04\/Keywording-ERIM-13.-4.-2024.-Photo-Bojan-Mucko-8-1024x461.jpg\" alt=\"\" data-id=\"3580\" data-full-url=\"http:\/\/erim.ief.hr\/wp-content\/uploads\/2024\/04\/Keywording-ERIM-13.-4.-2024.-Photo-Bojan-Mucko-8-scaled.jpg\" data-link=\"https:\/\/erim.ief.hr\/keywording-european-irregularized-migration-regime\/attachment\/keywording-erim-13-4-2024-photo-bojan-mucko-8\/\" class=\"wp-image-3580\" \/><\/figure>\n<\/li>\n<li class=\"blocks-gallery-item\">\n<figure><img loading=\"lazy\" width=\"1024\" height=\"461\" src=\"http:\/\/erim.ief.hr\/wp-content\/uploads\/2024\/04\/Keywording-ERIM-12.-4.-2024.-Photo-Bojan-Mucko-20-1024x461.jpg\" alt=\"\" data-id=\"3567\" data-full-url=\"http:\/\/erim.ief.hr\/wp-content\/uploads\/2024\/04\/Keywording-ERIM-12.-4.-2024.-Photo-Bojan-Mucko-20-scaled.jpg\" data-link=\"https:\/\/erim.ief.hr\/keywording-european-irregularized-migration-regime\/attachment\/keywording-erim-12-4-2024-photo-bojan-mucko-20\/\" class=\"wp-image-3567\" \/><\/figure>\n<\/li>\n<li class=\"blocks-gallery-item\">\n<figure><img loading=\"lazy\" width=\"1024\" height=\"461\" src=\"http:\/\/erim.ief.hr\/wp-content\/uploads\/2024\/04\/Keywording-ERIM-12.-4.-2024.-Photo-Bojan-Mucko-19-1024x461.jpg\" alt=\"\" data-id=\"3565\" data-full-url=\"http:\/\/erim.ief.hr\/wp-content\/uploads\/2024\/04\/Keywording-ERIM-12.-4.-2024.-Photo-Bojan-Mucko-19-scaled.jpg\" data-link=\"https:\/\/erim.ief.hr\/keywording-european-irregularized-migration-regime\/attachment\/keywording-erim-12-4-2024-photo-bojan-mucko-19\/\" class=\"wp-image-3565\" \/><\/figure>\n<\/li>\n<li class=\"blocks-gallery-item\">\n<figure><img loading=\"lazy\" width=\"1024\" height=\"1024\" src=\"http:\/\/erim.ief.hr\/wp-content\/uploads\/2024\/04\/Keywording-ERIM-12.-4.-2024.-Photo-Marijana-Hamersak-1-1024x1024.jpg\" alt=\"\" data-id=\"3566\" data-full-url=\"http:\/\/erim.ief.hr\/wp-content\/uploads\/2024\/04\/Keywording-ERIM-12.-4.-2024.-Photo-Marijana-Hamersak-1-scaled.jpg\" data-link=\"https:\/\/erim.ief.hr\/keywording-european-irregularized-migration-regime\/attachment\/keywording-erim-12-4-2024-photo-marijana-hamersak-1\/\" class=\"wp-image-3566\" \/><\/figure>\n<\/li>\n<li class=\"blocks-gallery-item\">\n<figure><img loading=\"lazy\" width=\"1024\" height=\"461\" src=\"http:\/\/erim.ief.hr\/wp-content\/uploads\/2024\/04\/Keywording-ERIM-12.-4.-2024.-Photo-Bojan-Mucko-18-1024x461.jpg\" alt=\"\" data-id=\"3564\" data-full-url=\"http:\/\/erim.ief.hr\/wp-content\/uploads\/2024\/04\/Keywording-ERIM-12.-4.-2024.-Photo-Bojan-Mucko-18-scaled.jpg\" data-link=\"https:\/\/erim.ief.hr\/keywording-european-irregularized-migration-regime\/attachment\/keywording-erim-12-4-2024-photo-bojan-mucko-18\/\" class=\"wp-image-3564\" \/><\/figure>\n<\/li>\n<li class=\"blocks-gallery-item\">\n<figure><img loading=\"lazy\" width=\"1024\" height=\"1024\" src=\"http:\/\/erim.ief.hr\/wp-content\/uploads\/2024\/04\/Keywording-ERIM-11.-4.-2024.-Photo-Marijana-Hamersak-14-1024x1024.jpg\" alt=\"\" data-id=\"3563\" data-full-url=\"http:\/\/erim.ief.hr\/wp-content\/uploads\/2024\/04\/Keywording-ERIM-11.-4.-2024.-Photo-Marijana-Hamersak-14-scaled.jpg\" data-link=\"https:\/\/erim.ief.hr\/keywording-european-irregularized-migration-regime\/attachment\/keywording-erim-11-4-2024-photo-marijana-hamersak-14\/\" class=\"wp-image-3563\" \/><\/figure>\n<\/li>\n<li class=\"blocks-gallery-item\">\n<figure><img loading=\"lazy\" width=\"1024\" height=\"461\" src=\"http:\/\/erim.ief.hr\/wp-content\/uploads\/2024\/04\/Keywording-ERIM-12.-4.-2024.-Photo-Bojan-Mucko-17-1024x461.jpg\" alt=\"\" data-id=\"3562\" data-full-url=\"http:\/\/erim.ief.hr\/wp-content\/uploads\/2024\/04\/Keywording-ERIM-12.-4.-2024.-Photo-Bojan-Mucko-17-scaled.jpg\" data-link=\"https:\/\/erim.ief.hr\/keywording-european-irregularized-migration-regime\/attachment\/keywording-erim-12-4-2024-photo-bojan-mucko-17\/\" class=\"wp-image-3562\" \/><\/figure>\n<\/li>\n<li class=\"blocks-gallery-item\">\n<figure><img loading=\"lazy\" width=\"1024\" height=\"461\" src=\"http:\/\/erim.ief.hr\/wp-content\/uploads\/2024\/04\/Keywording-ERIM-12.-4.-2024.-Photo-Bojan-Mucko-16-1024x461.jpg\" alt=\"\" data-id=\"3561\" data-full-url=\"http:\/\/erim.ief.hr\/wp-content\/uploads\/2024\/04\/Keywording-ERIM-12.-4.-2024.-Photo-Bojan-Mucko-16-scaled.jpg\" data-link=\"https:\/\/erim.ief.hr\/keywording-european-irregularized-migration-regime\/attachment\/keywording-erim-12-4-2024-photo-bojan-mucko-16\/\" class=\"wp-image-3561\" \/><\/figure>\n<\/li>\n<li class=\"blocks-gallery-item\">\n<figure><img loading=\"lazy\" width=\"1024\" height=\"1024\" src=\"http:\/\/erim.ief.hr\/wp-content\/uploads\/2024\/04\/Keywording-ERIM-11.-4.-2024.-Photo-Marijana-Hamersak-13-1024x1024.jpg\" alt=\"\" data-id=\"3560\" data-full-url=\"http:\/\/erim.ief.hr\/wp-content\/uploads\/2024\/04\/Keywording-ERIM-11.-4.-2024.-Photo-Marijana-Hamersak-13-scaled.jpg\" data-link=\"https:\/\/erim.ief.hr\/keywording-european-irregularized-migration-regime\/attachment\/keywording-erim-11-4-2024-photo-marijana-hamersak-13\/\" class=\"wp-image-3560\" \/><\/figure>\n<\/li>\n<li class=\"blocks-gallery-item\">\n<figure><img loading=\"lazy\" width=\"1024\" height=\"461\" src=\"http:\/\/erim.ief.hr\/wp-content\/uploads\/2024\/04\/Keywording-ERIM-12.-4.-2024.-Photo-Bojan-Mucko-10-1024x461.jpg\" alt=\"\" data-id=\"3551\" data-full-url=\"http:\/\/erim.ief.hr\/wp-content\/uploads\/2024\/04\/Keywording-ERIM-12.-4.-2024.-Photo-Bojan-Mucko-10-scaled.jpg\" data-link=\"https:\/\/erim.ief.hr\/keywording-european-irregularized-migration-regime\/attachment\/keywording-erim-12-4-2024-photo-bojan-mucko-10\/\" class=\"wp-image-3551\" \/><\/figure>\n<\/li>\n<li class=\"blocks-gallery-item\">\n<figure><img loading=\"lazy\" width=\"1024\" height=\"1024\" src=\"http:\/\/erim.ief.hr\/wp-content\/uploads\/2024\/04\/Keywording-ERIM-11.-4.-2024.-Photo-Marijana-Hamersak-10-1024x1024.jpg\" alt=\"\" data-id=\"3552\" data-full-url=\"http:\/\/erim.ief.hr\/wp-content\/uploads\/2024\/04\/Keywording-ERIM-11.-4.-2024.-Photo-Marijana-Hamersak-10-scaled.jpg\" data-link=\"https:\/\/erim.ief.hr\/keywording-european-irregularized-migration-regime\/attachment\/keywording-erim-11-4-2024-photo-marijana-hamersak-10\/\" class=\"wp-image-3552\" \/><\/figure>\n<\/li>\n<li class=\"blocks-gallery-item\">\n<figure><img loading=\"lazy\" width=\"1024\" height=\"461\" src=\"http:\/\/erim.ief.hr\/wp-content\/uploads\/2024\/04\/Keywording-ERIM-12.-4.-2024.-Photo-Bojan-Mucko-11-1024x461.jpg\" alt=\"\" data-id=\"3553\" data-full-url=\"http:\/\/erim.ief.hr\/wp-content\/uploads\/2024\/04\/Keywording-ERIM-12.-4.-2024.-Photo-Bojan-Mucko-11-scaled.jpg\" data-link=\"https:\/\/erim.ief.hr\/keywording-european-irregularized-migration-regime\/attachment\/keywording-erim-12-4-2024-photo-bojan-mucko-11\/\" class=\"wp-image-3553\" \/><\/figure>\n<\/li>\n<li class=\"blocks-gallery-item\">\n<figure><img loading=\"lazy\" width=\"1024\" height=\"1024\" src=\"http:\/\/erim.ief.hr\/wp-content\/uploads\/2024\/04\/Keywording-ERIM-11.-4.-2024.-Photo-Marijana-Hamersak-11-1024x1024.jpg\" alt=\"\" data-id=\"3554\" data-full-url=\"http:\/\/erim.ief.hr\/wp-content\/uploads\/2024\/04\/Keywording-ERIM-11.-4.-2024.-Photo-Marijana-Hamersak-11-scaled.jpg\" data-link=\"https:\/\/erim.ief.hr\/keywording-european-irregularized-migration-regime\/attachment\/keywording-erim-11-4-2024-photo-marijana-hamersak-11\/\" class=\"wp-image-3554\" \/><\/figure>\n<\/li>\n<li class=\"blocks-gallery-item\">\n<figure><img loading=\"lazy\" width=\"1024\" height=\"461\" src=\"http:\/\/erim.ief.hr\/wp-content\/uploads\/2024\/04\/Keywording-ERIM-12.-4.-2024.-Photo-Bojan-Mucko-7-1024x461.jpg\" alt=\"\" data-id=\"3547\" data-full-url=\"http:\/\/erim.ief.hr\/wp-content\/uploads\/2024\/04\/Keywording-ERIM-12.-4.-2024.-Photo-Bojan-Mucko-7-scaled.jpg\" data-link=\"https:\/\/erim.ief.hr\/keywording-european-irregularized-migration-regime\/attachment\/keywording-erim-12-4-2024-photo-bojan-mucko-7\/\" class=\"wp-image-3547\" \/><\/figure>\n<\/li>\n<li class=\"blocks-gallery-item\">\n<figure><img loading=\"lazy\" width=\"1024\" height=\"461\" src=\"http:\/\/erim.ief.hr\/wp-content\/uploads\/2024\/04\/Keywording-ERIM-12.-4.-2024.-Photo-Bojan-Mucko-8-1024x461.jpg\" alt=\"\" data-id=\"3548\" data-full-url=\"http:\/\/erim.ief.hr\/wp-content\/uploads\/2024\/04\/Keywording-ERIM-12.-4.-2024.-Photo-Bojan-Mucko-8-scaled.jpg\" data-link=\"https:\/\/erim.ief.hr\/keywording-european-irregularized-migration-regime\/attachment\/keywording-erim-12-4-2024-photo-bojan-mucko-8\/\" class=\"wp-image-3548\" \/><\/figure>\n<\/li>\n<li class=\"blocks-gallery-item\">\n<figure><img loading=\"lazy\" width=\"1024\" height=\"461\" src=\"http:\/\/erim.ief.hr\/wp-content\/uploads\/2024\/04\/Keywording-ERIM-12.-4.-2024.-Photo-Bojan-Mucko-9-1024x461.jpg\" alt=\"\" data-id=\"3550\" data-full-url=\"http:\/\/erim.ief.hr\/wp-content\/uploads\/2024\/04\/Keywording-ERIM-12.-4.-2024.-Photo-Bojan-Mucko-9-scaled.jpg\" data-link=\"https:\/\/erim.ief.hr\/keywording-european-irregularized-migration-regime\/attachment\/keywording-erim-12-4-2024-photo-bojan-mucko-9\/\" class=\"wp-image-3550\" \/><\/figure>\n<\/li>\n<li class=\"blocks-gallery-item\">\n<figure><img loading=\"lazy\" width=\"1024\" height=\"461\" src=\"http:\/\/erim.ief.hr\/wp-content\/uploads\/2024\/04\/Keywording-ERIM-12.-4.-2024.-Photo-Bojan-Mucko-3-1024x461.jpg\" alt=\"\" data-id=\"3540\" data-full-url=\"http:\/\/erim.ief.hr\/wp-content\/uploads\/2024\/04\/Keywording-ERIM-12.-4.-2024.-Photo-Bojan-Mucko-3-scaled.jpg\" data-link=\"https:\/\/erim.ief.hr\/keywording-european-irregularized-migration-regime\/attachment\/keywording-erim-12-4-2024-photo-bojan-mucko-3\/\" class=\"wp-image-3540\" \/><\/figure>\n<\/li>\n<li class=\"blocks-gallery-item\">\n<figure><img loading=\"lazy\" width=\"1024\" height=\"1024\" src=\"http:\/\/erim.ief.hr\/wp-content\/uploads\/2024\/04\/Keywording-ERIM-11.-4.-2024.-Photo-Marijana-Hamersak-6-1024x1024.jpg\" alt=\"\" data-id=\"3541\" data-full-url=\"http:\/\/erim.ief.hr\/wp-content\/uploads\/2024\/04\/Keywording-ERIM-11.-4.-2024.-Photo-Marijana-Hamersak-6-scaled.jpg\" data-link=\"https:\/\/erim.ief.hr\/keywording-european-irregularized-migration-regime\/attachment\/keywording-erim-11-4-2024-photo-marijana-hamersak-6\/\" class=\"wp-image-3541\" \/><\/figure>\n<\/li>\n<li class=\"blocks-gallery-item\">\n<figure><img loading=\"lazy\" width=\"1024\" height=\"1024\" src=\"http:\/\/erim.ief.hr\/wp-content\/uploads\/2024\/04\/Keywording-ERIM-11.-4.-2024.-Photo-Marijana-Hamersak-8-1024x1024.jpg\" alt=\"\" data-id=\"3546\" data-full-url=\"http:\/\/erim.ief.hr\/wp-content\/uploads\/2024\/04\/Keywording-ERIM-11.-4.-2024.-Photo-Marijana-Hamersak-8-scaled.jpg\" data-link=\"https:\/\/erim.ief.hr\/keywording-european-irregularized-migration-regime\/attachment\/keywording-erim-11-4-2024-photo-marijana-hamersak-8\/\" class=\"wp-image-3546\" \/><\/figure>\n<\/li>\n<li class=\"blocks-gallery-item\">\n<figure><img loading=\"lazy\" width=\"1024\" height=\"461\" src=\"http:\/\/erim.ief.hr\/wp-content\/uploads\/2024\/04\/Keywording-ERIM-12.-4.-2024.-Photo-Bojan-Mucko-5-1024x461.jpg\" alt=\"\" data-id=\"3544\" data-full-url=\"http:\/\/erim.ief.hr\/wp-content\/uploads\/2024\/04\/Keywording-ERIM-12.-4.-2024.-Photo-Bojan-Mucko-5-scaled.jpg\" data-link=\"https:\/\/erim.ief.hr\/keywording-european-irregularized-migration-regime\/attachment\/keywording-erim-12-4-2024-photo-bojan-mucko-5\/\" class=\"wp-image-3544\" \/><\/figure>\n<\/li>\n<li class=\"blocks-gallery-item\">\n<figure><img loading=\"lazy\" width=\"1024\" height=\"1024\" src=\"http:\/\/erim.ief.hr\/wp-content\/uploads\/2024\/04\/Keywording-ERIM-11.-4.-2024.-Photo-Marijana-Hamersak-7-1024x1024.jpg\" alt=\"\" data-id=\"3543\" data-full-url=\"http:\/\/erim.ief.hr\/wp-content\/uploads\/2024\/04\/Keywording-ERIM-11.-4.-2024.-Photo-Marijana-Hamersak-7-scaled.jpg\" data-link=\"https:\/\/erim.ief.hr\/keywording-european-irregularized-migration-regime\/attachment\/keywording-erim-11-4-2024-photo-marijana-hamersak-7\/\" class=\"wp-image-3543\" \/><\/figure>\n<\/li>\n<li class=\"blocks-gallery-item\">\n<figure><img loading=\"lazy\" width=\"1024\" height=\"461\" src=\"http:\/\/erim.ief.hr\/wp-content\/uploads\/2024\/04\/Keywording-ERIM-12.-4.-2024.-Photo-Bojan-Mucko-4-1024x461.jpg\" alt=\"\" data-id=\"3542\" data-full-url=\"http:\/\/erim.ief.hr\/wp-content\/uploads\/2024\/04\/Keywording-ERIM-12.-4.-2024.-Photo-Bojan-Mucko-4-scaled.jpg\" data-link=\"https:\/\/erim.ief.hr\/keywording-european-irregularized-migration-regime\/attachment\/keywording-erim-12-4-2024-photo-bojan-mucko-4\/\" class=\"wp-image-3542\" \/><\/figure>\n<\/li>\n<li class=\"blocks-gallery-item\">\n<figure><img loading=\"lazy\" width=\"1024\" height=\"461\" src=\"http:\/\/erim.ief.hr\/wp-content\/uploads\/2024\/04\/Keywording-ERIM-11.-4.-2024.-Photo-Bojan-Mucko-12-1024x461.jpg\" alt=\"\" data-id=\"3533\" data-full-url=\"http:\/\/erim.ief.hr\/wp-content\/uploads\/2024\/04\/Keywording-ERIM-11.-4.-2024.-Photo-Bojan-Mucko-12-scaled.jpg\" data-link=\"https:\/\/erim.ief.hr\/keywording-european-irregularized-migration-regime\/attachment\/keywording-erim-11-4-2024-photo-bojan-mucko-12\/\" class=\"wp-image-3533\" \/><\/figure>\n<\/li>\n<li class=\"blocks-gallery-item\">\n<figure><img loading=\"lazy\" width=\"1024\" height=\"461\" src=\"http:\/\/erim.ief.hr\/wp-content\/uploads\/2024\/04\/Keywording-ERIM-11.-4.-2024.-Photo-Bojan-Mucko-9-1024x461.jpg\" alt=\"\" data-id=\"3528\" data-full-url=\"http:\/\/erim.ief.hr\/wp-content\/uploads\/2024\/04\/Keywording-ERIM-11.-4.-2024.-Photo-Bojan-Mucko-9-scaled.jpg\" data-link=\"https:\/\/erim.ief.hr\/keywording-european-irregularized-migration-regime\/attachment\/keywording-erim-11-4-2024-photo-bojan-mucko-9\/\" class=\"wp-image-3528\" \/><\/figure>\n<\/li>\n<li class=\"blocks-gallery-item\">\n<figure><img loading=\"lazy\" width=\"1024\" height=\"1024\" src=\"http:\/\/erim.ief.hr\/wp-content\/uploads\/2024\/04\/Keywording-ERIM-11.-4.-2024.-Photo-Marijana-Hamersak-1-1024x1024.jpg\" alt=\"\" data-id=\"3527\" data-full-url=\"http:\/\/erim.ief.hr\/wp-content\/uploads\/2024\/04\/Keywording-ERIM-11.-4.-2024.-Photo-Marijana-Hamersak-1-scaled.jpg\" data-link=\"https:\/\/erim.ief.hr\/keywording-european-irregularized-migration-regime\/attachment\/keywording-erim-11-4-2024-photo-marijana-hamersak-1\/\" class=\"wp-image-3527\" \/><\/figure>\n<\/li>\n<li class=\"blocks-gallery-item\">\n<figure><img loading=\"lazy\" width=\"1024\" height=\"461\" src=\"http:\/\/erim.ief.hr\/wp-content\/uploads\/2024\/04\/Keywording-ERIM-11.-4.-2024.-Photo-Bojan-Mucko-10-1024x461.jpg\" alt=\"\" data-id=\"3530\" data-full-url=\"http:\/\/erim.ief.hr\/wp-content\/uploads\/2024\/04\/Keywording-ERIM-11.-4.-2024.-Photo-Bojan-Mucko-10-scaled.jpg\" data-link=\"https:\/\/erim.ief.hr\/keywording-european-irregularized-migration-regime\/attachment\/keywording-erim-11-4-2024-photo-bojan-mucko-10\/\" class=\"wp-image-3530\" \/><\/figure>\n<\/li>\n<li class=\"blocks-gallery-item\">\n<figure><img loading=\"lazy\" width=\"1024\" height=\"461\" src=\"http:\/\/erim.ief.hr\/wp-content\/uploads\/2024\/04\/Keywording-ERIM-11.-4.-2024.-Photo-Bojan-Mucko-11-1024x461.jpg\" alt=\"\" data-id=\"3531\" data-full-url=\"http:\/\/erim.ief.hr\/wp-content\/uploads\/2024\/04\/Keywording-ERIM-11.-4.-2024.-Photo-Bojan-Mucko-11-scaled.jpg\" data-link=\"https:\/\/erim.ief.hr\/keywording-european-irregularized-migration-regime\/attachment\/keywording-erim-11-4-2024-photo-bojan-mucko-11\/\" class=\"wp-image-3531\" \/><\/figure>\n<\/li>\n<li class=\"blocks-gallery-item\">\n<figure><img loading=\"lazy\" width=\"1024\" height=\"461\" src=\"http:\/\/erim.ief.hr\/wp-content\/uploads\/2024\/04\/Keywording-ERIM-11.-4.-2024.-Photo-Bojan-Mucko-3-1024x461.jpg\" alt=\"\" data-id=\"3522\" data-full-url=\"http:\/\/erim.ief.hr\/wp-content\/uploads\/2024\/04\/Keywording-ERIM-11.-4.-2024.-Photo-Bojan-Mucko-3-scaled.jpg\" data-link=\"https:\/\/erim.ief.hr\/keywording-european-irregularized-migration-regime\/attachment\/keywording-erim-11-4-2024-photo-bojan-mucko-3\/\" class=\"wp-image-3522\" \/><\/figure>\n<\/li>\n<li class=\"blocks-gallery-item\">\n<figure><img loading=\"lazy\" width=\"1024\" height=\"461\" src=\"http:\/\/erim.ief.hr\/wp-content\/uploads\/2024\/04\/Keywording-ERIM-11.-4.-2024.-Photo-Bojan-Mucko-13-1024x461.jpg\" alt=\"\" data-id=\"3534\" data-full-url=\"http:\/\/erim.ief.hr\/wp-content\/uploads\/2024\/04\/Keywording-ERIM-11.-4.-2024.-Photo-Bojan-Mucko-13-scaled.jpg\" data-link=\"https:\/\/erim.ief.hr\/keywording-european-irregularized-migration-regime\/attachment\/keywording-erim-11-4-2024-photo-bojan-mucko-13\/\" class=\"wp-image-3534\" \/><\/figure>\n<\/li>\n<li class=\"blocks-gallery-item\">\n<figure><img loading=\"lazy\" width=\"1024\" height=\"1024\" src=\"http:\/\/erim.ief.hr\/wp-content\/uploads\/2024\/04\/Keywording-ERIM-11.-4.-2024.-Photo-Marijana-Hamersak-2-1024x1024.jpg\" alt=\"\" data-id=\"3529\" data-full-url=\"http:\/\/erim.ief.hr\/wp-content\/uploads\/2024\/04\/Keywording-ERIM-11.-4.-2024.-Photo-Marijana-Hamersak-2-scaled.jpg\" data-link=\"https:\/\/erim.ief.hr\/keywording-european-irregularized-migration-regime\/attachment\/keywording-erim-11-4-2024-photo-marijana-hamersak-2\/\" class=\"wp-image-3529\" \/><\/figure>\n<\/li>\n<\/ul><figcaption class=\"blocks-gallery-caption\">Zagreb, Keywording 11-13. 4. 2024. Foto Bojan Mucko i Marijana Hamer\u0161ak<\/figcaption><\/figure>\n<p><!-- \/wp:gallery --><\/p>\n<p><!-- wp:paragraph {\"kioblocks\":[]} --><\/p>\n<p><!-- \/wp:paragraph --><\/p>\n","comment_info":"0","_links":{"self":[{"href":"https:\/\/erim.ief.hr\/en\/wp-json\/wp\/v2\/posts\/3611"}],"collection":[{"href":"https:\/\/erim.ief.hr\/en\/wp-json\/wp\/v2\/posts"}],"about":[{"href":"https:\/\/erim.ief.hr\/en\/wp-json\/wp\/v2\/types\/post"}],"author":[{"embeddable":true,"href":"https:\/\/erim.ief.hr\/en\/wp-json\/wp\/v2\/users\/2"}],"replies":[{"embeddable":true,"href":"https:\/\/erim.ief.hr\/en\/wp-json\/wp\/v2\/comments?post=3611"}],"version-history":[{"count":5,"href":"https:\/\/erim.ief.hr\/en\/wp-json\/wp\/v2\/posts\/3611\/revisions"}],"predecessor-version":[{"id":3640,"href":"https:\/\/erim.ief.hr\/en\/wp-json\/wp\/v2\/posts\/3611\/revisions\/3640"}],"wp:featuredmedia":[{"embeddable":true,"href":"https:\/\/erim.ief.hr\/en\/wp-json\/wp\/v2\/media\/3550"}],"wp:attachment":[{"href":"https:\/\/erim.ief.hr\/en\/wp-json\/wp\/v2\/media?parent=3611"}],"wp:term":[{"taxonomy":"category","embeddable":true,"href":"https:\/\/erim.ief.hr\/en\/wp-json\/wp\/v2\/categories?post=3611"},{"taxonomy":"post_tag","embeddable":true,"href":"https:\/\/erim.ief.hr\/en\/wp-json\/wp\/v2\/tags?post=3611"}],"curies":[{"name":"wp","href":"https:\/\/api.w.org\/{rel}","templated":true}]}}