{"id":3842,"date":"2026-04-29T09:22:12","date_gmt":"2026-04-29T07:22:12","guid":{"rendered":"https:\/\/erim.ief.hr\/?p=3842"},"modified":"2026-04-29T09:22:12","modified_gmt":"2026-04-29T07:22:12","slug":"knjiga-ive-plese-zica","status":"publish","type":"post","link":"https:\/\/erim.ief.hr\/en\/publikacije\/knjiga-ive-plese-zica\/","title":{"rendered":"Knjiga Ive Ple\u0161e \u017dica"},"content":{"rendered":"<p>U biblioteci Nova etnografija Instituta za etnologiju i folkloristiku objavljena je knjiga Ive Ple\u0161e <em><a href=\"https:\/\/www.ief.hr\/novosti\/zica-etnografija-naoruzanih-krajolika\/\" target=\"_blank\" rel=\"noopener\" title=\"\">\u017dica: etnografija naoru\u017eanih krajolika<\/a><\/em> (2026).<\/p>\n\n\n\n<p>IZ RECENZIJA<\/p>\n\n\n\n<p>Kroz dubinsku analizu fizi\u010dkih i diskurzivnih barijera autorica predstavlja odabrane relevantne aspekte transkontinentalnih izbjegli\u010dkih migracija tijekom posljednjega desetlje\u0107a. Imaju\u0107i u vidu da se terminologija ograde, barijere, kampa, nije razmatrala detaljno kao \u0161to donosi ova publikacija, a posebno u kontekstu naoru\u017eanoga krajolika i razli\u010ditih oblika dehumanizacije vezanih za iregularizirane migracije, knjiga predstavlja izvorni doprinos etnologiji te nudi kontekstualni okvir istra\u017eivanjima koja se provode u okviru drugih znanstvenih disciplina. Knjiga \u017dica pokazuje da naoru\u017eani krajolik nije samo prirodni krajolik pretvoren u oru\u017eje nego uklju\u010duje svaki \u201ckrajolik\u201d pretvoren u oru\u017eje \u2013 dio prirode ili izgra\u0111enoga svijeta. Osim analiti\u010dke snage studija ima izuzetnu dokumentacijsku komponentu u prikazu fenomena koji su obilje\u017eili razdoblje tijekom i nakon zatvaranja balkanskoga koridora.&nbsp;<\/p>\n\n\n\n<p>dr. sc. Margareta Gregurovi\u0107<br>Institut za istra\u017eivanje migracija u Zagrebu<\/p>\n\n\n\n<p>Knjiga \u017dica sustavno analizira razli\u010dite oblike barijera na migrantskim putevima, oslanjaju\u0107i se na koncept naoru\u017eanoga krajolika. Barijere se ne promatraju samo kao izolirani fizi\u010dki objekti ve\u0107 kao vi\u0161eslojni materijalni i diskurzivni elementi koji oblikuju suvremene re\u017eime nadzora, kontrole i isklju\u010denja \u2013 od prirodnih prepreka i \u017ei\u010danih ograda, preko kampova i detencijskih centara, do urbanih prostora privremene pomo\u0107i koji reproduciraju logiku granica u srcu grada. Istra\u017eiva\u010dki pristup ove knjige temelji se na mobilnoj i fragmentarnoj etnografiji, usmjerenoj ponajprije na prostore i objekte \u0161to ovu knjigu \u010dini svojevrsnom \u201cetnografijom bez ljudi\u201d \u2013 svjesno tako koncipiranom kako bi se ukazalo na procese dehumanizacije. Poseban doprinos knjige jest i analiza diskurzivnih barijera \u2013 na\u010dina na koji se kroz jezik animalizacije i eufemizacije oblikuju mentalni krajolici isklju\u010denja.&nbsp;<\/p>\n\n\n\n<p>dr. sc. Sanja Puljar D\u2019Alessio<br>Filozofski fakultet Sveu\u010dili\u0161ta u Rijeci&nbsp;<\/p>","protected":false},"excerpt":{"rendered":"<p>U biblioteci Nova etnografija Instituta za etnologiju i folkloristiku objavljena je knjiga Ive Ple\u0161e \u017dica: etnografija naoru\u017eanih krajolika (2026). IZ RECENZIJA Kroz dubinsku analizu fizi\u010dkih i diskurzivnih barijera autorica &hellip;<\/p>","protected":false},"author":2,"featured_media":0,"comment_status":"open","ping_status":"open","sticky":false,"template":"","format":"standard","meta":{"_monsterinsights_skip_tracking":false,"_monsterinsights_sitenote_active":false,"_monsterinsights_sitenote_note":"","_monsterinsights_sitenote_category":0,"kk_blocks_editor_width":"","_kiokenblocks_attr":"","_kiokenblocks_dimensions":""},"categories":[31,25],"tags":[],"aioseo_notices":[],"featured_image_src":" ","featured_image_src_square":" ","author_info":{"display_name":"Marijana Hamersak","author_link":"https:\/\/erim.ief.hr\/en\/author\/marijana\/"},"category_info":"<a href=\"https:\/\/erim.ief.hr\/en\/category\/publikacije\/poseban-broj-casopisa\/\" rel=\"category tag\">monografije i periodici<\/a>, <a href=\"https:\/\/erim.ief.hr\/en\/category\/publikacije\/\" rel=\"category tag\">publikacije<\/a>","tags_info":"","social_share_info":"<a data-share=\"facebook\" href=\"https:\/\/www.facebook.com\/sharer.php?u=https:\/\/erim.ief.hr\/en\/publikacije\/knjiga-ive-plese-zica\/\" class=\"tb-facebook-share social-share-default tb-social-share\" target=\"_blank\"><i class=\"fab fa-facebook-f\" aria-hidden=\"true\"><\/i><\/a><a data-share=\"twitter\" href=\"https:\/\/twitter.com\/share?url=https:\/\/erim.ief.hr\/en\/publikacije\/knjiga-ive-plese-zica\/\" class=\"tb-twiiter-share social-share-default tb-social-share\" target=\"_blank\"><i class=\"fab fa-twitter\" aria-hidden=\"true\"><\/i><\/a><a data-share=\"linkedin\" href=\"https:\/\/www.linkedin.com\/shareArticle?url=https:\/\/erim.ief.hr\/en\/publikacije\/knjiga-ive-plese-zica\/\" class=\"tb-linkedin-share social-share-default tb-social-share\" target=\"_blank\"><i class=\"fab fa-linkedin-in\" aria-hidden=\"true\"><\/i><\/a>","wordExcerpt_info":"<p><!-- wp:paragraph {\"kioblocks\":[]} --><\/p>\n<p>U biblioteci Nova etnografija Instituta za etnologiju i folkloristiku objavljena je knjiga Ive Ple\u0161e <em><a href=\"https:\/\/www.ief.hr\/novosti\/zica-etnografija-naoruzanih-krajolika\/\" target=\"_blank\" rel=\"noopener\" title=\"\">\u017dica: etnografija naoru\u017eanih krajolika<\/a><\/em> (2026).<\/p>\n<p><!-- \/wp:paragraph --><\/p>\n<p><!-- wp:paragraph {\"kioblocks\":[]} --><\/p>\n<p>IZ RECENZIJA<\/p>\n<p><!-- \/wp:paragraph --><\/p>\n<p><!-- wp:paragraph {\"kioblocks\":[]} --><\/p>\n<p>Kroz dubinsku analizu fizi\u010dkih i diskurzivnih barijera autorica predstavlja odabrane relevantne aspekte transkontinentalnih izbjegli\u010dkih migracija tijekom posljednjega desetlje\u0107a. Imaju\u0107i u vidu da se terminologija ograde, barijere, kampa, nije razmatrala detaljno kao \u0161to donosi ova publikacija, a posebno u kontekstu naoru\u017eanoga krajolika i razli\u010ditih oblika dehumanizacije vezanih za iregularizirane migracije, knjiga predstavlja izvorni doprinos etnologiji te nudi kontekstualni okvir istra\u017eivanjima koja se provode u okviru drugih znanstvenih disciplina. Knjiga \u017dica pokazuje da naoru\u017eani krajolik nije samo prirodni krajolik pretvoren u oru\u017eje nego uklju\u010duje svaki \u201ckrajolik\u201d pretvoren u oru\u017eje \u2013 dio prirode ili izgra\u0111enoga svijeta. Osim analiti\u010dke snage studija ima izuzetnu dokumentacijsku komponentu u prikazu fenomena koji su obilje\u017eili razdoblje tijekom i nakon zatvaranja balkanskoga koridora.&nbsp;<\/p>\n<p><!-- \/wp:paragraph --><\/p>\n<p><!-- wp:paragraph {\"kioblocks\":[]} --><\/p>\n<p>dr. sc. Margareta Gregurovi\u0107<br \/>Institut za istra\u017eivanje migracija u Zagrebu<\/p>\n<p><!-- \/wp:paragraph --><\/p>\n<p><!-- wp:paragraph {\"kioblocks\":[]} --><\/p>\n<p>Knjiga \u017dica sustavno analizira razli\u010dite oblike barijera na migrantskim putevima, oslanjaju\u0107i se na koncept naoru\u017eanoga krajolika. Barijere se ne promatraju samo kao izolirani fizi\u010dki objekti ve\u0107 kao vi\u0161eslojni materijalni i diskurzivni elementi koji oblikuju suvremene re\u017eime nadzora, kontrole i isklju\u010denja \u2013 od prirodnih prepreka i \u017ei\u010danih ograda, preko kampova i detencijskih centara, do urbanih prostora privremene pomo\u0107i koji reproduciraju logiku granica u srcu grada. Istra\u017eiva\u010dki pristup ove knjige temelji se na mobilnoj i fragmentarnoj etnografiji, usmjerenoj ponajprije na prostore i objekte \u0161to ovu knjigu \u010dini svojevrsnom \u201cetnografijom bez ljudi\u201d \u2013 svjesno tako koncipiranom kako bi se ukazalo na procese dehumanizacije. Poseban doprinos knjige jest i analiza diskurzivnih barijera \u2013 na\u010dina na koji se kroz jezik animalizacije i eufemizacije oblikuju mentalni krajolici isklju\u010denja.&nbsp;<\/p>\n<p><!-- \/wp:paragraph --><\/p>\n<p><!-- wp:paragraph {\"kioblocks\":[]} --><\/p>\n<p>dr. sc. Sanja Puljar D\u2019Alessio<br \/>Filozofski fakultet Sveu\u010dili\u0161ta u Rijeci&nbsp;<\/p>\n<p><!-- \/wp:paragraph --><\/p>\n","comment_info":"0","_links":{"self":[{"href":"https:\/\/erim.ief.hr\/en\/wp-json\/wp\/v2\/posts\/3842"}],"collection":[{"href":"https:\/\/erim.ief.hr\/en\/wp-json\/wp\/v2\/posts"}],"about":[{"href":"https:\/\/erim.ief.hr\/en\/wp-json\/wp\/v2\/types\/post"}],"author":[{"embeddable":true,"href":"https:\/\/erim.ief.hr\/en\/wp-json\/wp\/v2\/users\/2"}],"replies":[{"embeddable":true,"href":"https:\/\/erim.ief.hr\/en\/wp-json\/wp\/v2\/comments?post=3842"}],"version-history":[{"count":2,"href":"https:\/\/erim.ief.hr\/en\/wp-json\/wp\/v2\/posts\/3842\/revisions"}],"predecessor-version":[{"id":3844,"href":"https:\/\/erim.ief.hr\/en\/wp-json\/wp\/v2\/posts\/3842\/revisions\/3844"}],"wp:attachment":[{"href":"https:\/\/erim.ief.hr\/en\/wp-json\/wp\/v2\/media?parent=3842"}],"wp:term":[{"taxonomy":"category","embeddable":true,"href":"https:\/\/erim.ief.hr\/en\/wp-json\/wp\/v2\/categories?post=3842"},{"taxonomy":"post_tag","embeddable":true,"href":"https:\/\/erim.ief.hr\/en\/wp-json\/wp\/v2\/tags?post=3842"}],"curies":[{"name":"wp","href":"https:\/\/api.w.org\/{rel}","templated":true}]}}