{"id":902,"date":"2020-09-22T18:33:41","date_gmt":"2020-09-22T16:33:41","guid":{"rendered":"http:\/\/erim.ief.hr\/?p=902"},"modified":"2021-01-19T11:44:29","modified_gmt":"2021-01-19T10:44:29","slug":"the-frontier-within-the-european-border-regime-in-the-balkans","status":"publish","type":"post","link":"https:\/\/erim.ief.hr\/en\/publikacije\/the-frontier-within-the-european-border-regime-in-the-balkans\/","title":{"rendered":"Special Issue movements   \u2013 The Frontier Within: The European Border Regime in the Balkans"},"content":{"rendered":"<p>journal special issue <em>movements<\/em>, vol. 5, br. 1\/2020<\/p>\n\n\n\n<p>Open access: <strong><em><a rel=\"noreferrer noopener\" href=\"https:\/\/movements-journal.org\/issues\/08.balkanroute\/\" target=\"_blank\">The Frontier Within: The European Border Regime in the Balkans<\/a><\/em><\/strong><\/p>\n\n\n\n<p><em>uredili: Barbara Beznec, Marijana Hamer\u0161ak, Sabine Hess, Andrej Kurnik, Marc Speer, Marta Stoji\u0107 Mitrovi\u0107&nbsp;&nbsp;<\/em><\/p>\n\n\n\n<p class=\" translation-block\">On the fifth anniversary of an unprecedented break through the restrictive and repressive European border control regime, <em>movements: Journal for Critical Migration and Border Regime Studies <\/em>prepared a special issue dedicated to the historical rupture of the months of 2015 and 2016 and the ongoing developments of bordering policies and the struggles of migration. The special issue <strong><em>The Frontier within: The European Border Regime in the Balkans <\/strong><\/em>assembles a broad range of contributions that challenge dominant perceptions of the Balkans and the restrictive European border regime and engages in the critical analysis of its fundamental mechanisms, symbolic pillars and infrastructures. There is a direct line from the fire that ravaged the Moria refugee camp only 10 days ago to the escalating de-humanized conditions at the Balkans where several thousand people are stuck due to a European policy that has nothing to offer except deterrence, militarization und brutality. In this respect, also the upcoming so called \u201cnew migration pact\u201d by the EU commission will present the old recipe rendering the Balkan even more to a buffer zone.<\/p>\n\n\n\n<p class=\" translation-block\"><em>The Frontier within: The European Border Regime in the Balkans <\/em> gathers diverse formats of academic articles, reports, interviews, and essays. Some of the formats strive to find creative ways to circumvent the dominance of linear verbal explication and indulge in narrative fragments, interviews, maps, and graphs. All of the following contributions are grounded on extensive research, activist, volunteer or other involvement, demonstrating that everywhere there is also resistance, solidarity and a counter-knowledge-production.<\/p>\n\n\n\n<figure class=\"wp-block-image\"><a href=\"https:\/\/movements-journal.org\/issues\/08.balkanroute\/08.hromadzic--notes-from-the-field.html\"><img loading=\"lazy\" width=\"1024\" height=\"685\" src=\"https:\/\/erim.ief.hr\/wp-content\/uploads\/2020\/09\/A-Husjak-Partizansko-groblje-1024x685.jpg\" alt=\"\" class=\"wp-image-905\" srcset=\"https:\/\/erim.ief.hr\/wp-content\/uploads\/2020\/09\/A-Husjak-Partizansko-groblje-1024x685.jpg 1024w, https:\/\/erim.ief.hr\/wp-content\/uploads\/2020\/09\/A-Husjak-Partizansko-groblje-300x201.jpg 300w, https:\/\/erim.ief.hr\/wp-content\/uploads\/2020\/09\/A-Husjak-Partizansko-groblje-768x514.jpg 768w, https:\/\/erim.ief.hr\/wp-content\/uploads\/2020\/09\/A-Husjak-Partizansko-groblje-1536x1028.jpg 1536w, https:\/\/erim.ief.hr\/wp-content\/uploads\/2020\/09\/A-Husjak-Partizansko-groblje-18x12.jpg 18w, https:\/\/erim.ief.hr\/wp-content\/uploads\/2020\/09\/A-Husjak-Partizansko-groblje-600x400.jpg 600w, https:\/\/erim.ief.hr\/wp-content\/uploads\/2020\/09\/A-Husjak-Partizansko-groblje.jpg 2048w\" sizes=\"(max-width: 1024px) 100vw, 1024px\" \/><\/a><figcaption>Partizansko groblje, Biha\u0107. Fotografirao Amir Husak, 2018. iz Azra Hromad\u017ei\u0107 <a rel=\"noreferrer noopener\" href=\"https:\/\/movements-journal.org\/issues\/08.balkanroute\/08.hromadzic--notes-from-the-field.html\" target=\"_blank\">Notes from the field<\/a><\/figcaption><\/figure>\n\n\n\n<p><strong>Sadr\u017eaj:<\/strong><\/p>\n\n\n\n<p><strong>Marijana Hamer\u0161ak, Sabine Hess, Marc Speer, Marta Stoji\u0107 Mitrovi\u0107<\/strong>: The Forging of the Balkan Route. Contextualizing the Border Regime in the EU Periphery. Editorial<\/p>\n\n\n\n<p><strong>Barbara Beznec, Andrej Kurnik<\/strong>: Old Routes, New Perspectives. A Postcolonial Reading of the Balkan Route<\/p>\n\n\n\n<p><strong>Romana Pozniak<\/strong>: Affective Labor within the Local Humanitarian Workspace<\/p>\n\n\n\n<p><strong>Robert Rydzewski<\/strong>: Hope, Waiting, and Mobility. Migrant Movement in Serbia After The EU-Turkey Deal<\/p>\n\n\n\n<p><strong>C\u00e9line Cantat<\/strong>: The Rise and Fall of Migration Solidarity in Belgrade<\/p>\n\n\n\n<p><strong>Teodora Jovanovi\u0107<\/strong>: Transformations of Humanitarian Aid and Response Modes to Migration Movements. A Case Study of the Miksali\u0161te Center in Belgrade<\/p>\n\n\n\n<p><strong>Selma Banich<\/strong>: The Shining. From an Anonymous Wall to Madina Hussiny Square<\/p>\n\n\n\n<p><strong>Azra Hromad\u017ei\u0107<\/strong>: Notes from the Field. \u00bbMigrant Crisis\u00ab in Biha\u0107, Bosnia and Herzegovina<\/p>\n\n\n\n<p><strong>Patricia Artimova<\/strong>: A Volunteer\u00b4s Diary. We Did a Better Job in Serbia<\/p>\n\n\n\n<p><strong>PBM Collective<\/strong>: The Push-Back Map. Mapping Border Violence in Europe and Beyond \u2014 A Collective Self-Reflection<\/p>\n\n\n\n<p><strong>Cosima Zita Seichter, Miriam Ne\u00dfler, Paul Knopf<\/strong>: Mapping In-Betweenness. The Refugee District in Belgrade in the Context of Migration, Urban Development, and Border Regimes<\/p>\n\n\n\n<p><strong>Karolina Augustova, Jack Sapoch<\/strong>: Border Violence as Border Deterrence. Condensed Analysis of Violent Push-Backs from the Ground<\/p>\n\n\n\n<p><strong>Info Kolpa<\/strong>: Report on Illegal Practices of Collective Expulsion at the Slovenian-Croatian Border and Struggles Against It<\/p>\n\n\n\n<p><strong>Andrea Contenta<\/strong>: From Corridor to Encampment. Mapping EU Strategies of Containment in Serbia<\/p>\n\n\n\n<p><strong>Emina Bu\u017einki\u0107<\/strong>: Deported Man, Secured State. A Long Trajectory of a Deportation<\/p>\n\n\n\n<p>Special issue open access is available <a href=\"https:\/\/movements-journal.org\/issues\/08.balkanroute\/\" target=\"_blank\" rel=\"noreferrer noopener\">here.<\/a><\/p>\n\n\n\n<p>O \u010dasopisu<em>:<\/em><\/p>\n\n\n\n<p class=\" translation-block\"><em>The journal  <em> is dedicated to the movements of migration as well as the attempts to control and govern them.  <\/em>movements  <em> aims at promoting interdisciplinary migration and border regime studies intervening into the knowledge field of migration in a self-reflexive fashion and critical of power relations. As a forum for critical social research,  <\/em>movements <em> wishes to contribute to the development of an adequate understanding of the complex realities and power structures of migration and a substantiated critique of the current patterns of the government of migration. The content and strategic focus of the journal is closely related to that of the Network for Critical Migration and Border Regime Studies (kritnet). Its editorial work builds upon this relationship and the established structures of a collective knowledge production.  <\/em>movements  <em> features academic papers subjected to a collaborative peer review, but also early research reports, political, conceptual and methodological debates and interventions. The majority of its contributions are usually in German language. The journal is published on our open access website <\/em><a href=\"http:\/\/www.movements-journal.org\" target=\"_self\">www.movements-journal.org<\/a> <em> (CC BY-SA 4.0).<\/p>","protected":false},"excerpt":{"rendered":"<p>Poseban broj \u010dasopisa movements, vol. 5, br. 1\/2020 Otvoren pristup: The Frontier Within: The European Border Regime in the Balkans uredili: Barbara Beznec, Marijana Hamer\u0161ak, Sabine Hess, Andrej Kurnik, &hellip;<\/p>","protected":false},"author":2,"featured_media":905,"comment_status":"closed","ping_status":"closed","sticky":false,"template":"","format":"standard","meta":{"_monsterinsights_skip_tracking":false,"_monsterinsights_sitenote_active":false,"_monsterinsights_sitenote_note":"","_monsterinsights_sitenote_category":0,"kk_blocks_editor_width":"","_kiokenblocks_attr":"","_kiokenblocks_dimensions":""},"categories":[31,25],"tags":[],"aioseo_notices":[],"featured_image_src":"https:\/\/erim.ief.hr\/wp-content\/uploads\/2020\/09\/A-Husjak-Partizansko-groblje.jpg","featured_image_src_square":"https:\/\/erim.ief.hr\/wp-content\/uploads\/2020\/09\/A-Husjak-Partizansko-groblje.jpg","author_info":{"display_name":"Marijana Hamersak","author_link":"https:\/\/erim.ief.hr\/en\/author\/marijana\/"},"category_info":"<a href=\"https:\/\/erim.ief.hr\/en\/category\/publikacije\/poseban-broj-casopisa\/\" rel=\"category tag\">monografije i periodici<\/a>, <a href=\"https:\/\/erim.ief.hr\/en\/category\/publikacije\/\" rel=\"category tag\">publikacije<\/a>","tags_info":"","social_share_info":"<a data-share=\"facebook\" href=\"https:\/\/www.facebook.com\/sharer.php?u=https:\/\/erim.ief.hr\/en\/publikacije\/the-frontier-within-the-european-border-regime-in-the-balkans\/\" class=\"tb-facebook-share social-share-default tb-social-share\" target=\"_blank\"><i class=\"fab fa-facebook-f\" aria-hidden=\"true\"><\/i><\/a><a data-share=\"twitter\" href=\"https:\/\/twitter.com\/share?url=https:\/\/erim.ief.hr\/en\/publikacije\/the-frontier-within-the-european-border-regime-in-the-balkans\/\" class=\"tb-twiiter-share social-share-default tb-social-share\" target=\"_blank\"><i class=\"fab fa-twitter\" aria-hidden=\"true\"><\/i><\/a><a data-share=\"linkedin\" href=\"https:\/\/www.linkedin.com\/shareArticle?url=https:\/\/erim.ief.hr\/en\/publikacije\/the-frontier-within-the-european-border-regime-in-the-balkans\/\" class=\"tb-linkedin-share social-share-default tb-social-share\" target=\"_blank\"><i class=\"fab fa-linkedin-in\" aria-hidden=\"true\"><\/i><\/a>","wordExcerpt_info":"<p><!-- wp:paragraph --><\/p>\n<p>Poseban broj \u010dasopisa <em>movements<\/em>, vol. 5, br. 1\/2020<\/p>\n<p><!-- \/wp:paragraph --><\/p>\n<p><!-- wp:paragraph --><\/p>\n<p>Otvoren pristup: <strong><em><a rel=\"noreferrer noopener\" href=\"https:\/\/movements-journal.org\/issues\/08.balkanroute\/\" target=\"_blank\">The Frontier Within: The European Border Regime in the Balkans<\/a><\/em><\/strong><\/p>\n<p><!-- \/wp:paragraph --><\/p>\n<p><!-- wp:paragraph --><\/p>\n<p><em>uredili: Barbara Beznec, Marijana Hamer\u0161ak, Sabine Hess, Andrej Kurnik, Marc Speer, Marta Stoji\u0107 Mitrovi\u0107&nbsp;&nbsp;<\/em><\/p>\n<p><!-- \/wp:paragraph --><\/p>\n<p><!-- wp:paragraph --><\/p>\n<p>Na petu godi\u0161njicu proboja restriktivnog i represivnog europskog re\u017eima kontrole granica, <em>movements: Journal for Critical Migration and Border Regime Studies<\/em> objavljuje poseban broj posve\u0107en povijesnim mjesecima 2015. i 2016. godine, kao i grani\u010dnim politikama i migracijskim borbama koje su uslijedile. Posebno izdanje <strong><em>The Frontier Within: <\/em><\/strong><strong><em>The European Border Regime in the Balkans<\/em><\/strong> okuplja \u0161irok spektar priloga koji preispituju dominantne percepcije Balkana i restriktivnog europskog grani\u010dnog re\u017eima, iznose\u0107i kriti\u010dku analizu njegovih temeljnih mehanizama, simboli\u010dkih osnova i infrastrukture. Izravna je veza &nbsp;izme\u0111u vatre koja je prije desetak dana poharala izbjegli\u010dki kamp Moria i eskalacije ne\u010dovje\u010dnih uvjeta na Balkanu gdje je nekoliko tisu\u0107a ljudi zapelo zbog europske politike koja ne nudi ni\u0161ta drugo osim zastra\u0161ivanja, militarizacije i brutalnosti. U tom pogledu, i takozvani novi migracijski pakt koji najavljuje Europska komisija nastavak je dobro poznate politike pretvaranja Balkana u tamponsku zonu.<\/p>\n<p><!-- \/wp:paragraph --><\/p>\n<p><!-- wp:paragraph --><\/p>\n<p><em>The Frontier Within: The European Border Regime in the Balkans <\/em>donosi razli\u010dite priloge: &nbsp;akademske \u010dlanke, izvje\u0161taje, intervjue, intervencije i eseje. Neki od njih nastoje na kreativan na\u010din izbje\u0107i zamke linearnog, verbalnog izlaganja, okre\u0107u\u0107i se narativnim fragmentima, dijalo\u0161kim oblicima, mapama, grafikonima. Svi se oni temelje na dugotrajnim istra\u017eivanjima te aktivisti\u010dkim, volonterskim i drugim anga\u017emanima te pokazuju da su otpor, solidarnost i proizvodnja kontra-znanja svugdje oko nas.<\/p>\n<p><!-- \/wp:paragraph --><\/p>\n<p><!-- wp:image {\"id\":905} --><\/p>\n<figure class=\"wp-block-image\"><a href=\"https:\/\/movements-journal.org\/issues\/08.balkanroute\/08.hromadzic--notes-from-the-field.html\"><img loading=\"lazy\" width=\"1024\" height=\"685\" src=\"https:\/\/erim.ief.hr\/wp-content\/uploads\/2020\/09\/A-Husjak-Partizansko-groblje-1024x685.jpg\" alt=\"\" class=\"wp-image-905\" \/><\/a><figcaption>Partizansko groblje, Biha\u0107. Fotografirao Amir Husak, 2018. iz Azra Hromad\u017ei\u0107 <a rel=\"noreferrer noopener\" href=\"https:\/\/movements-journal.org\/issues\/08.balkanroute\/08.hromadzic--notes-from-the-field.html\" target=\"_blank\">Notes from the field<\/a><\/figcaption><\/figure>\n<p><!-- \/wp:image --><\/p>\n<p><!-- wp:paragraph --><\/p>\n<p><strong>Sadr\u017eaj:<\/strong><\/p>\n<p><!-- \/wp:paragraph --><\/p>\n<p><!-- wp:paragraph --><\/p>\n<p><strong>Marijana Hamer\u0161ak, Sabine Hess, Marc Speer, Marta Stoji\u0107 Mitrovi\u0107<\/strong>: The Forging of the Balkan Route. Contextualizing the Border Regime in the EU Periphery. Editorial<\/p>\n<p><!-- \/wp:paragraph --><\/p>\n<p><!-- wp:paragraph --><\/p>\n<p><strong>Barbara Beznec, Andrej Kurnik<\/strong>: Old Routes, New Perspectives. A Postcolonial Reading of the Balkan Route<\/p>\n<p><!-- \/wp:paragraph --><\/p>\n<p><!-- wp:paragraph --><\/p>\n<p><strong>Romana Pozniak<\/strong>: Affective Labor within the Local Humanitarian Workspace<\/p>\n<p><!-- \/wp:paragraph --><\/p>\n<p><!-- wp:paragraph --><\/p>\n<p><strong>Robert Rydzewski<\/strong>: Hope, Waiting, and Mobility. Migrant Movement in Serbia After The EU-Turkey Deal<\/p>\n<p><!-- \/wp:paragraph --><\/p>\n<p><!-- wp:paragraph --><\/p>\n<p><strong>C\u00e9line Cantat<\/strong>: The Rise and Fall of Migration Solidarity in Belgrade<\/p>\n<p><!-- \/wp:paragraph --><\/p>\n<p><!-- wp:paragraph --><\/p>\n<p><strong>Teodora Jovanovi\u0107<\/strong>: Transformations of Humanitarian Aid and Response Modes to Migration Movements. A Case Study of the Miksali\u0161te Center in Belgrade<\/p>\n<p><!-- \/wp:paragraph --><\/p>\n<p><!-- wp:paragraph --><\/p>\n<p><strong>Selma Banich<\/strong>: The Shining. From an Anonymous Wall to Madina Hussiny Square<\/p>\n<p><!-- \/wp:paragraph --><\/p>\n<p><!-- wp:paragraph --><\/p>\n<p><strong>Azra Hromad\u017ei\u0107<\/strong>: Notes from the Field. \u00bbMigrant Crisis\u00ab in Biha\u0107, Bosnia and Herzegovina<\/p>\n<p><!-- \/wp:paragraph --><\/p>\n<p><!-- wp:paragraph --><\/p>\n<p><strong>Patricia Artimova<\/strong>: A Volunteer\u00b4s Diary. We Did a Better Job in Serbia<\/p>\n<p><!-- \/wp:paragraph --><\/p>\n<p><!-- wp:paragraph --><\/p>\n<p><strong>PBM Collective<\/strong>: The Push-Back Map. Mapping Border Violence in Europe and Beyond \u2014 A Collective Self-Reflection<\/p>\n<p><!-- \/wp:paragraph --><\/p>\n<p><!-- wp:paragraph --><\/p>\n<p><strong>Cosima Zita Seichter, Miriam Ne\u00dfler, Paul Knopf<\/strong>: Mapping In-Betweenness. The Refugee District in Belgrade in the Context of Migration, Urban Development, and Border Regimes<\/p>\n<p><!-- \/wp:paragraph --><\/p>\n<p><!-- wp:paragraph --><\/p>\n<p><strong>Karolina Augustova, Jack Sapoch<\/strong>: Border Violence as Border Deterrence. Condensed Analysis of Violent Push-Backs from the Ground<\/p>\n<p><!-- \/wp:paragraph --><\/p>\n<p><!-- wp:paragraph --><\/p>\n<p><strong>Info Kolpa<\/strong>: Report on Illegal Practices of Collective Expulsion at the Slovenian-Croatian Border and Struggles Against It<\/p>\n<p><!-- \/wp:paragraph --><\/p>\n<p><!-- wp:paragraph --><\/p>\n<p><strong>Andrea Contenta<\/strong>: From Corridor to Encampment. Mapping EU Strategies of Containment in Serbia<\/p>\n<p><!-- \/wp:paragraph --><\/p>\n<p><!-- wp:paragraph --><\/p>\n<p><strong>Emina Bu\u017einki\u0107<\/strong>: Deported Man, Secured State. A Long Trajectory of a Deportation<\/p>\n<p><!-- \/wp:paragraph --><\/p>\n<p><!-- wp:paragraph --><\/p>\n<p>Poseban broj je u cijelosti dostupan <a href=\"https:\/\/movements-journal.org\/issues\/08.balkanroute\/\" target=\"_blank\" rel=\"noreferrer noopener\">ovdje.<\/a><\/p>\n<p><!-- \/wp:paragraph --><\/p>\n<p><!-- wp:paragraph --><\/p>\n<p>O \u010dasopisu<em>:<\/em><\/p>\n<p><!-- \/wp:paragraph --><\/p>\n<p><!-- wp:paragraph --><\/p>\n<p><em>\u010casopis <\/em>movements<em> posve\u0107en je migracijskim kretanjima, kao i poku\u0161ajima upravljanja i vladanja njima. Cilj \u010dasopisa <\/em>movements<em> je promicanju interdisciplinarnih studija migracija i re\u017eima granica koje interveniraju u podru\u010dje istra\u017eivanja migracija kroz autorefleksiju i kritiku odnosa mo\u0107i. Kao mjesto rasprave o kriti\u010dkim dru\u0161tvenim istra\u017eivanjima, <\/em>movements<em> \u017eeli pridonijeti stvaranju relevantnih uvida u kompleksne stvarnosti migracija i strukture mo\u0107i te utemeljenoj kritici aktualnih obrazaca upravljanja migracijama. Sadr\u017eaj i strate\u0161ki fokus \u010dasopisa usko su povezani s Mre\u017eom za kriti\u010dke studije migracija i re\u017eima granica (Netzwerks f\u00fcr kritische Migrations- und Grenzregimeforschung &#8211; kritnet). Uredni\u010dki rad \u010dasopisa temelji na toj vezi i uspostavljenim strukturama kolektivne proizvodnje znanja.<\/em> movements<em> donosi recenzirane znanstvene radove, ali i preliminarna izvje\u0161\u0107a o znanstvenim istra\u017eivanjima, politi\u010dke, konceptualne i metodolo\u0161ke rasprave i intervencije. Prilozi su ve\u0107inom na njema\u010dkom jeziku. \u010casopis je dostupan na web stranici <\/em><a href=\"http:\/\/www.movements-journal.org\">www.movements-journal.org<\/a> <em>u otvorenom pristupu (CC BY-SA 4.0).<\/em><\/p>\n<p><!-- \/wp:paragraph --><\/p>\n","comment_info":"0","_links":{"self":[{"href":"https:\/\/erim.ief.hr\/en\/wp-json\/wp\/v2\/posts\/902"}],"collection":[{"href":"https:\/\/erim.ief.hr\/en\/wp-json\/wp\/v2\/posts"}],"about":[{"href":"https:\/\/erim.ief.hr\/en\/wp-json\/wp\/v2\/types\/post"}],"author":[{"embeddable":true,"href":"https:\/\/erim.ief.hr\/en\/wp-json\/wp\/v2\/users\/2"}],"replies":[{"embeddable":true,"href":"https:\/\/erim.ief.hr\/en\/wp-json\/wp\/v2\/comments?post=902"}],"version-history":[{"count":6,"href":"https:\/\/erim.ief.hr\/en\/wp-json\/wp\/v2\/posts\/902\/revisions"}],"predecessor-version":[{"id":919,"href":"https:\/\/erim.ief.hr\/en\/wp-json\/wp\/v2\/posts\/902\/revisions\/919"}],"wp:featuredmedia":[{"embeddable":true,"href":"https:\/\/erim.ief.hr\/en\/wp-json\/wp\/v2\/media\/905"}],"wp:attachment":[{"href":"https:\/\/erim.ief.hr\/en\/wp-json\/wp\/v2\/media?parent=902"}],"wp:term":[{"taxonomy":"category","embeddable":true,"href":"https:\/\/erim.ief.hr\/en\/wp-json\/wp\/v2\/categories?post=902"},{"taxonomy":"post_tag","embeddable":true,"href":"https:\/\/erim.ief.hr\/en\/wp-json\/wp\/v2\/tags?post=902"}],"curies":[{"name":"wp","href":"https:\/\/api.w.org\/{rel}","templated":true}]}}