{"id":912,"date":"2020-09-22T19:27:24","date_gmt":"2020-09-22T17:27:24","guid":{"rendered":"http:\/\/erim.ief.hr\/?p=912"},"modified":"2021-01-19T11:42:45","modified_gmt":"2021-01-19T10:42:45","slug":"the-forging-of-the-balkan-route","status":"publish","type":"post","link":"https:\/\/erim.ief.hr\/en\/publikacije\/clanci\/the-forging-of-the-balkan-route\/","title":{"rendered":"The Forging of the Balkan Route"},"content":{"rendered":"<p>Marijana Hamer\u0161ak, Sabine Hess, Marc Speer, Marta Stoji\u0107 Mitrovi\u0107. 2020.  &#8220;The Forging of the Balkan Route: Contextualizing the Border Regime in the EU Periphery&#8221;. <em>movements: Journal for Critical Migration and Border Regime Studies<\/em> 5(1): 9-29. <a rel=\"noreferrer noopener\" href=\"https:\/\/movements-journal.org\/issues\/08.balkanroute\/01.hamersak,hess,stojic-mitrovic,speer--the-forging-of-the-balkan-route.html\" target=\"_blank\">Open access<\/a><\/p>\n\n\n\n<figure class=\"wp-block-image size-large\"><img loading=\"lazy\" width=\"1024\" height=\"1024\" src=\"https:\/\/erim.ief.hr\/wp-content\/uploads\/2020\/09\/Sunce-sija-jednako-za-sve.-Zagreb-2018.-Selma-1024x1024.jpg\" alt=\"\" class=\"wp-image-915\" srcset=\"https:\/\/erim.ief.hr\/wp-content\/uploads\/2020\/09\/Sunce-sija-jednako-za-sve.-Zagreb-2018.-Selma-1024x1024.jpg 1024w, https:\/\/erim.ief.hr\/wp-content\/uploads\/2020\/09\/Sunce-sija-jednako-za-sve.-Zagreb-2018.-Selma-300x300.jpg 300w, https:\/\/erim.ief.hr\/wp-content\/uploads\/2020\/09\/Sunce-sija-jednako-za-sve.-Zagreb-2018.-Selma-150x150.jpg 150w, https:\/\/erim.ief.hr\/wp-content\/uploads\/2020\/09\/Sunce-sija-jednako-za-sve.-Zagreb-2018.-Selma-768x768.jpg 768w, https:\/\/erim.ief.hr\/wp-content\/uploads\/2020\/09\/Sunce-sija-jednako-za-sve.-Zagreb-2018.-Selma-1536x1536.jpg 1536w, https:\/\/erim.ief.hr\/wp-content\/uploads\/2020\/09\/Sunce-sija-jednako-za-sve.-Zagreb-2018.-Selma.jpg 2048w, https:\/\/erim.ief.hr\/wp-content\/uploads\/2020\/09\/Sunce-sija-jednako-za-sve.-Zagreb-2018.-Selma-12x12.jpg 12w\" sizes=\"(max-width: 1024px) 100vw, 1024px\" \/><figcaption>The Sun Shines Equally for All. Fotografija Lea Horvat, 2018. Kola\u017e Selma Banich, 2020. Preuzeto iz Selma Banich. 2020. <a rel=\"noreferrer noopener\" href=\"https:\/\/movements-journal.org\/issues\/08.balkanroute\/07.banich--the-shining.html\" target=\"_blank\">The Shining.<\/a> <em>movements <\/em>5(1): 151-160.<\/figcaption><\/figure>\n\n\n\n<div class=\"wp-block-file\"><a href=\"https:\/\/erim.ief.hr\/wp-content\/uploads\/2021\/01\/2020-MH-SH-MS-MSM-The-forging-of-the-balkan-route-movements.pdf\">2020-MH-SH-MS-MSM-The-forging-of-the-balkan-route-movements<\/a><a href=\"https:\/\/erim.ief.hr\/wp-content\/uploads\/2021\/01\/2020-MH-SH-MS-MSM-The-forging-of-the-balkan-route-movements.pdf\" class=\"wp-block-file__button\" download>Preuzmi<\/a><\/div>","protected":false},"excerpt":{"rendered":"<p>Marijana Hamer\u0161ak, Sabine Hess, Marc Speer, Marta Stoji\u0107 Mitrovi\u0107. 2020. &#8220;The Forging of the Balkan Route: Contextualizing the Border Regime in the EU Periphery&#8221;. movements: Journal for Critical Migration &hellip;<\/p>","protected":false},"author":2,"featured_media":0,"comment_status":"open","ping_status":"open","sticky":false,"template":"","format":"standard","meta":{"_monsterinsights_skip_tracking":false,"_monsterinsights_sitenote_active":false,"_monsterinsights_sitenote_note":"","_monsterinsights_sitenote_category":0,"kk_blocks_editor_width":"","_kiokenblocks_attr":"","_kiokenblocks_dimensions":""},"categories":[25,13],"tags":[],"aioseo_notices":[],"featured_image_src":" ","featured_image_src_square":" ","author_info":{"display_name":"Marijana Hamersak","author_link":"https:\/\/erim.ief.hr\/en\/author\/marijana\/"},"category_info":"<a href=\"https:\/\/erim.ief.hr\/en\/category\/publikacije\/\" rel=\"category tag\">publikacije<\/a>, <a href=\"https:\/\/erim.ief.hr\/en\/category\/publikacije\/clanci\/\" rel=\"category tag\">znanstveni i stru\u010dni \u010dlanci<\/a>","tags_info":"","social_share_info":"<a data-share=\"facebook\" href=\"https:\/\/www.facebook.com\/sharer.php?u=https:\/\/erim.ief.hr\/en\/publikacije\/clanci\/the-forging-of-the-balkan-route\/\" class=\"tb-facebook-share social-share-default tb-social-share\" target=\"_blank\"><i class=\"fab fa-facebook-f\" aria-hidden=\"true\"><\/i><\/a><a data-share=\"twitter\" href=\"https:\/\/twitter.com\/share?url=https:\/\/erim.ief.hr\/en\/publikacije\/clanci\/the-forging-of-the-balkan-route\/\" class=\"tb-twiiter-share social-share-default tb-social-share\" target=\"_blank\"><i class=\"fab fa-twitter\" aria-hidden=\"true\"><\/i><\/a><a data-share=\"linkedin\" href=\"https:\/\/www.linkedin.com\/shareArticle?url=https:\/\/erim.ief.hr\/en\/publikacije\/clanci\/the-forging-of-the-balkan-route\/\" class=\"tb-linkedin-share social-share-default tb-social-share\" target=\"_blank\"><i class=\"fab fa-linkedin-in\" aria-hidden=\"true\"><\/i><\/a>","wordExcerpt_info":"<p><!-- wp:paragraph {\"kioblocks\":[]} --><\/p>\n<p>Marijana Hamer\u0161ak, Sabine Hess, Marc Speer, Marta Stoji\u0107 Mitrovi\u0107. 2020.  &#8220;The Forging of the Balkan Route: Contextualizing the Border Regime in the EU Periphery&#8221;. <em>movements: Journal for Critical Migration and Border Regime Studies<\/em> 5(1): 9-29. <a rel=\"noreferrer noopener\" href=\"https:\/\/movements-journal.org\/issues\/08.balkanroute\/01.hamersak,hess,stojic-mitrovic,speer--the-forging-of-the-balkan-route.html\" target=\"_blank\">Open access<\/a><\/p>\n<p><!-- \/wp:paragraph --><\/p>\n<p><!-- wp:image {\"id\":915,\"sizeSlug\":\"large\",\"kioblocks\":[]} --><\/p>\n<figure class=\"wp-block-image size-large\"><img loading=\"lazy\" width=\"1024\" height=\"1024\" src=\"https:\/\/erim.ief.hr\/wp-content\/uploads\/2020\/09\/Sunce-sija-jednako-za-sve.-Zagreb-2018.-Selma-1024x1024.jpg\" alt=\"\" class=\"wp-image-915\" \/><figcaption>The Sun Shines Equally for All. Fotografija Lea Horvat, 2018. Kola\u017e Selma Banich, 2020. Preuzeto iz Selma Banich. 2020. <a rel=\"noreferrer noopener\" href=\"https:\/\/movements-journal.org\/issues\/08.balkanroute\/07.banich--the-shining.html\" target=\"_blank\">The Shining.<\/a> <em>movements <\/em>5(1): 151-160.<\/figcaption><\/figure>\n<p><!-- \/wp:image --><\/p>\n<p><!-- wp:file {\"id\":1558,\"href\":\"https:\\\/\\\/erim.ief.hr\\\/wp-content\\\/uploads\\\/2021\\\/01\\\/2020-MH-SH-MS-MSM-The-forging-of-the-balkan-route-movements.pdf\",\"kioblocks\":[]} --><\/p>\n<div class=\"wp-block-file\"><a href=\"https:\/\/erim.ief.hr\/wp-content\/uploads\/2021\/01\/2020-MH-SH-MS-MSM-The-forging-of-the-balkan-route-movements.pdf\">2020-MH-SH-MS-MSM-The-forging-of-the-balkan-route-movements<\/a><a href=\"https:\/\/erim.ief.hr\/wp-content\/uploads\/2021\/01\/2020-MH-SH-MS-MSM-The-forging-of-the-balkan-route-movements.pdf\" class=\"wp-block-file__button\" download>Preuzmi<\/a><\/div>\n<p><!-- \/wp:file --><\/p>\n","comment_info":"0","_links":{"self":[{"href":"https:\/\/erim.ief.hr\/en\/wp-json\/wp\/v2\/posts\/912"}],"collection":[{"href":"https:\/\/erim.ief.hr\/en\/wp-json\/wp\/v2\/posts"}],"about":[{"href":"https:\/\/erim.ief.hr\/en\/wp-json\/wp\/v2\/types\/post"}],"author":[{"embeddable":true,"href":"https:\/\/erim.ief.hr\/en\/wp-json\/wp\/v2\/users\/2"}],"replies":[{"embeddable":true,"href":"https:\/\/erim.ief.hr\/en\/wp-json\/wp\/v2\/comments?post=912"}],"version-history":[{"count":4,"href":"https:\/\/erim.ief.hr\/en\/wp-json\/wp\/v2\/posts\/912\/revisions"}],"predecessor-version":[{"id":1559,"href":"https:\/\/erim.ief.hr\/en\/wp-json\/wp\/v2\/posts\/912\/revisions\/1559"}],"wp:attachment":[{"href":"https:\/\/erim.ief.hr\/en\/wp-json\/wp\/v2\/media?parent=912"}],"wp:term":[{"taxonomy":"category","embeddable":true,"href":"https:\/\/erim.ief.hr\/en\/wp-json\/wp\/v2\/categories?post=912"},{"taxonomy":"post_tag","embeddable":true,"href":"https:\/\/erim.ief.hr\/en\/wp-json\/wp\/v2\/tags?post=912"}],"curies":[{"name":"wp","href":"https:\/\/api.w.org\/{rel}","templated":true}]}}