{"id":966,"date":"2020-10-15T13:34:30","date_gmt":"2020-10-15T11:34:30","guid":{"rendered":"http:\/\/erim.ief.hr\/?p=966"},"modified":"2020-10-15T13:38:31","modified_gmt":"2020-10-15T11:38:31","slug":"konferencija-past-present-future-2020-the-impenetrable-barriers-borders-and-migration-in-history","status":"publish","type":"post","link":"https:\/\/erim.ief.hr\/en\/predavanja-i-tribine\/konferencije\/konferencija-past-present-future-2020-the-impenetrable-barriers-borders-and-migration-in-history\/","title":{"rendered":"Konferencija Past, Present, Future 2020  The (Im)Penetrable Barriers: Borders and Migration in History"},"content":{"rendered":"<p>Dr. sc. Marijana Hamer\u0161ak sudjelovala je s izlaganjem <em>Pushbacks: Historical Perspective<\/em>  na konferenciji  Sveu\u010dili\u0161ta u Puli Past, Present, Future 2020 <a rel=\"noreferrer noopener\" href=\"https:\/\/ffpu.unipu.hr\/past-present-future-2020\" target=\"_blank\">The (Im)Penetrable Barriers: Borders and Migration in History<\/a> odr\u017eanoj online 15-17. listopada 2020.<\/p>\n\n\n\n<div class=\"wp-block-file\"><a href=\"https:\/\/erim.ief.hr\/wp-content\/uploads\/2020\/10\/Pushbacks-Historical-perspective-2020.pptx.pdf\">Pushbacks-Historical-perspective-2020.pptx<\/a><a href=\"https:\/\/erim.ief.hr\/wp-content\/uploads\/2020\/10\/Pushbacks-Historical-perspective-2020.pptx.pdf\" class=\"wp-block-file__button\" download>Preuzmi<\/a><\/div>\n\n\n\n<figure class=\"wp-block-image size-large\"><img loading=\"lazy\" width=\"1014\" height=\"346\" src=\"https:\/\/erim.ief.hr\/wp-content\/uploads\/2020\/10\/c44b612a6cf992b530a59ab736ab51d11602508603.png\" alt=\"\" class=\"wp-image-969\" srcset=\"https:\/\/erim.ief.hr\/wp-content\/uploads\/2020\/10\/c44b612a6cf992b530a59ab736ab51d11602508603.png 1014w, https:\/\/erim.ief.hr\/wp-content\/uploads\/2020\/10\/c44b612a6cf992b530a59ab736ab51d11602508603-300x102.png 300w, https:\/\/erim.ief.hr\/wp-content\/uploads\/2020\/10\/c44b612a6cf992b530a59ab736ab51d11602508603-768x262.png 768w, https:\/\/erim.ief.hr\/wp-content\/uploads\/2020\/10\/c44b612a6cf992b530a59ab736ab51d11602508603-18x6.png 18w\" sizes=\"(max-width: 1014px) 100vw, 1014px\" \/><\/figure>","protected":false},"excerpt":{"rendered":"<p>Dr. sc. Marijana Hamer\u0161ak sudjelovala je s izlaganjem Pushbacks: Historical Perspective na konferenciji Sveu\u010dili\u0161ta u Puli Past, Present, Future 2020 The (Im)Penetrable Barriers: Borders and Migration in History odr\u017eanoj &hellip;<\/p>","protected":false},"author":2,"featured_media":0,"comment_status":"open","ping_status":"open","sticky":false,"template":"","format":"standard","meta":{"_monsterinsights_skip_tracking":false,"_monsterinsights_sitenote_active":false,"_monsterinsights_sitenote_note":"","_monsterinsights_sitenote_category":0,"kk_blocks_editor_width":"","_kiokenblocks_attr":"","_kiokenblocks_dimensions":""},"categories":[5],"tags":[],"aioseo_notices":[],"featured_image_src":" ","featured_image_src_square":" ","author_info":{"display_name":"Marijana Hamersak","author_link":"https:\/\/erim.ief.hr\/en\/author\/marijana\/"},"category_info":"<a href=\"https:\/\/erim.ief.hr\/en\/category\/predavanja-i-tribine\/konferencije\/\" rel=\"category tag\">znanstvene konferencije<\/a>","tags_info":"","social_share_info":"<a data-share=\"facebook\" href=\"https:\/\/www.facebook.com\/sharer.php?u=https:\/\/erim.ief.hr\/en\/predavanja-i-tribine\/konferencije\/konferencija-past-present-future-2020-the-impenetrable-barriers-borders-and-migration-in-history\/\" class=\"tb-facebook-share social-share-default tb-social-share\" target=\"_blank\"><i class=\"fab fa-facebook-f\" aria-hidden=\"true\"><\/i><\/a><a data-share=\"twitter\" href=\"https:\/\/twitter.com\/share?url=https:\/\/erim.ief.hr\/en\/predavanja-i-tribine\/konferencije\/konferencija-past-present-future-2020-the-impenetrable-barriers-borders-and-migration-in-history\/\" class=\"tb-twiiter-share social-share-default tb-social-share\" target=\"_blank\"><i class=\"fab fa-twitter\" aria-hidden=\"true\"><\/i><\/a><a data-share=\"linkedin\" href=\"https:\/\/www.linkedin.com\/shareArticle?url=https:\/\/erim.ief.hr\/en\/predavanja-i-tribine\/konferencije\/konferencija-past-present-future-2020-the-impenetrable-barriers-borders-and-migration-in-history\/\" class=\"tb-linkedin-share social-share-default tb-social-share\" target=\"_blank\"><i class=\"fab fa-linkedin-in\" aria-hidden=\"true\"><\/i><\/a>","wordExcerpt_info":"<p><!-- wp:paragraph --><\/p>\n<p>Dr. sc. Marijana Hamer\u0161ak sudjelovala je s izlaganjem <em>Pushbacks: Historical Perspective<\/em>  na konferenciji  Sveu\u010dili\u0161ta u Puli Past, Present, Future 2020 <a rel=\"noreferrer noopener\" href=\"https:\/\/ffpu.unipu.hr\/past-present-future-2020\" target=\"_blank\">The (Im)Penetrable Barriers: Borders and Migration in History<\/a> odr\u017eanoj online 15-17. listopada 2020.<\/p>\n<p><!-- \/wp:paragraph --><\/p>\n<p><!-- wp:file {\"id\":967,\"href\":\"https:\\\/\\\/erim.ief.hr\\\/wp-content\\\/uploads\\\/2020\\\/10\\\/Pushbacks-Historical-perspective-2020.pptx.pdf\"} --><\/p>\n<div class=\"wp-block-file\"><a href=\"https:\/\/erim.ief.hr\/wp-content\/uploads\/2020\/10\/Pushbacks-Historical-perspective-2020.pptx.pdf\">Pushbacks-Historical-perspective-2020.pptx<\/a><a href=\"https:\/\/erim.ief.hr\/wp-content\/uploads\/2020\/10\/Pushbacks-Historical-perspective-2020.pptx.pdf\" class=\"wp-block-file__button\" download>Preuzmi<\/a><\/div>\n<p><!-- \/wp:file --><\/p>\n<p><!-- wp:image {\"id\":969,\"sizeSlug\":\"large\"} --><\/p>\n<figure class=\"wp-block-image size-large\"><img loading=\"lazy\" width=\"1014\" height=\"346\" src=\"https:\/\/erim.ief.hr\/wp-content\/uploads\/2020\/10\/c44b612a6cf992b530a59ab736ab51d11602508603.png\" alt=\"\" class=\"wp-image-969\" \/><\/figure>\n<p><!-- \/wp:image --><\/p>\n","comment_info":"0","_links":{"self":[{"href":"https:\/\/erim.ief.hr\/en\/wp-json\/wp\/v2\/posts\/966"}],"collection":[{"href":"https:\/\/erim.ief.hr\/en\/wp-json\/wp\/v2\/posts"}],"about":[{"href":"https:\/\/erim.ief.hr\/en\/wp-json\/wp\/v2\/types\/post"}],"author":[{"embeddable":true,"href":"https:\/\/erim.ief.hr\/en\/wp-json\/wp\/v2\/users\/2"}],"replies":[{"embeddable":true,"href":"https:\/\/erim.ief.hr\/en\/wp-json\/wp\/v2\/comments?post=966"}],"version-history":[{"count":2,"href":"https:\/\/erim.ief.hr\/en\/wp-json\/wp\/v2\/posts\/966\/revisions"}],"predecessor-version":[{"id":971,"href":"https:\/\/erim.ief.hr\/en\/wp-json\/wp\/v2\/posts\/966\/revisions\/971"}],"wp:attachment":[{"href":"https:\/\/erim.ief.hr\/en\/wp-json\/wp\/v2\/media?parent=966"}],"wp:term":[{"taxonomy":"category","embeddable":true,"href":"https:\/\/erim.ief.hr\/en\/wp-json\/wp\/v2\/categories?post=966"},{"taxonomy":"post_tag","embeddable":true,"href":"https:\/\/erim.ief.hr\/en\/wp-json\/wp\/v2\/tags?post=966"}],"curies":[{"name":"wp","href":"https:\/\/api.w.org\/{rel}","templated":true}]}}